{"id":28389,"date":"2021-11-23T11:38:02","date_gmt":"2021-11-23T11:38:02","guid":{"rendered":"http:\/\/historiografija.hr\/?p=28389"},"modified":"2021-11-23T11:38:02","modified_gmt":"2021-11-23T11:38:02","slug":"conference-memories-of-intolerance-religious-violence-and-hate-speech-in-nineteenth-century-europe","status":"publish","type":"post","link":"https:\/\/historiografija.hr\/?p=28389","title":{"rendered":"Conference &#8220;Memories of intolerance. Religious violence and hate-speech in nineteenth-century Europe&#8221;"},"content":{"rendered":"\n<p>Establishing a framework for coexistence between different religions and cultures is one of the most significant challenges facing contemporary societies. Religious violence and discourses of hate have historically hindered the implementation of measures of tolerance and, later, religious freedom. The aim of this conference is to look at how these manifestations of religious intransigence limited the effectiveness of these measures of coexistence. To this end, we will focus on the role played by the memory of intransigence \u2013 victims, perpetrators, and processes \u2013 in the nineteenth-century debates on the role of religion in public sphere. The discussion will focus on three geographical spaces \u2013 Europe, Spain and Aragon \u2013 paying special attention to the controversial memory of the first inquisitor of Aragon, Pedro Arbu\u00e9s, perpetrator and victim of religious violence.<\/p>\n\n\n\n<p><strong>Programm<\/strong><\/p>\n\n\n\n<p><strong>WEDNESDAY, NOVEMBER 24TH 2021<\/strong><\/p>\n\n\n\n<p><em>Morning<\/em><\/p>\n\n\n\n<p>Aula de la Instituci\u00f3n \u201eFernando el Cat\u00f3lico\u201c<\/p>\n\n\n\n<p>09:00 h Welcome<\/p>\n\n\n\n<p><em>PANEL Memories of intransigence and religious violence in Europe<\/em><\/p>\n\n\n\n<p>09:15 h Valentine Zuber (\u00c9cole pratique des hautes \u00e9tudes): Servet\u2019s memory as the symbol of Christian intolerance<\/p>\n\n\n\n<p>10:00 h Eveline G. Bouwers (Leibniz-Institut f\u00fcr Europ\u00e4ische Geschichte) The long shadow of the Eighty Years\u2019 War: memory, pluralism and conflict in the Modern Low Countries<\/p>\n\n\n\n<p>10:45 h Discussion<\/p>\n\n\n\n<p>11:00 h Coffee Break<\/p>\n\n\n\n<p>11:45 h G\u00e9raldine Vaughan (Universit\u00e9 de Rouen) Catholic violence in anti-Catholic British discourse in the nineteenth century<\/p>\n\n\n\n<p>12:30 h Ignazio Veca (Universit\u00e0 di Pisa) The crusade between memorial activation and reenactment: sacrifice, war and the brutalization of enemy in the nineteenth century<\/p>\n\n\n\n<p>13:15 h Discussion<\/p>\n\n\n\n<p><em>AFTERNOON<\/em><\/p>\n\n\n\n<p>Sal\u00f3n de actos de la Biblioteca \u201eMar\u00eda Moliner\u201c, Facultad de Filosof\u00eda y Letras, Universidad de Zaragoza<\/p>\n\n\n\n<p>16:00 h Olaf Blaschke (WWU M\u00fcnster) Memory in anti-Judaism and modern antisemitism: German catholic mentalities between 1870 and 1945<\/p>\n\n\n\n<p>16:45 h Francisco Javier Ram\u00f3n Solans (Universidad de Zaragoza) Remembering catholic martyrs. Religious intransigence and defense of the papacy in 1867<\/p>\n\n\n\n<p>17:30 h Coffee Break<\/p>\n\n\n\n<p><em>PANEL Between perpetrator and victim: the inquisitor and martyr Pedro Arbues<\/em><\/p>\n\n\n\n<p>17:45 h Eliseo Serrano (Universidad de Zaragoza) La beatificaci\u00f3n de Pedro Arbu\u00e9s en la Espa\u00f1a moderna<\/p>\n\n\n\n<p>18:30h Joseba Louzao (Universidad de Alcal\u00e1 de Henares) Entre la santidad y la naci\u00f3n. Imagen y memoria de Pedro Arbu\u00e9s en la Espa\u00f1a contempor\u00e1nea<\/p>\n\n\n\n<p>19:15h Discussion<\/p>\n\n\n\n<p><strong>THURSDAY, NOVEMBER 25TH 2021<\/strong><\/p>\n\n\n\n<p><em>Morning<\/em><\/p>\n\n\n\n<p>Sal\u00f3n de actos de la Biblioteca \u201eMar\u00eda Moliner\u201c, Facultad de Filosof\u00eda y Letras, Universidad de Zaragoza<\/p>\n\n\n\n<p><em>PANEL Religious violence and integralist nationalism in Spain<\/em><\/p>\n\n\n\n<p>09:00 h Xavier Andreu (Universidad de Valencia) The limits of tolerance. Remembering the religious policies of the Catholic monarchs in nineteenth-century Spain<\/p>\n\n\n\n<p>09:45 h Juan Pablo Dom\u00ednguez (Universidad de Navarra) La intolerancia espa\u00f1ola en el relato nacional decimon\u00f3nico<\/p>\n\n\n\n<p>10:30 h Discussion<\/p>\n\n\n\n<p>10:45 h Coffee Break<\/p>\n\n\n\n<p>11:00 h Pablo Bornstein (Universidad Complutense de Madrid): Rethinking the semitic: the impact on Jewish and Muslim Spain and its impact on the Restoration\u2019s national debates<\/p>\n\n\n\n<p>11:45 h Daniel Mu\u00f1oz Sempere (Universidad de C\u00e1diz) El feri de Benastepar, by Miguel Hu\u00e9 y Camacho, and the second life of the Moorish novel<\/p>\n\n\n\n<p>12:30 h Discussion<\/p>\n\n\n\n<p>13:00 h Conclusions<\/p>\n\n\n\n<p>24 November\u2019s morning session will be streamed live on the youtube channel of the Instituci\u00f3n \u201eFernando el Cat\u00f3lico\u201c: <a href=\"https:\/\/www.youtube.com\/channel\/UCPhbeq0bTvLtffpHB3p74Kw\" target=\"_blank\" rel=\"noreferrer noopener\">https:\/\/www.youtube.com\/channel\/UCPhbeq0bTvLtffpHB3p74Kw<\/a><\/p>\n\n\n\n<p>The rest of the sessions will be streamed live through the link: <a href=\"https:\/\/meet.google.com\/hqo-txyn-jwy\" target=\"_blank\" rel=\"noreferrer noopener\">https:\/\/meet.google.com\/hqo-txyn-jwy<\/a><\/p>\n\n\n\n<p>Please contact fjramon@unizar.es to follow the sessions online.<\/p>\n\n\n\n<hr class=\"wp-block-separator\"\/>\n\n\n\n<p><a href=\"https:\/\/ifc.dpz.es\/actividades\/anuncios\">https:\/\/ifc.dpz.es\/actividades\/anuncios<\/a><\/p>\n\n\n\n<hr class=\"wp-block-separator\"\/>\n\n\n\n<p><a href=\"https:\/\/www.hsozkult.de\/event\/id\/event-113955\">https:\/\/www.hsozkult.de\/event\/id\/event-113955<\/a><\/p>\n\n\n\n<hr class=\"wp-block-separator\"\/>\n","protected":false},"excerpt":{"rendered":"","protected":false},"author":2,"featured_media":28390,"comment_status":"open","ping_status":"open","sticky":false,"template":"","format":"standard","meta":{"_acf_changed":false,"jetpack_post_was_ever_published":false,"_jetpack_newsletter_access":"","_jetpack_dont_email_post_to_subs":false,"_jetpack_newsletter_tier_id":0,"_jetpack_memberships_contains_paywalled_content":false,"_jetpack_memberships_contains_paid_content":false,"footnotes":"","jetpack_publicize_message":"","jetpack_publicize_feature_enabled":true,"jetpack_social_post_already_shared":true,"jetpack_social_options":{"image_generator_settings":{"template":"highway","default_image_id":0,"font":"","enabled":false},"version":2}},"categories":[3,9],"tags":[],"class_list":["post-28389","post","type-post","status-publish","format-standard","has-post-thumbnail","hentry","category-novosti","category-skupovi"],"acf":{"facebook_opis":""},"jetpack_publicize_connections":[],"jetpack_featured_media_url":"https:\/\/i0.wp.com\/historiografija.hr\/wp-content\/uploads\/2021\/11\/Intolerancia.jpg?fit=1448%2C2048&ssl=1","jetpack_sharing_enabled":true,"jetpack-related-posts":[],"_links":{"self":[{"href":"https:\/\/historiografija.hr\/index.php?rest_route=\/wp\/v2\/posts\/28389","targetHints":{"allow":["GET"]}}],"collection":[{"href":"https:\/\/historiografija.hr\/index.php?rest_route=\/wp\/v2\/posts"}],"about":[{"href":"https:\/\/historiografija.hr\/index.php?rest_route=\/wp\/v2\/types\/post"}],"author":[{"embeddable":true,"href":"https:\/\/historiografija.hr\/index.php?rest_route=\/wp\/v2\/users\/2"}],"replies":[{"embeddable":true,"href":"https:\/\/historiografija.hr\/index.php?rest_route=%2Fwp%2Fv2%2Fcomments&post=28389"}],"version-history":[{"count":1,"href":"https:\/\/historiografija.hr\/index.php?rest_route=\/wp\/v2\/posts\/28389\/revisions"}],"predecessor-version":[{"id":28391,"href":"https:\/\/historiografija.hr\/index.php?rest_route=\/wp\/v2\/posts\/28389\/revisions\/28391"}],"wp:featuredmedia":[{"embeddable":true,"href":"https:\/\/historiografija.hr\/index.php?rest_route=\/wp\/v2\/media\/28390"}],"wp:attachment":[{"href":"https:\/\/historiografija.hr\/index.php?rest_route=%2Fwp%2Fv2%2Fmedia&parent=28389"}],"wp:term":[{"taxonomy":"category","embeddable":true,"href":"https:\/\/historiografija.hr\/index.php?rest_route=%2Fwp%2Fv2%2Fcategories&post=28389"},{"taxonomy":"post_tag","embeddable":true,"href":"https:\/\/historiografija.hr\/index.php?rest_route=%2Fwp%2Fv2%2Ftags&post=28389"}],"curies":[{"name":"wp","href":"https:\/\/api.w.org\/{rel}","templated":true}]}}