{"id":28376,"date":"2021-11-22T16:27:05","date_gmt":"2021-11-22T16:27:05","guid":{"rendered":"http:\/\/historiografija.hr\/?p=28376"},"modified":"2021-11-22T16:27:05","modified_gmt":"2021-11-22T16:27:05","slug":"izlozba-fotografija-milosa-cvetkovica-sloboda-do-temelja","status":"publish","type":"post","link":"https:\/\/historiografija.hr\/?p=28376","title":{"rendered":"Izlo\u017eba fotografija Milo\u0161a Cvetkovi\u0107a &#8220;Sloboda do temelja&#8221;"},"content":{"rendered":"\n<p>Izlo\u017eba fotografija Milo\u0161a Cvetkovi\u0107a &#8220;Sloboda do temelja&#8221;, koje dokumentiraju rat u Vukovaru 1991. godine, otvorena je u petak nave\u010der u beogradskoj galeriji &#8220;End\u017eio HAB&#8221;, gdje \u0107e biti postavljena do 23. novembra. Izlo\u017eba predstavlja izbor Cvetkovi\u0107evih fotografija objavljenih u njegovoj fotomonografiji &#8220;Sloboda do temelja&#8221; (2021), koja je sino\u0107 promovirana u izdanju beogradskog predstavni\u0161tva njema\u010dke organizacije Forum ZFD.<\/p>\n\n\n\n<hr class=\"wp-block-separator\"\/>\n\n\n\n<p>Izvor i dodatne informacije:<\/p>\n\n\n\n<p><a href=\"https:\/\/www.portalnovosti.com\/samo-su-mrtvi-docekali-kraj-rata\">https:\/\/www.portalnovosti.com\/samo-su-mrtvi-docekali-kraj-rata<\/a><\/p>\n\n\n\n<p><a href=\"https:\/\/www.danas.rs\/kultura\/fotografije-iz-vukovara-na-kojima-je-uhvaceno-ljudsko-zlo\/\">https:\/\/www.danas.rs\/kultura\/fotografije-iz-vukovara-na-kojima-je-uhvaceno-ljudsko-zlo\/<\/a><\/p>\n\n\n\n<p><a href=\"https:\/\/www.blic.rs\/kultura\/vesti\/rat-je-strah-bol-smrt-tuga-ne-treba-se-radovati-na-povike-idemo-u-boj-otvorena\/93417hq\">https:\/\/www.blic.rs\/kultura\/vesti\/rat-je-strah-bol-smrt-tuga-ne-treba-se-radovati-na-povike-idemo-u-boj-otvorena\/93417hq<\/a><\/p>\n\n\n\n<hr class=\"wp-block-separator\"\/>\n","protected":false},"excerpt":{"rendered":"","protected":false},"author":2,"featured_media":28377,"comment_status":"open","ping_status":"open","sticky":false,"template":"","format":"standard","meta":{"_acf_changed":false,"jetpack_post_was_ever_published":false,"_jetpack_newsletter_access":"","_jetpack_dont_email_post_to_subs":false,"_jetpack_newsletter_tier_id":0,"_jetpack_memberships_contains_paywalled_content":false,"_jetpack_memberships_contains_paid_content":false,"footnotes":"","jetpack_publicize_message":"","jetpack_publicize_feature_enabled":true,"jetpack_social_post_already_shared":true,"jetpack_social_options":{"image_generator_settings":{"template":"highway","default_image_id":0,"font":"","enabled":false},"version":2}},"categories":[10,3],"tags":[],"class_list":["post-28376","post","type-post","status-publish","format-standard","has-post-thumbnail","hentry","category-izlozbe","category-novosti"],"acf":{"facebook_opis":""},"jetpack_publicize_connections":[],"jetpack_featured_media_url":"https:\/\/i0.wp.com\/historiografija.hr\/wp-content\/uploads\/2021\/11\/izlozba_cvetkovic.jpg?fit=1200%2C750&ssl=1","jetpack_sharing_enabled":true,"jetpack-related-posts":[],"_links":{"self":[{"href":"https:\/\/historiografija.hr\/index.php?rest_route=\/wp\/v2\/posts\/28376","targetHints":{"allow":["GET"]}}],"collection":[{"href":"https:\/\/historiografija.hr\/index.php?rest_route=\/wp\/v2\/posts"}],"about":[{"href":"https:\/\/historiografija.hr\/index.php?rest_route=\/wp\/v2\/types\/post"}],"author":[{"embeddable":true,"href":"https:\/\/historiografija.hr\/index.php?rest_route=\/wp\/v2\/users\/2"}],"replies":[{"embeddable":true,"href":"https:\/\/historiografija.hr\/index.php?rest_route=%2Fwp%2Fv2%2Fcomments&post=28376"}],"version-history":[{"count":1,"href":"https:\/\/historiografija.hr\/index.php?rest_route=\/wp\/v2\/posts\/28376\/revisions"}],"predecessor-version":[{"id":28378,"href":"https:\/\/historiografija.hr\/index.php?rest_route=\/wp\/v2\/posts\/28376\/revisions\/28378"}],"wp:featuredmedia":[{"embeddable":true,"href":"https:\/\/historiografija.hr\/index.php?rest_route=\/wp\/v2\/media\/28377"}],"wp:attachment":[{"href":"https:\/\/historiografija.hr\/index.php?rest_route=%2Fwp%2Fv2%2Fmedia&parent=28376"}],"wp:term":[{"taxonomy":"category","embeddable":true,"href":"https:\/\/historiografija.hr\/index.php?rest_route=%2Fwp%2Fv2%2Fcategories&post=28376"},{"taxonomy":"post_tag","embeddable":true,"href":"https:\/\/historiografija.hr\/index.php?rest_route=%2Fwp%2Fv2%2Ftags&post=28376"}],"curies":[{"name":"wp","href":"https:\/\/api.w.org\/{rel}","templated":true}]}}