{"id":28360,"date":"2021-11-22T14:12:39","date_gmt":"2021-11-22T14:12:39","guid":{"rendered":"http:\/\/historiografija.hr\/?p=28360"},"modified":"2021-11-22T14:12:39","modified_gmt":"2021-11-22T14:12:39","slug":"medunarodni-znanstveni-skup-otpor-i-promjene-u-kulturi-i-umjetnosti-srednjovjekovlja-resistance-and-changes-in-the-culture-and-art-of-the-middle-ages","status":"publish","type":"post","link":"https:\/\/historiografija.hr\/?p=28360","title":{"rendered":"Me\u0111unarodni znanstveni skup \u201eOtpor i promjene u kulturi i umjetnosti srednjovjekovlja \/ Resistance and changes in the culture and art of the Middle Ages\u201c"},"content":{"rendered":"\n<p>Katedra za umjetnost starog i srednjeg vijeka Odsjeka za povijest umjetnosti Filozofskog fakulteta Sveu\u010dili\u0161ta u Rijeci organizira me\u0111unarodni znanstveni skup \u201e<a href=\"https:\/\/www.ffri.uniri.hr\/files\/vijesti\/2021-2022\/Pozivnica-Otpor_i_promjene_u_kulturi-11_2021.pdf\"><strong>Otpor i promjene u kulturi i umjetnosti srednjovjekovlja, Resistance and changes in the culture and art of the Middle Ages<\/strong><\/a>\u201c. Skup \u0107e se odr\u017eati <strong>23. studenog 2021.<\/strong> u hibridnoj formi s jednom online sesijom i dvjema u\u017eivo \u2013 na Filozofskom fakultetu. U sklopu programa skupa odr\u017eati \u0107e se otvorenje izlo\u017ebe \u201e<a href=\"https:\/\/www.ffri.uniri.hr\/files\/vijesti\/2021-2022\/Pozivnica-Izlozba_Gradinsko_naselje-11_2021.pdf\"><strong>Gradinsko naselje i nekropola u dolini Sane<\/strong><\/a>\u201c, Danijele Radosavac, kustosice Muzeja Kozare Prijedor.<br><br>Sva izlaganja skupa kao i program otvorenja izlo\u017ebe mo\u0107i \u0107e se pratiti slobodnim pristupom putem Zoom platforme.<br><br><a href=\"https:\/\/www.ffri.uniri.hr\/files\/vijesti\/2021-2022\/Program-Otpor_i_promjene_u_kulturi-11_2021.pdf\"><strong>Program skupa<\/strong><\/a><\/p>\n\n\n\n<hr class=\"wp-block-separator\"\/>\n\n\n\n<p>Izvor: <\/p>\n\n\n\n<p><a href=\"https:\/\/www.ffri.uniri.hr\/hr\/\">https:\/\/www.ffri.uniri.hr\/hr\/<\/a><\/p>\n\n\n\n<hr class=\"wp-block-separator\"\/>\n","protected":false},"excerpt":{"rendered":"","protected":false},"author":2,"featured_media":28361,"comment_status":"open","ping_status":"open","sticky":false,"template":"","format":"standard","meta":{"_acf_changed":false,"jetpack_post_was_ever_published":false,"_jetpack_newsletter_access":"","_jetpack_dont_email_post_to_subs":false,"_jetpack_newsletter_tier_id":0,"_jetpack_memberships_contains_paywalled_content":false,"_jetpack_memberships_contains_paid_content":false,"footnotes":"","jetpack_publicize_message":"","jetpack_publicize_feature_enabled":true,"jetpack_social_post_already_shared":true,"jetpack_social_options":{"image_generator_settings":{"template":"highway","default_image_id":0,"font":"","enabled":false},"version":2}},"categories":[3,9],"tags":[],"class_list":["post-28360","post","type-post","status-publish","format-standard","has-post-thumbnail","hentry","category-novosti","category-skupovi"],"acf":{"facebook_opis":""},"jetpack_publicize_connections":[],"jetpack_featured_media_url":"https:\/\/i0.wp.com\/historiografija.hr\/wp-content\/uploads\/2021\/11\/Pozivnica-Otpor_i_promjene_u_kulturi-scaled.jpg?fit=1829%2C2560&ssl=1","jetpack_sharing_enabled":true,"jetpack-related-posts":[],"_links":{"self":[{"href":"https:\/\/historiografija.hr\/index.php?rest_route=\/wp\/v2\/posts\/28360","targetHints":{"allow":["GET"]}}],"collection":[{"href":"https:\/\/historiografija.hr\/index.php?rest_route=\/wp\/v2\/posts"}],"about":[{"href":"https:\/\/historiografija.hr\/index.php?rest_route=\/wp\/v2\/types\/post"}],"author":[{"embeddable":true,"href":"https:\/\/historiografija.hr\/index.php?rest_route=\/wp\/v2\/users\/2"}],"replies":[{"embeddable":true,"href":"https:\/\/historiografija.hr\/index.php?rest_route=%2Fwp%2Fv2%2Fcomments&post=28360"}],"version-history":[{"count":1,"href":"https:\/\/historiografija.hr\/index.php?rest_route=\/wp\/v2\/posts\/28360\/revisions"}],"predecessor-version":[{"id":28362,"href":"https:\/\/historiografija.hr\/index.php?rest_route=\/wp\/v2\/posts\/28360\/revisions\/28362"}],"wp:featuredmedia":[{"embeddable":true,"href":"https:\/\/historiografija.hr\/index.php?rest_route=\/wp\/v2\/media\/28361"}],"wp:attachment":[{"href":"https:\/\/historiografija.hr\/index.php?rest_route=%2Fwp%2Fv2%2Fmedia&parent=28360"}],"wp:term":[{"taxonomy":"category","embeddable":true,"href":"https:\/\/historiografija.hr\/index.php?rest_route=%2Fwp%2Fv2%2Fcategories&post=28360"},{"taxonomy":"post_tag","embeddable":true,"href":"https:\/\/historiografija.hr\/index.php?rest_route=%2Fwp%2Fv2%2Ftags&post=28360"}],"curies":[{"name":"wp","href":"https:\/\/api.w.org\/{rel}","templated":true}]}}