{"id":28342,"date":"2021-11-19T16:40:44","date_gmt":"2021-11-19T16:40:44","guid":{"rendered":"http:\/\/historiografija.hr\/?p=28342"},"modified":"2021-11-19T16:40:44","modified_gmt":"2021-11-19T16:40:44","slug":"edukacijski-seminar-webinar-eticnost-i-kulturni-pluralizam-u-hrvatskom-obrazovnom-sustavu-i-hrvatskom-medijskom-prostoru-u-prikazivanju-holokausta-i-stradanja","status":"publish","type":"post","link":"https:\/\/historiografija.hr\/?p=28342","title":{"rendered":"Edukacijski seminar (webinar) \u201dEti\u010dnost i kulturni pluralizam u hrvatskom obrazovnom sustavu i hrvatskom medijskom prostoru u prikazivanju holokausta i stradanja\u201d"},"content":{"rendered":"\n<p><strong>Centar za promicanje tolerancije i o\u010duvanje sje\u0107anja na holokaust<\/strong> <strong>22. studenog 2021. godine organizira jednodnevni edukacijski webinar<\/strong><\/p>\n\n\n\n<p><strong>\u201eEti\u010dnost i kulturni pluralizam u hrvatskom obrazovnom sustavu<\/strong> <strong>i hrvatskom medijskom prostoru u prikazivanju holokausta i stradanja\u201d<\/strong><\/p>\n\n\n\n<p>Webinar se organizira s ciljem \u0161to cjelovitijeg sagledavanja eti\u010dke dimenzije i razumijevanja kulturnog pluralizma u pou\u010davanju tema antisemitizma, holokausta i stradanja za vrijeme Drugog svjetskog rata u Europi i Hrvatskoj i njihove aktualne interpretacije u suvremenom hrvatskom dru\u0161tvu, unutar hrvatskog obrazovnog sustava, odnosno postoje\u0107ih kurikuluma te unutar hrvatskog medijskog prostora, hrvatskih medija i hrvatskog javnog mnijenja.<\/p>\n\n\n\n<p>Seminar je namijenjen profesorima, svima zainteresiranima na odsjecima \/ odjelima studijima povijesti, pedagogije, psihologije, vjeronauka, politologije, novinarstva, komunikologije, socijalnog rada fakulteta Sveu\u010dili\u0161ta u Zagrebu i drugih zainteresiranih sveu\u010dili\u0161ta u Republici Hrvatskoj.<\/p>\n\n\n\n<p>Navedeni webinar prvi je u nizu od tri jednodnevna seminara \/ tematske cjeline koje \u0107e Centar za promicanje tolerancije i o\u010duvanje sje\u0107anja na holokaust u toku ove nastavne godine organizirati u sklopu edukacijskog seminara \u201eAntisemitizam, holokaust, stradanja: Pro\u0161lost u sada\u0161njosti\u201d.<\/p>\n\n\n\n<p>Edukacijski webinar organizira se u suradnji s institucijama i ustanovama Grada Zagreba, Agencijom za odgoj i obrazovanje, Sveu\u010dili\u0161tem u Zagrebu i pojedinim fakultetima, medijskim ku\u0107ama i servisima.<\/p>\n\n\n\n<p>Prijenos predavanja mo\u0107i \u0107e se pratiti u\u017eivo na mre\u017enoj stranici Centra i na Facebook stranici Centra:<\/p>\n\n\n\n<figure class=\"wp-block-embed-wordpress wp-block-embed is-type-wp-embed is-provider-centar-za-promicanje-tolerancije-i-ocuvanje-sjecanja-na-holokaust\"><div class=\"wp-block-embed__wrapper\">\n<blockquote class=\"wp-embedded-content\" data-secret=\"8wQW74r0Sa\"><a href=\"https:\/\/centartolerancije.hr\/\">Naslovnica<\/a><\/blockquote><iframe loading=\"lazy\" class=\"wp-embedded-content\" sandbox=\"allow-scripts\" security=\"restricted\" style=\"position: absolute; clip: rect(1px, 1px, 1px, 1px);\" title=\"&#8220;Naslovnica&#8221; &#8212; Centar za promicanje tolerancije i o\u010duvanje sje\u0107anja na holokaust\" src=\"https:\/\/centartolerancije.hr\/embed\/#?secret=8wQW74r0Sa\" data-secret=\"8wQW74r0Sa\" width=\"600\" height=\"338\" frameborder=\"0\" marginwidth=\"0\" marginheight=\"0\" scrolling=\"no\"><\/iframe>\n<\/div><\/figure>\n\n\n\n<p><a href=\"https:\/\/www.facebook.com\/CentarZaPromicanjeTolerancije\/\">https:\/\/www.facebook.com\/CentarZaPromicanjeTolerancije\/<\/a><\/p>\n\n\n\n<p>Cilj seminara je upoznati i educirati dru\u0161tveno odgovorne skupine o potrebama i vrijednostima to\u010dnog i argumentiranog preno\u0161enja i prikazivanja istine o antisemitizmu, holokaustu i stradanjima, kako bi u\u010denje i raspravljanje o eti\u010dnosti, kulturnom pluralizmu, ogromnim ljudskim stradanjima, dostojanstvu i ljudskim pravima unutar hrvatskog obrazovnog sustava i unutar izvje\u0161tavanja u hrvatskom medijskom prostoru osna\u017eivalo demokratski karakter i demokratske vrijednosti suvremenog hrvatskog dru\u0161tva.<\/p>\n\n\n\n<hr class=\"wp-block-separator\"\/>\n\n\n\n<p>Izvor:<\/p>\n\n\n\n<figure class=\"wp-block-embed-wordpress wp-block-embed is-type-wp-embed is-provider-centar-za-promicanje-tolerancije-i-ocuvanje-sjecanja-na-holokaust\"><div class=\"wp-block-embed__wrapper\">\n<blockquote class=\"wp-embedded-content\" data-secret=\"yCq9xhq6hw\"><a href=\"https:\/\/centartolerancije.hr\/2021\/11\/17\/edukacijski-seminar-webinar\/\">Edukacijski seminar (webinar)<\/a><\/blockquote><iframe loading=\"lazy\" class=\"wp-embedded-content\" sandbox=\"allow-scripts\" security=\"restricted\" style=\"position: absolute; clip: rect(1px, 1px, 1px, 1px);\" title=\"&#8220;Edukacijski seminar (webinar)&#8221; &#8212; Centar za promicanje tolerancije i o\u010duvanje sje\u0107anja na holokaust\" src=\"https:\/\/centartolerancije.hr\/2021\/11\/17\/edukacijski-seminar-webinar\/embed\/#?secret=yCq9xhq6hw\" data-secret=\"yCq9xhq6hw\" width=\"600\" height=\"338\" frameborder=\"0\" marginwidth=\"0\" marginheight=\"0\" scrolling=\"no\"><\/iframe>\n<\/div><\/figure>\n\n\n\n<hr class=\"wp-block-separator\"\/>\n","protected":false},"excerpt":{"rendered":"","protected":false},"author":2,"featured_media":28343,"comment_status":"open","ping_status":"open","sticky":false,"template":"","format":"standard","meta":{"_acf_changed":false,"jetpack_post_was_ever_published":false,"_jetpack_newsletter_access":"","_jetpack_dont_email_post_to_subs":false,"_jetpack_newsletter_tier_id":0,"_jetpack_memberships_contains_paywalled_content":false,"_jetpack_memberships_contains_paid_content":false,"footnotes":"","jetpack_publicize_message":"","jetpack_publicize_feature_enabled":true,"jetpack_social_post_already_shared":true,"jetpack_social_options":{"image_generator_settings":{"template":"highway","default_image_id":0,"font":"","enabled":false},"version":2}},"categories":[3,9],"tags":[],"class_list":["post-28342","post","type-post","status-publish","format-standard","has-post-thumbnail","hentry","category-novosti","category-skupovi"],"acf":{"facebook_opis":""},"jetpack_publicize_connections":[],"jetpack_featured_media_url":"https:\/\/i0.wp.com\/historiografija.hr\/wp-content\/uploads\/2021\/11\/face_2021.png?fit=1233%2C459&ssl=1","jetpack_sharing_enabled":true,"jetpack-related-posts":[],"_links":{"self":[{"href":"https:\/\/historiografija.hr\/index.php?rest_route=\/wp\/v2\/posts\/28342","targetHints":{"allow":["GET"]}}],"collection":[{"href":"https:\/\/historiografija.hr\/index.php?rest_route=\/wp\/v2\/posts"}],"about":[{"href":"https:\/\/historiografija.hr\/index.php?rest_route=\/wp\/v2\/types\/post"}],"author":[{"embeddable":true,"href":"https:\/\/historiografija.hr\/index.php?rest_route=\/wp\/v2\/users\/2"}],"replies":[{"embeddable":true,"href":"https:\/\/historiografija.hr\/index.php?rest_route=%2Fwp%2Fv2%2Fcomments&post=28342"}],"version-history":[{"count":1,"href":"https:\/\/historiografija.hr\/index.php?rest_route=\/wp\/v2\/posts\/28342\/revisions"}],"predecessor-version":[{"id":28344,"href":"https:\/\/historiografija.hr\/index.php?rest_route=\/wp\/v2\/posts\/28342\/revisions\/28344"}],"wp:featuredmedia":[{"embeddable":true,"href":"https:\/\/historiografija.hr\/index.php?rest_route=\/wp\/v2\/media\/28343"}],"wp:attachment":[{"href":"https:\/\/historiografija.hr\/index.php?rest_route=%2Fwp%2Fv2%2Fmedia&parent=28342"}],"wp:term":[{"taxonomy":"category","embeddable":true,"href":"https:\/\/historiografija.hr\/index.php?rest_route=%2Fwp%2Fv2%2Fcategories&post=28342"},{"taxonomy":"post_tag","embeddable":true,"href":"https:\/\/historiografija.hr\/index.php?rest_route=%2Fwp%2Fv2%2Ftags&post=28342"}],"curies":[{"name":"wp","href":"https:\/\/api.w.org\/{rel}","templated":true}]}}