{"id":28324,"date":"2021-11-17T18:08:58","date_gmt":"2021-11-17T18:08:58","guid":{"rendered":"http:\/\/historiografija.hr\/?p=28324"},"modified":"2021-11-17T18:11:30","modified_gmt":"2021-11-17T18:11:30","slug":"53rd-aseees-annual-convention","status":"publish","type":"post","link":"https:\/\/historiografija.hr\/?p=28324","title":{"rendered":"53rd ASEEES Annual Convention"},"content":{"rendered":"\n<p>November 18-21, 2021 in New Orleans, LA, Hilton New Orleans Riverside<\/p>\n\n\n\n<p>December 1-3, 2021 for the Virtual Convention<\/p>\n\n\n\n<hr class=\"wp-block-separator\"\/>\n\n\n\n<p>Na velikom me\u0111unarodnom kongresu Udru\u017eenja za slavisti\u010dke, isto\u010dnoeuropske i eurazijske studije, koji se od 18. do 21. studenog 2021. odr\u017eava u\u017eivo, a od 1. do 3. prosinca 2021. u virtualnom obliku, tradicionalno sudjeluje vi\u0161e povjesni\u010dara i povjesni\u010darki te drugih znanstvenika i znanstvenica iz Hrvatske. U nizu panela i izlaganja bit \u0107e tematizirana hrvatska povijest i povijest Jugoslavije. Mogu\u0107e je pritom izdvojiti primjerice sljede\u0107e sesije:<\/p>\n\n\n\n<p>The Diversity of Medieval Croatian Glagolithic Culture in Istria and the Kvarner<\/p>\n\n\n\n<p>Visions of Yugoslavia: Perspectives on Post-Imperial State-Building<\/p>\n\n\n\n<p>1941: The Diversity of Responses in Croatia to the Fall of Yugoslavia<\/p>\n\n\n\n<p>Revisiting&nbsp; World&nbsp; War&nbsp; II&nbsp; Polish&nbsp; and&nbsp; Croat&nbsp; Women\u2019s&nbsp; Life-Writings<\/p>\n\n\n\n<p>Microhistories of Yugoslav Socialism: Ethnicity, Class, and Gender in Croatia and Slovenia in the 1970s and 1980s<\/p>\n\n\n\n<p>Peace, Trust, and the Discourse of Power in the Disintegrating Yugoslavia and its Aftermath<\/p>\n\n\n\n<p>Croatian Modern and Post-Modern Literature: A Rich Field of Different Approaches<\/p>\n\n\n\n<p>Frozen in the Past: The Representation of Gender Relations and Public Reception through Media in Modern-day Bosnia, Croatia, Montenegro, and Serbia<\/p>\n\n\n\n<p>Remembering Conflict: Contemporary Representations of War on Post-Yugoslav Stages<\/p>\n\n\n\n<p>Rivers as Contested Memoryscapes in Southeastern Europe<\/p>\n\n\n\n<hr class=\"wp-block-separator\"\/>\n\n\n\n<p><strong>Op\u0161irnije o kongresu i programu:<\/strong><\/p>\n\n\n\n<p><a href=\"https:\/\/www.aseees.org\/convention\">https:\/\/www.aseees.org\/convention<\/a><\/p>\n\n\n\n<p><a href=\"https:\/\/www.aseees.org\/convention\/program\">https:\/\/www.aseees.org\/convention\/program<\/a><\/p>\n\n\n\n<p><a href=\"https:\/\/convention2.allacademic.com\/one\/aseees\/aseees21\/index.php\">https:\/\/convention2.allacademic.com\/one\/aseees\/aseees21\/index.php<\/a><\/p>\n\n\n\n<hr class=\"wp-block-separator\"\/>\n","protected":false},"excerpt":{"rendered":"","protected":false},"author":2,"featured_media":15294,"comment_status":"open","ping_status":"open","sticky":false,"template":"","format":"standard","meta":{"_acf_changed":false,"jetpack_post_was_ever_published":false,"_jetpack_newsletter_access":"","_jetpack_dont_email_post_to_subs":false,"_jetpack_newsletter_tier_id":0,"_jetpack_memberships_contains_paywalled_content":false,"_jetpack_memberships_contains_paid_content":false,"footnotes":"","jetpack_publicize_message":"","jetpack_publicize_feature_enabled":true,"jetpack_social_post_already_shared":true,"jetpack_social_options":{"image_generator_settings":{"template":"highway","default_image_id":0,"font":"","enabled":false},"version":2}},"categories":[3,9],"tags":[],"class_list":["post-28324","post","type-post","status-publish","format-standard","has-post-thumbnail","hentry","category-novosti","category-skupovi"],"acf":{"facebook_opis":""},"jetpack_publicize_connections":[],"jetpack_featured_media_url":"https:\/\/i0.wp.com\/historiografija.hr\/wp-content\/uploads\/2019\/06\/aseees-logo.png?fit=1530%2C495&ssl=1","jetpack_sharing_enabled":true,"jetpack-related-posts":[],"_links":{"self":[{"href":"https:\/\/historiografija.hr\/index.php?rest_route=\/wp\/v2\/posts\/28324","targetHints":{"allow":["GET"]}}],"collection":[{"href":"https:\/\/historiografija.hr\/index.php?rest_route=\/wp\/v2\/posts"}],"about":[{"href":"https:\/\/historiografija.hr\/index.php?rest_route=\/wp\/v2\/types\/post"}],"author":[{"embeddable":true,"href":"https:\/\/historiografija.hr\/index.php?rest_route=\/wp\/v2\/users\/2"}],"replies":[{"embeddable":true,"href":"https:\/\/historiografija.hr\/index.php?rest_route=%2Fwp%2Fv2%2Fcomments&post=28324"}],"version-history":[{"count":2,"href":"https:\/\/historiografija.hr\/index.php?rest_route=\/wp\/v2\/posts\/28324\/revisions"}],"predecessor-version":[{"id":28326,"href":"https:\/\/historiografija.hr\/index.php?rest_route=\/wp\/v2\/posts\/28324\/revisions\/28326"}],"wp:featuredmedia":[{"embeddable":true,"href":"https:\/\/historiografija.hr\/index.php?rest_route=\/wp\/v2\/media\/15294"}],"wp:attachment":[{"href":"https:\/\/historiografija.hr\/index.php?rest_route=%2Fwp%2Fv2%2Fmedia&parent=28324"}],"wp:term":[{"taxonomy":"category","embeddable":true,"href":"https:\/\/historiografija.hr\/index.php?rest_route=%2Fwp%2Fv2%2Fcategories&post=28324"},{"taxonomy":"post_tag","embeddable":true,"href":"https:\/\/historiografija.hr\/index.php?rest_route=%2Fwp%2Fv2%2Ftags&post=28324"}],"curies":[{"name":"wp","href":"https:\/\/api.w.org\/{rel}","templated":true}]}}