{"id":28316,"date":"2021-11-17T15:40:01","date_gmt":"2021-11-17T15:40:01","guid":{"rendered":"http:\/\/historiografija.hr\/?p=28316"},"modified":"2021-11-17T15:40:01","modified_gmt":"2021-11-17T15:40:01","slug":"izlozba-flashback-91","status":"publish","type":"post","link":"https:\/\/historiografija.hr\/?p=28316","title":{"rendered":"Izlo\u017eba &#8220;FLASHBACK \u201991.&#8221;"},"content":{"rendered":"\n<p><strong>FLASHBACK \u201991.<\/strong><\/p>\n\n\n\n<p><strong>Izlo\u017eba Hrvatskog povijesnog muzeja<\/strong><\/p>\n\n\n\n<p><strong>Me\u0161trovi\u0107ev paviljon &#8211; Dom hrvatskih likovnih umjetnika<\/strong><\/p>\n\n\n\n<p><strong>15. 11. \u2013 21. 11. 2021.<\/strong><\/p>\n\n\n\n<p>&nbsp;U povodu tridesete godi\u0161njice od po\u010detka Domovinskog rata, Hrvatski povijesni muzej u suradnji s hrvatskim ratnim fotografima i Hrvatskim dru\u0161tvom likovnih umjetnika organizira izlo\u017ebu i katalog hrvatske ratne fotografije iz 1991. godine pod naslovom <em>Flashback &#8217;91<\/em>.<\/p>\n\n\n\n<p>Autori izlo\u017ebe i kataloga, ujedno i kustosi Zbirke fotografija, filmova i negativa Hrvatskog povijesnog muzeja Ivica Neve\u0161\u0107anin i Nikola Seiwerth odgovorni su za simboli\u010dan izbor 30 izlo\u017eenih, uve\u0107anih fotografija na vanjskom prstenu Me\u0161trovi\u0107evog paviljona te 91 odabranu i opisanu fotografiju u katalogu, koje svojim brojem podsje\u0107aju na trideset godina od po\u010detka Domovinskog rata i 1991. godinu.&nbsp;<\/p>\n\n\n\n<p>Putem odabranih fotografija ponajboljih hrvatskih ratnih fotoreportera, namjera je Hrvatskog povijesnog muzeja predstaviti svojevrsni fotografski rezime kolektivne svijesti i sje\u0107anja na 1991. godinu, omogu\u0107uju\u0107i tako svakom posjetitelju pravo na vlastito sje\u0107anje, emocije i razli\u010dit do\u017eivljaj poruka zabilje\u017eenih objektivom ratnih fotografa.<\/p>\n\n\n\n<p>Fotografije relativno kronolo\u0161ki prate organiziranje obrane i za\u010detke hrvatske vojske od prvih oru\u017eanih sukoba hrvatskih redarstvenika sa srpskim pobunjenicima i Jugoslavenskom narodnom armijom, osnivanja Zbora narodne garde, rata na svim boji\u0161tima od Vukovara do Dubrovnika, pa sve do doga\u0111anja s kraja prosinca 1991. godine i <em>Sarajevskog primirja<\/em> potpisanog 2. sije\u010dnja 1992. godine. Civilni \u017eivot i njegovo razaranje nije izostavljen, ali isto tako, iz vi\u0161e razloga, na izlo\u017ebi i u katalogu nije prikazan u krajnje uznemiruju\u0107em obliku. Fotografije \u017ertava rata, \u017eena, djece i staraca u svojim tragi\u010dnim i psihoti\u010dnim situacijama pokazale su se dovoljno eksplicitnima i potresnima.<\/p>\n\n\n\n<p>Neke od fotografija su poslu\u017eile i kao predlo\u017eak koje je mladi slobodni umjetnik Rudolf Crnko \u2013 Glitchboy2000 obradio tehnikom <em>glitcha<\/em> \u2013 izazivanja gre\u0161ke digitalnog ili audio formata radi dobivanja vizualnog rezultata. U formi umjetnosti Glitchboy2000 namjerno unosi gre\u0161ku u poznate motive kako bi izazvao reakciju. Rat je time kvar, pogre\u0161ka sustava, a u ovom rje\u0161enju detonacije minobaca\u010dkih projektila gotovo da se mogu osjetiti. Kori\u0161tenje <em>glitcha<\/em> na fotografijama iz vremena Domovinskog rata, prenosi i poruku mla\u0111ih generacija koje imaju vlastito vi\u0111enje ratnih godina. Jedna od fotografija, <em>Hrvatski vojnik i pas<\/em> autora Matka Biljka, poslu\u017eila je upravo kao predlo\u017eak za plakat izlo\u017ebe. Za grafi\u010dko oblikovanje izlo\u017ebe i kataloga zaslu\u017ena je Ivana Asi\u0107 vi\u0161a muzejska fotografkinja Hrvatskog povijesnog muzeja.<\/p>\n\n\n\n<p>Hrvatski povijesni muzej brojnu fotografsku gra\u0111u vezanu za Domovinski rat ve\u0107 trideset godina prikuplja, \u010duva, obra\u0111uje, izla\u017ee i daje javnosti na uvid upravo u suradnji s autorima fotografija. Povijesno, dokumentarno, povijesno umjetni\u010dki i muzeolo\u0161ki, fotografije snimljene u Domovinskom ratu iznimno su vrijedan materijal, kojega \u010dine stotine tisu\u0107a snimljenih fotografija, od kojih se jedan dio nalazi i u fundusu Muzeja. Tematski raznolike, fotografije svjedo\u010de o zbivanjima s prve crte boji\u0161nice te svakodnevnom civilnom \u017eivotu u hrvatskim selima i gradovima. Budu\u0107i da posjeduju ne samo dokumentarnu ve\u0107 i u umjetni\u010dku dimenziju, mnoge od njih su upravo i danas prisutne u hrvatskom dru\u0161tvu, medijima i kulturi, postav\u0161i vi\u0161e od dokumenata vremena &#8211;&nbsp; simbol ili kako sama izlo\u017eba svojim nazivom ka\u017ee, svojevrsni <em>flashback<\/em> na 1991. godinu.<\/p>\n\n\n\n<p>&nbsp;Danas, trideset godina kasnije, u hrvatskom se dru\u0161tvu i kulturi ponavlja fraza \u201eDi si bio &#8217;91.?\u201c Zahvaljuju\u0107i fotografima i ljudima koji se nalaze na njihovim fotografijama izlo\u017eba i katalog <em>Flashback &#8217;91.<\/em> nekima od znati\u017eeljnika nude odgovor na to, \u010desto ironi\u010dno, pitanje.<\/p>\n\n\n\n<p><strong>Ratni fotografi<\/strong><\/p>\n\n\n\n<p>Robert Belo\u0161evi\u0107<\/p>\n\n\n\n<p>Matko Biljak<\/p>\n\n\n\n<p>Josip Bistrovi\u0107<\/p>\n\n\n\n<p>Renato Bran\u0111olica<\/p>\n\n\n\n<p>Branimir Butkovi\u0107<\/p>\n\n\n\n<p>Sini\u0161a Durakovi\u0107<\/p>\n\n\n\n<p>Mario Filipi<\/p>\n\n\n\n<p>Zoran Filipovi\u0107<\/p>\n\n\n\n<p>\u017deljko Ga\u0161parovi\u0107<\/p>\n\n\n\n<p>Bo\u017eidar Gjuki\u0107<\/p>\n\n\n\n<p>Drago Havranek<\/p>\n\n\n\n<p>Toni Hnoj\u010dik<\/p>\n\n\n\n<p>Romeo Ibri\u0161evi\u0107<\/p>\n\n\n\n<p>Hrvoje Knez<\/p>\n\n\n\n<p>Milo Kova\u010d<\/p>\n\n\n\n<p>Sa\u0161a Kralj<\/p>\n\n\n\n<p>Mi\u0161o Li\u0161anin<\/p>\n\n\n\n<p>Antun Mara\u010di\u0107<\/p>\n\n\n\n<p>Jadran Mimica<\/p>\n\n\n\n<p>Gojko Miti\u0107<\/p>\n\n\n\n<p>Marko Peri\u0107<\/p>\n\n\n\n<p>Josip Petri\u0107<\/p>\n\n\n\n<p>Goran Pichler<\/p>\n\n\n\n<p>Ivan Posavec<\/p>\n\n\n\n<p>Zdenko Pu\u0161i\u0107<\/p>\n\n\n\n<p>Marin Topi\u0107<\/p>\n\n\n\n<p>Pavo Urban<\/p>\n\n\n\n<p>Davorin Vi\u0161nji\u0107<\/p>\n\n\n\n<p>Bo\u017eidar Vuki\u010devi\u0107<\/p>\n\n\n\n<p>Zahvaljujemo svim ratnim fotografima na kori\u0161tenju fotografija te kolegijalnoj dugogodi\u0161njoj suradnji s Hrvatskim povijesnim muzejom.<\/p>\n\n\n\n<p><strong>Partner izlo\u017ebe<\/strong><\/p>\n\n\n\n<p>Hrvatsko dru\u0161tvo likovnih umjetnika<\/p>\n\n\n\n<p>&nbsp;<strong>Autori izlo\u017ebe i kataloga<\/strong><\/p>\n\n\n\n<p>Ivica Neve\u0161\u0107anin<\/p>\n\n\n\n<p>Nikola Seiwerth<\/p>\n\n\n\n<p>&nbsp;<strong>Grafi\u010dko oblikovanje izlo\u017ebe<\/strong><\/p>\n\n\n\n<p>Ivana Asi\u0107<\/p>\n\n\n\n<p><strong>Izlo\u017ebeni plakat<\/strong><\/p>\n\n\n\n<p>Matko Biljak, <em>Vojnik i pas, <\/em>Hrvatska Kostajnica<\/p>\n\n\n\n<p>Rudolf Crnko-Glitchboy 2000 (<em>Glitch art<\/em>)<\/p>\n\n\n\n<p>Ivana Asi\u0107<\/p>\n\n\n\n<p>\u00a0* Izlo\u017eba i dvojezi\u010dni katalog realizirani su sredstvima Ministarstva kulture i medija RH. Izlo\u017eba se odvija u izvanrednim okolnostima za Hrvatski povijesni muzej koji je zbog posljedica potresa od 22. o\u017eujka 2020. godine do daljnjega zatvoren za javnost.<\/p>\n\n\n\n<hr class=\"wp-block-separator\"\/>\n\n\n\n<p>Izvor:<\/p>\n\n\n\n<p><a href=\"https:\/\/www.hismus.hr\/hr\/novosti\/aktualno\/izlozba\/uskoro-otvorenje-izlozbe-flashback-91\/\">https:\/\/www.hismus.hr\/hr\/novosti\/aktualno\/izlozba\/uskoro-otvorenje-izlozbe-flashback-91\/<\/a><\/p>\n\n\n\n<hr class=\"wp-block-separator\"\/>\n","protected":false},"excerpt":{"rendered":"","protected":false},"author":2,"featured_media":28317,"comment_status":"open","ping_status":"open","sticky":false,"template":"","format":"standard","meta":{"_acf_changed":false,"jetpack_post_was_ever_published":false,"_jetpack_newsletter_access":"","_jetpack_dont_email_post_to_subs":false,"_jetpack_newsletter_tier_id":0,"_jetpack_memberships_contains_paywalled_content":false,"_jetpack_memberships_contains_paid_content":false,"footnotes":"","jetpack_publicize_message":"","jetpack_publicize_feature_enabled":true,"jetpack_social_post_already_shared":true,"jetpack_social_options":{"image_generator_settings":{"template":"highway","default_image_id":0,"font":"","enabled":false},"version":2}},"categories":[10,3],"tags":[],"class_list":["post-28316","post","type-post","status-publish","format-standard","has-post-thumbnail","hentry","category-izlozbe","category-novosti"],"acf":{"facebook_opis":""},"jetpack_publicize_connections":[],"jetpack_featured_media_url":"https:\/\/i0.wp.com\/historiografija.hr\/wp-content\/uploads\/2021\/11\/flash_web.jpg?fit=1400%2C788&ssl=1","jetpack_sharing_enabled":true,"jetpack-related-posts":[],"_links":{"self":[{"href":"https:\/\/historiografija.hr\/index.php?rest_route=\/wp\/v2\/posts\/28316","targetHints":{"allow":["GET"]}}],"collection":[{"href":"https:\/\/historiografija.hr\/index.php?rest_route=\/wp\/v2\/posts"}],"about":[{"href":"https:\/\/historiografija.hr\/index.php?rest_route=\/wp\/v2\/types\/post"}],"author":[{"embeddable":true,"href":"https:\/\/historiografija.hr\/index.php?rest_route=\/wp\/v2\/users\/2"}],"replies":[{"embeddable":true,"href":"https:\/\/historiografija.hr\/index.php?rest_route=%2Fwp%2Fv2%2Fcomments&post=28316"}],"version-history":[{"count":1,"href":"https:\/\/historiografija.hr\/index.php?rest_route=\/wp\/v2\/posts\/28316\/revisions"}],"predecessor-version":[{"id":28318,"href":"https:\/\/historiografija.hr\/index.php?rest_route=\/wp\/v2\/posts\/28316\/revisions\/28318"}],"wp:featuredmedia":[{"embeddable":true,"href":"https:\/\/historiografija.hr\/index.php?rest_route=\/wp\/v2\/media\/28317"}],"wp:attachment":[{"href":"https:\/\/historiografija.hr\/index.php?rest_route=%2Fwp%2Fv2%2Fmedia&parent=28316"}],"wp:term":[{"taxonomy":"category","embeddable":true,"href":"https:\/\/historiografija.hr\/index.php?rest_route=%2Fwp%2Fv2%2Fcategories&post=28316"},{"taxonomy":"post_tag","embeddable":true,"href":"https:\/\/historiografija.hr\/index.php?rest_route=%2Fwp%2Fv2%2Ftags&post=28316"}],"curies":[{"name":"wp","href":"https:\/\/api.w.org\/{rel}","templated":true}]}}