{"id":28298,"date":"2021-11-17T11:59:44","date_gmt":"2021-11-17T11:59:44","guid":{"rendered":"http:\/\/historiografija.hr\/?p=28298"},"modified":"2021-11-17T12:01:39","modified_gmt":"2021-11-17T12:01:39","slug":"poziv-za-prijavu-priopcenja-za-znanstveni-skup-s-medunarodnim-sudjelovanjem-desnicini-susreti-2021-nepoznati-desnica-i-knjizevne-ostavstine-u-bastinskoj-perspektivi-primjeri-dobre-prakse","status":"publish","type":"post","link":"https:\/\/historiografija.hr\/?p=28298","title":{"rendered":"Poziv za prijavu priop\u0107enja za znanstveni skup s me\u0111unarodnim sudjelovanjem &#8220;Desni\u010dini susreti 2021.&#8221; (Ne)poznati Desnica i knji\u017eevne ostav\u0161tine u ba\u0161tinskoj perspektivi: primjeri dobre prakse"},"content":{"rendered":"\n<p>Pripremni odbor Desni\u010dinih susreta 2021. u suradnji s Dru\u0161tvom prijatelja Kule Stojana Jankovi\u0107a i ICARUS Hrvatska objavljuje da \u0107e se Desni\u010dini susreti 2021. odr\u017eati u Zagrebu u ponedjeljak, 20. prosinca 2021. godine. Rok za prijavu: 25. studeni 2021. Op\u0161irnije u prilogu.<\/p>\n\n\n\n<hr class=\"wp-block-separator\"\/>\n\n\n\n<div class=\"wp-block-file\"><a href=\"https:\/\/historiografija.hr\/wp-content\/uploads\/2021\/11\/Desnicini_susreti_2021_pozivno_pismo.pdf\">Desnicini_susreti_2021_pozivno_pismo<\/a><a href=\"https:\/\/historiografija.hr\/wp-content\/uploads\/2021\/11\/Desnicini_susreti_2021_pozivno_pismo.pdf\" class=\"wp-block-file__button\" download>Preuzmi<\/a><\/div>\n\n\n\n<div class=\"wp-block-file\"><a href=\"https:\/\/historiografija.hr\/wp-content\/uploads\/2021\/11\/DS_2021_prijava.doc\">DS_2021_prijava<\/a><a href=\"https:\/\/historiografija.hr\/wp-content\/uploads\/2021\/11\/DS_2021_prijava.doc\" class=\"wp-block-file__button\" download>Preuzmi<\/a><\/div>\n\n\n\n<hr class=\"wp-block-separator\"\/>\n","protected":false},"excerpt":{"rendered":"","protected":false},"author":2,"featured_media":5395,"comment_status":"open","ping_status":"open","sticky":false,"template":"","format":"standard","meta":{"_acf_changed":false,"jetpack_post_was_ever_published":false,"_jetpack_newsletter_access":"","_jetpack_dont_email_post_to_subs":false,"_jetpack_newsletter_tier_id":0,"_jetpack_memberships_contains_paywalled_content":false,"_jetpack_memberships_contains_paid_content":false,"footnotes":"","jetpack_publicize_message":"","jetpack_publicize_feature_enabled":true,"jetpack_social_post_already_shared":true,"jetpack_social_options":{"image_generator_settings":{"template":"highway","default_image_id":0,"font":"","enabled":false},"version":2}},"categories":[3,9],"tags":[],"class_list":["post-28298","post","type-post","status-publish","format-standard","has-post-thumbnail","hentry","category-novosti","category-skupovi"],"acf":{"facebook_opis":""},"jetpack_publicize_connections":[],"jetpack_featured_media_url":"https:\/\/i0.wp.com\/historiografija.hr\/wp-content\/uploads\/2017\/07\/logo-ds.png?fit=211%2C228&ssl=1","jetpack_sharing_enabled":true,"jetpack-related-posts":[],"_links":{"self":[{"href":"https:\/\/historiografija.hr\/index.php?rest_route=\/wp\/v2\/posts\/28298","targetHints":{"allow":["GET"]}}],"collection":[{"href":"https:\/\/historiografija.hr\/index.php?rest_route=\/wp\/v2\/posts"}],"about":[{"href":"https:\/\/historiografija.hr\/index.php?rest_route=\/wp\/v2\/types\/post"}],"author":[{"embeddable":true,"href":"https:\/\/historiografija.hr\/index.php?rest_route=\/wp\/v2\/users\/2"}],"replies":[{"embeddable":true,"href":"https:\/\/historiografija.hr\/index.php?rest_route=%2Fwp%2Fv2%2Fcomments&post=28298"}],"version-history":[{"count":3,"href":"https:\/\/historiografija.hr\/index.php?rest_route=\/wp\/v2\/posts\/28298\/revisions"}],"predecessor-version":[{"id":28303,"href":"https:\/\/historiografija.hr\/index.php?rest_route=\/wp\/v2\/posts\/28298\/revisions\/28303"}],"wp:featuredmedia":[{"embeddable":true,"href":"https:\/\/historiografija.hr\/index.php?rest_route=\/wp\/v2\/media\/5395"}],"wp:attachment":[{"href":"https:\/\/historiografija.hr\/index.php?rest_route=%2Fwp%2Fv2%2Fmedia&parent=28298"}],"wp:term":[{"taxonomy":"category","embeddable":true,"href":"https:\/\/historiografija.hr\/index.php?rest_route=%2Fwp%2Fv2%2Fcategories&post=28298"},{"taxonomy":"post_tag","embeddable":true,"href":"https:\/\/historiografija.hr\/index.php?rest_route=%2Fwp%2Fv2%2Ftags&post=28298"}],"curies":[{"name":"wp","href":"https:\/\/api.w.org\/{rel}","templated":true}]}}