{"id":28290,"date":"2021-11-17T11:31:44","date_gmt":"2021-11-17T11:31:44","guid":{"rendered":"http:\/\/historiografija.hr\/?p=28290"},"modified":"2021-11-17T11:39:53","modified_gmt":"2021-11-17T11:39:53","slug":"znanstveni-skup-s-medunarodnom-sudjelovanjem-pad-beograda-1521-godine-i-njegove-posljedice-za-hrvatski-povijesni-prostor","status":"publish","type":"post","link":"https:\/\/historiografija.hr\/?p=28290","title":{"rendered":"Znanstveni skup s me\u0111unarodnim sudjelovanjem \u201cPad Beograda 1521. godine i njegove posljedice za hrvatski povijesni prostor\u201d"},"content":{"rendered":"\n<p>U ponedjeljak, 22. studenoga 2021. na Hrvatskom katoli\u010dkom sveu\u010dili\u0161tu u Zagrebu odr\u017eat \u0107e se znanstveni skup o padu Beograda 1521. godine u osmanske ruke i posljedicama toga doga\u0111aja za hrvatske povijesne prostore.<\/p>\n\n\n\n<hr class=\"wp-block-separator\"\/>\n\n\n\n<p>Ove godine navr\u0161ilo se pet stotina godina od pada Beograda pod vlast Osmanskog Carstva, \u010dime je strate\u0161ka i politi\u010dka situacija u cijeloj srednjoj i jugoisto\u010dnoj Europi iz temelja izmijenjena. Beograd je bio jedna od najve\u0107ih utvrda u tada\u0161njoj kr\u0161\u0107anskoj Europi i glavno upori\u0161te obrambene linije prema Osmanskom Carstvu, koje je uvelike branilo i hrvatski povijesni prostor. Njegov je pad bio je klju\u010dan za skori poraz Ugarsko-Hrvatskog Kraljevstva na Moha\u010dkom polju i njegov posljedi\u010dni raspad. Taj je doga\u0111aj uvelike odredio povijest hrvatskih zemalja, uzrokovav\u0161i temeljitu promjenu u obrambenim planovima i jo\u0161 vi\u0161e izlo\u017eiv\u0161i hrvatske zemlje osmanskim napadima.<\/p>\n\n\n\n<p>S obzirom na va\u017enost ovog doga\u0111aja u povijesti hrvatskih zemalja, Hrvatsko katoli\u010dko sveu\u010dili\u0161te, Hrvatski institut za povijest i Beogradska nadbiskupija i metropolija kao pokrovitelj odlu\u010dili su organizirati znanstveni skup na temu <em>Pad Beograda 1521. i njegove posljedice za hrvatski povijesni prostor<\/em>. Na skupu \u0107e biti odr\u017eano dvadesetak izlaganja vode\u0107ih znanstvenika iz Hrvatske i inozemstva. Teme izlaganja odnose se na \u0161iroki spektar vojnih, politi\u010dkih, dru\u0161tvenih i gospodarskih implikacija pada Beograda 1521. godine, kao i na njegovu recepciju u kr\u0161\u0107anskoj Europi, utjecaj na kulturu i umjetni\u010dku produkciju, te njegovo mjesto u historiografiji. Cilj je ovog skupa produbiti znanje o ovome povijesnom doga\u0111aju od iznimne va\u017enosti za hrvatske zemlje, te time ostvariti znanstveni napredak i stvoriti temelj za daljnja istra\u017eivanja.<\/p>\n\n\n\n<hr class=\"wp-block-separator\"\/>\n\n\n\n<div class=\"wp-block-file\"><a href=\"https:\/\/historiografija.hr\/wp-content\/uploads\/2021\/11\/Knjizica-sazetaka.pdf\">Knjizica-sazetaka<\/a><a href=\"https:\/\/historiografija.hr\/wp-content\/uploads\/2021\/11\/Knjizica-sazetaka.pdf\" class=\"wp-block-file__button\" download>Preuzmi<\/a><\/div>\n\n\n\n<hr class=\"wp-block-separator\"\/>\n\n\n\n<figure class=\"wp-block-image size-large\"><img data-recalc-dims=\"1\" loading=\"lazy\" decoding=\"async\" width=\"354\" height=\"505\" data-attachment-id=\"28293\" data-permalink=\"https:\/\/historiografija.hr\/?attachment_id=28293\" data-orig-file=\"https:\/\/i0.wp.com\/historiografija.hr\/wp-content\/uploads\/2021\/11\/Plakat-program-skupa.jpg?fit=354%2C505&amp;ssl=1\" data-orig-size=\"354,505\" data-comments-opened=\"1\" data-image-meta=\"{&quot;aperture&quot;:&quot;0&quot;,&quot;credit&quot;:&quot;&quot;,&quot;camera&quot;:&quot;&quot;,&quot;caption&quot;:&quot;&quot;,&quot;created_timestamp&quot;:&quot;0&quot;,&quot;copyright&quot;:&quot;&quot;,&quot;focal_length&quot;:&quot;0&quot;,&quot;iso&quot;:&quot;0&quot;,&quot;shutter_speed&quot;:&quot;0&quot;,&quot;title&quot;:&quot;&quot;,&quot;orientation&quot;:&quot;1&quot;}\" data-image-title=\"Plakat-program-skupa\" data-image-description=\"\" data-image-caption=\"\" data-large-file=\"https:\/\/i0.wp.com\/historiografija.hr\/wp-content\/uploads\/2021\/11\/Plakat-program-skupa.jpg?fit=354%2C505&amp;ssl=1\" src=\"https:\/\/i0.wp.com\/historiografija.hr\/wp-content\/uploads\/2021\/11\/Plakat-program-skupa.jpg?resize=354%2C505&#038;ssl=1\" alt=\"\" class=\"wp-image-28293\" srcset=\"https:\/\/i0.wp.com\/historiografija.hr\/wp-content\/uploads\/2021\/11\/Plakat-program-skupa.jpg?w=354&amp;ssl=1 354w, https:\/\/i0.wp.com\/historiografija.hr\/wp-content\/uploads\/2021\/11\/Plakat-program-skupa.jpg?resize=210%2C300&amp;ssl=1 210w\" sizes=\"auto, (max-width: 354px) 100vw, 354px\" \/><\/figure>\n\n\n\n<hr class=\"wp-block-separator\"\/>\n\n\n\n<p>Plakat s programom skupa i knji\u017eica sa\u017eetaka dostupni su i na sljede\u0107oj poveznici:<\/p>\n\n\n\n<figure class=\"wp-block-embed-wordpress wp-block-embed is-type-wp-embed is-provider-hrvatsko-katolicko-sveuciliste\"><div class=\"wp-block-embed__wrapper\">\n<blockquote class=\"wp-embedded-content\" data-secret=\"0SRBCOEg5P\"><a href=\"https:\/\/www.unicath.hr\/hks-najave\/iv-colloquium-hisioricum-universitatis-catholicae-croaticae-pad-beograda-1521-i-njegove-posljedice-za-hrvatski-povijesni-prostor\">IV. Colloquium Hisioricum Universitatis Catholicae Croaticae: Pad Beograda 1521 i njegove posljedice za hrvatski povijesni prostor<\/a><\/blockquote><iframe loading=\"lazy\" class=\"wp-embedded-content\" sandbox=\"allow-scripts\" security=\"restricted\" style=\"position: absolute; clip: rect(1px, 1px, 1px, 1px);\" title=\"&#8220;IV. Colloquium Hisioricum Universitatis Catholicae Croaticae: Pad Beograda 1521 i njegove posljedice za hrvatski povijesni prostor&#8221; &#8212; Hrvatsko katoli\u010dko sveu\u010dili\u0161te\" src=\"https:\/\/www.unicath.hr\/hks-najave\/iv-colloquium-hisioricum-universitatis-catholicae-croaticae-pad-beograda-1521-i-njegove-posljedice-za-hrvatski-povijesni-prostor\/embed#?secret=0SRBCOEg5P\" data-secret=\"0SRBCOEg5P\" width=\"600\" height=\"338\" frameborder=\"0\" marginwidth=\"0\" marginheight=\"0\" scrolling=\"no\"><\/iframe>\n<\/div><\/figure>\n\n\n\n<hr class=\"wp-block-separator\"\/>\n","protected":false},"excerpt":{"rendered":"","protected":false},"author":2,"featured_media":28295,"comment_status":"open","ping_status":"open","sticky":false,"template":"","format":"standard","meta":{"_acf_changed":false,"jetpack_post_was_ever_published":false,"_jetpack_newsletter_access":"","_jetpack_dont_email_post_to_subs":false,"_jetpack_newsletter_tier_id":0,"_jetpack_memberships_contains_paywalled_content":false,"_jetpack_memberships_contains_paid_content":false,"footnotes":"","jetpack_publicize_message":"","jetpack_publicize_feature_enabled":true,"jetpack_social_post_already_shared":true,"jetpack_social_options":{"image_generator_settings":{"template":"highway","default_image_id":0,"font":"","enabled":false},"version":2}},"categories":[3,9],"tags":[],"class_list":["post-28290","post","type-post","status-publish","format-standard","has-post-thumbnail","hentry","category-novosti","category-skupovi"],"acf":{"facebook_opis":""},"jetpack_publicize_connections":[],"jetpack_featured_media_url":"https:\/\/i0.wp.com\/historiografija.hr\/wp-content\/uploads\/2021\/11\/Plakat-Bg.jpg?fit=354%2C197&ssl=1","jetpack_sharing_enabled":true,"jetpack-related-posts":[],"_links":{"self":[{"href":"https:\/\/historiografija.hr\/index.php?rest_route=\/wp\/v2\/posts\/28290","targetHints":{"allow":["GET"]}}],"collection":[{"href":"https:\/\/historiografija.hr\/index.php?rest_route=\/wp\/v2\/posts"}],"about":[{"href":"https:\/\/historiografija.hr\/index.php?rest_route=\/wp\/v2\/types\/post"}],"author":[{"embeddable":true,"href":"https:\/\/historiografija.hr\/index.php?rest_route=\/wp\/v2\/users\/2"}],"replies":[{"embeddable":true,"href":"https:\/\/historiografija.hr\/index.php?rest_route=%2Fwp%2Fv2%2Fcomments&post=28290"}],"version-history":[{"count":4,"href":"https:\/\/historiografija.hr\/index.php?rest_route=\/wp\/v2\/posts\/28290\/revisions"}],"predecessor-version":[{"id":28297,"href":"https:\/\/historiografija.hr\/index.php?rest_route=\/wp\/v2\/posts\/28290\/revisions\/28297"}],"wp:featuredmedia":[{"embeddable":true,"href":"https:\/\/historiografija.hr\/index.php?rest_route=\/wp\/v2\/media\/28295"}],"wp:attachment":[{"href":"https:\/\/historiografija.hr\/index.php?rest_route=%2Fwp%2Fv2%2Fmedia&parent=28290"}],"wp:term":[{"taxonomy":"category","embeddable":true,"href":"https:\/\/historiografija.hr\/index.php?rest_route=%2Fwp%2Fv2%2Fcategories&post=28290"},{"taxonomy":"post_tag","embeddable":true,"href":"https:\/\/historiografija.hr\/index.php?rest_route=%2Fwp%2Fv2%2Ftags&post=28290"}],"curies":[{"name":"wp","href":"https:\/\/api.w.org\/{rel}","templated":true}]}}