{"id":28276,"date":"2021-11-16T18:07:43","date_gmt":"2021-11-16T18:07:43","guid":{"rendered":"http:\/\/historiografija.hr\/?p=28276"},"modified":"2021-11-16T18:07:43","modified_gmt":"2021-11-16T18:07:43","slug":"yoram-hazony-vrlina-nacionalizma","status":"publish","type":"post","link":"https:\/\/historiografija.hr\/?p=28276","title":{"rendered":"Yoram Hazony, \u201cVrlina nacionalizma\u201d"},"content":{"rendered":"\n<p>Pitanje identiteta jedno je od najva\u017enijih pitanja modernih dru\u0161tava, pa tako i Izraela, otkud potje\u010de autor, Hrvatske, dr\u017eava Europske unije i Zapada op\u0107enito. Nacionalizam i nacionalni identitet predmeti su o\u0161trih polemika, a o\u0161trina polemike kadgod se temelji na lo\u0161em, nepotpunom i neto\u010dnom shva\u0107anju nacionalizma kao modernog fenomena i kao politi\u010dke filozofije, ali isto tako i \u201eliberalnog internacionalizma\u201c ili \u201eliberalnog globalizma\u201c koji se \u010desto promatra odve\u0107 blagonaklono i bez prepoznavanja totalitarnih opasnosti koje je, poput svake imperijalisti\u010dke ideje, kadar iznjedriti.<\/p>\n\n\n\n<p>Yoram Hazony ukazuje kako je u Britaniji, kroz izlazak iz EU-a i u Americi kroz Trumpovu pobjedu na izborima 2016., nacionalizam ponovno postao aktualan premda dana\u0161nji diskurs u dru\u0161tvu, koji postoji tek nekoliko desetlje\u0107a, upu\u0107uje na to da je nacionalizam \u201ene\u0161to zlo\u201c. Nacionalizam se, ipak, donedavno dr\u017eao za suprotnost imperijalizmu, a autor ukazuje kako je jo\u0161 uvijek tako. Protive\u0107i se imperijalizmu a zastupaju\u0107i pravo naroda na politi\u010dku, ekonomsku, kulturnu i drugu slobodu i nezavisnost, Hazony uvjerljivo obja\u0161njava za\u0161to je nacionalna dr\u017eava najbolji okvir za ostvarenje tih sloboda i prava. Autor se u djelu poziva na povijesna iskustva, koja se\u017eu do drevnih bliskoisto\u010dnih carstava i \u017eidovske dr\u017eave.<\/p>\n\n\n\n<p>Hazony u ovome djelu kriti\u010dki propituje predod\u017ebu da je liberalni globalizam suprotnost nasilnom nacionalizmu, te pokazuje da je na djelu suprotno: da liberalni globalizam postaje agresivan, suzbija kriti\u010dku misao i promi\u010de jednoumlje, te je u biti nositelj novoga imperijalizma. To je branjivo stajali\u0161te, u potpunosti utemeljeno u politi\u010dkoj stvarnosti, koje zavrje\u0111uje pozornost, ali nije uobi\u010dajeno u srednjostruja\u0161kim politi\u010dkim analizama. Zato ova Hazonyjeva knjiga uvelike pridonosi politolo\u0161kim promi\u0161ljanjima i boljem shva\u0107anju suvremenih zapadnja\u010dkih dru\u0161tvenih procesa.<\/p>\n\n\n\n<p>\u2014 doc. dr. sc. Boris Havel<\/p>\n\n\n\n<hr class=\"wp-block-separator\"\/>\n\n\n\n<p>Izdava\u010d: \u0160kolska knjiga<\/p>\n\n\n\n<p>Broj stranica: 200<\/p>\n\n\n\n<p>Godina izdanja: 2021<\/p>\n\n\n\n<hr class=\"wp-block-separator\"\/>\n\n\n\n<p>Izvor:<\/p>\n\n\n\n<p><a href=\"https:\/\/shop.skolskaknjiga.hr\/vrlina-nacionalizma.html\">https:\/\/shop.skolskaknjiga.hr\/vrlina-nacionalizma.html<\/a><\/p>\n\n\n\n<hr class=\"wp-block-separator\"\/>\n","protected":false},"excerpt":{"rendered":"","protected":false},"author":2,"featured_media":28277,"comment_status":"open","ping_status":"open","sticky":false,"template":"","format":"standard","meta":{"_acf_changed":false,"jetpack_post_was_ever_published":false,"_jetpack_newsletter_access":"","_jetpack_dont_email_post_to_subs":false,"_jetpack_newsletter_tier_id":0,"_jetpack_memberships_contains_paywalled_content":false,"_jetpack_memberships_contains_paid_content":false,"footnotes":"","jetpack_publicize_message":"","jetpack_publicize_feature_enabled":true,"jetpack_social_post_already_shared":true,"jetpack_social_options":{"image_generator_settings":{"template":"highway","default_image_id":0,"font":"","enabled":false},"version":2}},"categories":[8,3],"tags":[],"class_list":["post-28276","post","type-post","status-publish","format-standard","has-post-thumbnail","hentry","category-knjige","category-novosti"],"acf":{"facebook_opis":""},"jetpack_publicize_connections":[],"jetpack_featured_media_url":"https:\/\/i0.wp.com\/historiografija.hr\/wp-content\/uploads\/2021\/11\/Vrlina-nacionalizma.jpg?fit=644%2C1000&ssl=1","jetpack_sharing_enabled":true,"jetpack-related-posts":[],"_links":{"self":[{"href":"https:\/\/historiografija.hr\/index.php?rest_route=\/wp\/v2\/posts\/28276","targetHints":{"allow":["GET"]}}],"collection":[{"href":"https:\/\/historiografija.hr\/index.php?rest_route=\/wp\/v2\/posts"}],"about":[{"href":"https:\/\/historiografija.hr\/index.php?rest_route=\/wp\/v2\/types\/post"}],"author":[{"embeddable":true,"href":"https:\/\/historiografija.hr\/index.php?rest_route=\/wp\/v2\/users\/2"}],"replies":[{"embeddable":true,"href":"https:\/\/historiografija.hr\/index.php?rest_route=%2Fwp%2Fv2%2Fcomments&post=28276"}],"version-history":[{"count":1,"href":"https:\/\/historiografija.hr\/index.php?rest_route=\/wp\/v2\/posts\/28276\/revisions"}],"predecessor-version":[{"id":28278,"href":"https:\/\/historiografija.hr\/index.php?rest_route=\/wp\/v2\/posts\/28276\/revisions\/28278"}],"wp:featuredmedia":[{"embeddable":true,"href":"https:\/\/historiografija.hr\/index.php?rest_route=\/wp\/v2\/media\/28277"}],"wp:attachment":[{"href":"https:\/\/historiografija.hr\/index.php?rest_route=%2Fwp%2Fv2%2Fmedia&parent=28276"}],"wp:term":[{"taxonomy":"category","embeddable":true,"href":"https:\/\/historiografija.hr\/index.php?rest_route=%2Fwp%2Fv2%2Fcategories&post=28276"},{"taxonomy":"post_tag","embeddable":true,"href":"https:\/\/historiografija.hr\/index.php?rest_route=%2Fwp%2Fv2%2Ftags&post=28276"}],"curies":[{"name":"wp","href":"https:\/\/api.w.org\/{rel}","templated":true}]}}