{"id":28273,"date":"2021-11-16T18:01:55","date_gmt":"2021-11-16T18:01:55","guid":{"rendered":"http:\/\/historiografija.hr\/?p=28273"},"modified":"2021-11-16T18:01:55","modified_gmt":"2021-11-16T18:01:55","slug":"vjekoslav-perica-pomirenje-i-posljednji-dani-balkanske-nacije-u-mitovima-i-muzejima-slave-stida-i-srama","status":"publish","type":"post","link":"https:\/\/historiografija.hr\/?p=28273","title":{"rendered":"Vjekoslav Perica, \u201cPomirenje i posljednji dani. Balkanske nacije u mitovima i muzejima slave, stida i srama\u201d"},"content":{"rendered":"\n<p>Vjekoslav Perica (Split, 1955), je istori\u010dar i pisac. Do 2020. godine bio je profesor istorije na Sveu\u010dili\u0161tu u Rijeci. Sara\u0111uje sa izdava\u010dima knjiga i \u010dasopisa u zemljama Zapadnog Balkana i u SAD. Najnoviji njegovi radovi su \u201cAll victims matter: An assessment of recent progress toward reconciliation of Balkan faiths and peoples\u201d (\u201cSve su \u017ertve va\u017ene: Analiza nedavnog napretka prema pomirenju balkanskih vjera i naroda\u201d) u <em>Occasional Papers on Religion in Eastern Europe<\/em> (2020), Vol. 40, iss. 10) i \u201cMyth of Serbian Jerusalem: Inventing a Holy Land in Europe\u2019s periphery, 1982-2020\u201d (\u201cMit o srpskom Jeruzalemu: izmi\u0161ljanje svete zemlje na periferiji Evrope, 1982-2020\u201d) u knjizi <em>When politics are sacralized<\/em>, koju su uredili Nadim N. Rouhana i Nadera Shalhoub-Kevorkian (Cambridge University Press, 2021). Sara\u0111uje i sa portalima Pe\u0161\u010danik, Ta\u010dno.net i XXZ magazin. Pre ove, u Biblioteci XX vek objavljene su jo\u0161 tri Peri\u010dine knjige: <em>Balkanski idoli. Religija i nacionalizam u jugoslavenskim dr\u017eavama<\/em> (2006), <em>Sveti Petar i sveti Sava. Sakralni simboli kao metafore povijesnih promjena<\/em> (2009) i <em>Nebeska Jugoslavija. Interakcije politi\u010dkih mitologija i pop-kulture<\/em> (u koautorstvu sa Mitjom Velikonjom, 2012).<\/p>\n\n\n\n<p><\/p>\n\n\n\n<p><a href=\"http:\/\/www.bibliotekaxxvek.com\/wp-content\/uploads\/2021\/10\/248_Pomirenje-prelom_sadrzaj.pdf\" target=\"_blank\" rel=\"noreferrer noopener\"><strong>Predgovor<\/strong><\/a><\/p>\n\n\n\n<p><a rel=\"noreferrer noopener\" href=\"http:\/\/www.bibliotekaxxvek.com\/wp-content\/uploads\/2021\/10\/248_Pomirenje-prelom_sadrzaj.pdf\" target=\"_blank\"><strong>Sadr\u017eaj<\/strong><\/a><\/p>\n\n\n\n<hr class=\"wp-block-separator\"\/>\n\n\n\n<p>Izvor:<\/p>\n\n\n\n<figure class=\"wp-block-embed-wordpress wp-block-embed is-type-wp-embed is-provider-biblioteka-xx-vek\"><div class=\"wp-block-embed__wrapper\">\nhttp:\/\/www.bibliotekaxxvek.com\/perica-vjekoslav-pomirenje-i-posljednji-dani\/\n<\/div><\/figure>\n\n\n\n<hr class=\"wp-block-separator\"\/>\n","protected":false},"excerpt":{"rendered":"","protected":false},"author":2,"featured_media":28274,"comment_status":"open","ping_status":"open","sticky":false,"template":"","format":"standard","meta":{"_acf_changed":false,"jetpack_post_was_ever_published":false,"_jetpack_newsletter_access":"","_jetpack_dont_email_post_to_subs":false,"_jetpack_newsletter_tier_id":0,"_jetpack_memberships_contains_paywalled_content":false,"_jetpack_memberships_contains_paid_content":false,"footnotes":"","jetpack_publicize_message":"","jetpack_publicize_feature_enabled":true,"jetpack_social_post_already_shared":true,"jetpack_social_options":{"image_generator_settings":{"template":"highway","default_image_id":0,"font":"","enabled":false},"version":2}},"categories":[8,3],"tags":[],"class_list":["post-28273","post","type-post","status-publish","format-standard","has-post-thumbnail","hentry","category-knjige","category-novosti"],"acf":{"facebook_opis":""},"jetpack_publicize_connections":[],"jetpack_featured_media_url":"https:\/\/i0.wp.com\/historiografija.hr\/wp-content\/uploads\/2021\/11\/Perica.jpg?fit=203%2C300&ssl=1","jetpack_sharing_enabled":true,"jetpack-related-posts":[],"_links":{"self":[{"href":"https:\/\/historiografija.hr\/index.php?rest_route=\/wp\/v2\/posts\/28273","targetHints":{"allow":["GET"]}}],"collection":[{"href":"https:\/\/historiografija.hr\/index.php?rest_route=\/wp\/v2\/posts"}],"about":[{"href":"https:\/\/historiografija.hr\/index.php?rest_route=\/wp\/v2\/types\/post"}],"author":[{"embeddable":true,"href":"https:\/\/historiografija.hr\/index.php?rest_route=\/wp\/v2\/users\/2"}],"replies":[{"embeddable":true,"href":"https:\/\/historiografija.hr\/index.php?rest_route=%2Fwp%2Fv2%2Fcomments&post=28273"}],"version-history":[{"count":1,"href":"https:\/\/historiografija.hr\/index.php?rest_route=\/wp\/v2\/posts\/28273\/revisions"}],"predecessor-version":[{"id":28275,"href":"https:\/\/historiografija.hr\/index.php?rest_route=\/wp\/v2\/posts\/28273\/revisions\/28275"}],"wp:featuredmedia":[{"embeddable":true,"href":"https:\/\/historiografija.hr\/index.php?rest_route=\/wp\/v2\/media\/28274"}],"wp:attachment":[{"href":"https:\/\/historiografija.hr\/index.php?rest_route=%2Fwp%2Fv2%2Fmedia&parent=28273"}],"wp:term":[{"taxonomy":"category","embeddable":true,"href":"https:\/\/historiografija.hr\/index.php?rest_route=%2Fwp%2Fv2%2Fcategories&post=28273"},{"taxonomy":"post_tag","embeddable":true,"href":"https:\/\/historiografija.hr\/index.php?rest_route=%2Fwp%2Fv2%2Ftags&post=28273"}],"curies":[{"name":"wp","href":"https:\/\/api.w.org\/{rel}","templated":true}]}}