{"id":2827,"date":"2017-01-16T23:00:05","date_gmt":"2017-01-16T23:00:05","guid":{"rendered":"http:\/\/historiografija.hr\/?p=2827"},"modified":"2020-12-21T17:07:53","modified_gmt":"2020-12-21T17:07:53","slug":"preminuo-dubravko-lovrenovic","status":"publish","type":"post","link":"https:\/\/historiografija.hr\/?p=2827","title":{"rendered":"Preminuo Dubravko Lovrenovi\u0107"},"content":{"rendered":"<p style=\"text-align: justify; color: #000000; font-family: &quot;Times New Roman&quot;; font-size: 16px; margin-top: 0cm; margin-right: 0cm; margin-bottom: 0pt;\"><span style=\"font-family: &quot;trebuchet ms&quot;, geneva; font-size: 10pt;\">Akademija  nauka i umjetnosti Bosne i Hercegovine obavje\u0161tava bosanskohercegova\u010dku  javnost da je 17. 1. 2017. godine u Sarajevu preminuo prof. dr.  Dubravko Lovrenovi\u0107, dopisni \u010dlan ANUBiH i redovni profesor Filozofskog  fakulteta Univerziteta u Sarajevu.<\/span><\/p>\n<p style=\"text-align: justify; color: #000000; font-family: &quot;Times New Roman&quot;; font-size: 16px; margin-top: 0cm; margin-right: 0cm; margin-bottom: 0pt;\"><span style=\"font-family: &quot;trebuchet ms&quot;, geneva; font-size: 10pt;\"><br \/>\n<\/span><\/p>\n<p style=\"text-align: justify; color: #000000; font-family: &quot;Times New Roman&quot;; font-size: 16px; margin-top: 0cm; margin-right: 0cm; margin-bottom: 0pt;\"><span style=\"font-family: &quot;trebuchet ms&quot;, geneva; font-size: 10pt;\">Profesor  Lovrenovi\u0107 ro\u0111en je u Jajcu 1956. godine. Filozofski fakultet u  Sarajevu \u2013 Odsjek za historiju zavr\u0161io je 1979. godine, a 1980. godine  izabran je za asistenta na predmetu Op\u0107a historija srednjeg vijeka na  Filozofskom fakultetu u Sarajevu. Postdiplomski studij zavr\u0161io je u  Beogradu, a zvanje doktora nauka stekao je u Sarajevu. Radni vijek je  proveo na Filozofskom fakultetu Univerziteta u Sarajevu gdje je za  redovnog profesora izabran 2010. godine.<\/span><\/p>\n<p style=\"text-align: justify; color: #000000; font-family: &quot;Times New Roman&quot;; font-size: 16px; margin-top: 0cm; margin-right: 0cm; margin-bottom: 0pt;\"><span style=\"font-family: &quot;trebuchet ms&quot;, geneva; font-size: 10pt;\"><br \/>\n<\/span><\/p>\n<p style=\"text-align: justify; color: #000000; font-family: &quot;Times New Roman&quot;; font-size: 16px; margin-top: 0cm; margin-right: 0cm; margin-bottom: 0pt;\"><span style=\"font-family: &quot;trebuchet ms&quot;, geneva; font-size: 10pt;\">Za  dopisnog \u010dlana Akademije nauka i umjetnosti Bosne i Hercegovine izabran  je 2012. godine. Profesor Lovrenovi\u0107 je obavljao du\u017enost sekretara  Odjeljenja humanisti\u010dkih nauka ANUBiH, direktora Centra za leksikologiju  i leksikografiju, bio je \u010dlan Centra za balkanolo\u0161ka ispitivanja i \u010dlan  Odbora za istorijske nauke ANUBiH.<\/span><\/p>\n<p style=\"text-align: justify; color: #000000; font-family: &quot;Times New Roman&quot;; font-size: 16px; margin-top: 0cm; margin-right: 0cm; margin-bottom: 0pt;\"><span style=\"font-family: &quot;trebuchet ms&quot;, geneva; font-size: 10pt;\"><br \/>\n<\/span><\/p>\n<p style=\"text-align: justify; color: #000000; font-family: &quot;Times New Roman&quot;; font-size: 16px; margin-top: 0cm; margin-right: 0cm; margin-bottom: 0pt;\"><span style=\"font-family: &quot;trebuchet ms&quot;, geneva; font-size: 10pt;\">Smrt profesora Lovrenovi\u0107a ogroman je i nenadoknadiv gubitak za Akademiju nauka i umjetnosti Bosne i Hercegovine.<\/span><\/p>\n<p style=\"text-align: justify; color: #000000; font-family: &quot;Times New Roman&quot;; font-size: 16px; margin-top: 0cm; margin-right: 0cm; margin-bottom: 0pt;\"><span style=\"font-family: &quot;trebuchet ms&quot;, geneva; font-size: 10pt;\"><br \/>\n<\/span><\/p>\n<p style=\"text-align: justify; color: #000000; font-family: &quot;Times New Roman&quot;; font-size: 16px; margin-top: 0cm; margin-right: 0cm; margin-bottom: 0pt;\"><span style=\"font-family: &quot;trebuchet ms&quot;, geneva; font-size: 10pt;\">Komemorativna sjednica odr\u017eat \u0107e se u \u010detvrtak, 19. 1. 2017. godine u 12 sati u amfiteatru ANUBiH (Bistrik 7, Sarajevo).<\/span><\/p>\n<p style=\"text-align: justify; color: #000000; font-family: &quot;Times New Roman&quot;; font-size: 16px; margin-top: 0cm; margin-right: 0cm; margin-bottom: 0pt;\"><span style=\"font-family: &quot;trebuchet ms&quot;, geneva; font-size: 10pt;\"><br \/>\n<\/span><\/p>\n<p style=\"text-align: justify; color: #000000; font-family: &quot;Times New Roman&quot;; font-size: 16px; margin-top: 0cm; margin-right: 0cm; margin-bottom: 0pt;\"><span style=\"font-family: &quot;trebuchet ms&quot;, geneva; font-size: 10pt;\">Informacija o datumu i mjestu saharane bit \u0107e naknadno objavljena.<\/span><\/p>\n<p style=\"text-align: justify; color: #000000; font-family: &quot;Times New Roman&quot;; font-size: 16px; margin-top: 0cm; margin-right: 0cm; margin-bottom: 0pt;\"><span style=\"font-family: &quot;trebuchet ms&quot;, geneva; font-size: 10pt;\"><br \/>\n<\/span><\/p>\n<p style=\"text-align: justify; color: #000000; font-family: &quot;Times New Roman&quot;; font-size: 16px; margin-top: 0cm; margin-right: 0cm; margin-bottom: 0pt;\"><span style=\"font-family: &quot;trebuchet ms&quot;, geneva; font-size: 10pt;\">Akademija  nauka i umjetnosti Bosne i Hercegovine izra\u017eava najiskrenije sau\u010de\u0161\u0107e  obitelji profesora Lovrenovi\u0107a, svim prijateljima i saradnicima.<\/span><\/p>\n<p style=\"text-align: justify; color: #000000; font-family: &quot;Times New Roman&quot;; font-size: 16px; margin-top: 0cm; margin-right: 0cm; margin-bottom: 0pt;\"><span style=\"font-family: &quot;trebuchet ms&quot;, geneva; font-size: 10pt;\"><br \/>\n<\/span><\/p>\n<p style=\"text-align: justify; color: #000000; font-family: &quot;Times New Roman&quot;; font-size: 16px; margin-top: 0cm; margin-right: 0cm; margin-bottom: 0pt;\"><span style=\"font-family: &quot;trebuchet ms&quot;, geneva; font-size: 10pt;\"><br \/>\n<\/span><\/p>\n<p style=\"text-align: justify; color: #000000; font-family: &quot;Times New Roman&quot;; font-size: 16px; margin-top: 0cm; margin-right: 0cm; margin-bottom: 0pt;\">\n<p><span style=\"font-family: &quot;trebuchet ms&quot;, geneva; font-size: 10pt;\"><\/span><\/p>\n<p style=\"text-align: justify; color: #000000; font-family: &quot;Times New Roman&quot;; font-size: 16px; margin-top: 0cm; margin-right: 0cm; margin-bottom: 0pt;\">Izvor: <font face=\"Calibri\"><a href=\"http:\/\/www.anubih.ba\/\">http:\/\/www.anubih.ba\/<\/a><\/font><\/p>\n<p style=\"text-align: justify; color: #000000; font-family: &quot;Times New Roman&quot;; font-size: 16px; margin-top: 0cm; margin-right: 0cm; margin-bottom: 0pt;\"><font face=\"Calibri\"><br \/>\n<\/font><\/p>\n<p style=\"text-align: justify; color: #000000; font-family: &quot;Times New Roman&quot;; font-size: 16px; margin-top: 0cm; margin-right: 0cm; margin-bottom: 0pt;\"><font face=\"Calibri\"><br \/>\n<\/font><\/p>\n<p style=\"text-align: justify; color: #000000; font-family: &quot;Times New Roman&quot;; font-size: 16px; margin-top: 0cm; margin-right: 0cm; margin-bottom: 0pt;\">\n<p style=\"text-align: justify; color: #000000; font-family: &quot;Times New Roman&quot;; font-size: 16px; margin-top: 0cm; margin-right: 0cm; margin-bottom: 0pt;\"><font size=\"3\"><br \/>\n<\/font><\/p>\n<p style=\"text-align: justify; color: #000000; font-family: &quot;Times New Roman&quot;; font-size: 16px; margin-top: 0cm; margin-right: 0cm; margin-bottom: 0pt;\">\n<p><font size=\"2\" face=\"Trebuchet MS\"><br \/>\n<\/font><\/p>\n<p><span style=\"font-family: &quot;trebuchet ms&quot;, geneva; font-size: 10pt;\"><\/span><\/p>\n<p style=\"text-align: justify; color: #000000; font-family: &quot;Times New Roman&quot;; font-size: 16px; margin-top: 0cm; margin-right: 0cm; margin-bottom: 0pt;\">\n","protected":false},"excerpt":{"rendered":"","protected":false},"author":1,"featured_media":0,"comment_status":"open","ping_status":"open","sticky":false,"template":"","format":"standard","meta":{"_acf_changed":false,"jetpack_post_was_ever_published":false,"_jetpack_newsletter_access":"","_jetpack_dont_email_post_to_subs":false,"_jetpack_newsletter_tier_id":0,"_jetpack_memberships_contains_paywalled_content":false,"_jetpack_memberships_contains_paid_content":false,"footnotes":"","jetpack_publicize_message":"","jetpack_publicize_feature_enabled":true,"jetpack_social_post_already_shared":false,"jetpack_social_options":{"image_generator_settings":{"template":"highway","default_image_id":0,"font":"","enabled":false},"version":2}},"categories":[3,20],"tags":[],"class_list":["post-2827","post","type-post","status-publish","format-standard","hentry","category-novosti","category-obavijesti-o-smrti-i-nekrolozi"],"acf":{"facebook_opis":""},"jetpack_publicize_connections":[],"jetpack_featured_media_url":"","jetpack_sharing_enabled":true,"jetpack-related-posts":[{"id":52651,"url":"https:\/\/historiografija.hr\/?p=52651","url_meta":{"origin":2827,"position":0},"title":"Promocija knjige Emira O. Filipovi\u0107a \u201cVite\u0161tvo u srednjovjekovnoj Bosni\u201d u Sarajevu","author":"Branimir Jankovi\u0107","date":"24. travnja 2026.","format":false,"excerpt":"Knji\u017eevni korner poziva na promociju knjige Emira O. Filipovi\u0107a \u201cVite\u0161tvo u srednjovjekovnoj Bosni\u201d koja \u0107e se odr\u017eati u srijedu, 29. aprila 2026. u 18 sati u Evropskoj ku\u0107i kulture i nacionalnih manjina (Austrijska ku\u0107a) u Sarajevu. Na promociji \u0107e govoriti Mirsad Sijari\u0107, Ema Mazrak i autor, a moderirat \u0107e Nikola\u2026","rel":"","context":"U &quot;Novosti&quot;","block_context":{"text":"Novosti","link":"https:\/\/historiografija.hr\/?cat=3"},"img":{"alt_text":"","src":"https:\/\/i0.wp.com\/historiografija.hr\/wp-content\/uploads\/2026\/04\/Vitestvo.jpg?fit=1080%2C565&ssl=1&resize=350%2C200","width":350,"height":200,"srcset":"https:\/\/i0.wp.com\/historiografija.hr\/wp-content\/uploads\/2026\/04\/Vitestvo.jpg?fit=1080%2C565&ssl=1&resize=350%2C200 1x, https:\/\/i0.wp.com\/historiografija.hr\/wp-content\/uploads\/2026\/04\/Vitestvo.jpg?fit=1080%2C565&ssl=1&resize=525%2C300 1.5x, https:\/\/i0.wp.com\/historiografija.hr\/wp-content\/uploads\/2026\/04\/Vitestvo.jpg?fit=1080%2C565&ssl=1&resize=700%2C400 2x, https:\/\/i0.wp.com\/historiografija.hr\/wp-content\/uploads\/2026\/04\/Vitestvo.jpg?fit=1080%2C565&ssl=1&resize=1050%2C600 3x"},"classes":[]},{"id":52733,"url":"https:\/\/historiografija.hr\/?p=52733","url_meta":{"origin":2827,"position":1},"title":"Vlado Raji\u0107 \u201eGranica na kraju stolje\u0107a\u201c","author":"Filip \u0160imunjak","date":"29. travnja 2026.","format":false,"excerpt":"U suizdanju Durieuxa i Beletre objavljena je 2025. godine knjiga Granica na kraju stolje\u0107a autora Vlade Raji\u0107a.\u00a0 O knjizi\u00a0 Romansirana biografija Vladimira Iblera mnogo je vi\u0161e od zanimljive pri\u010de o privatnom \u017eivotu i impresivnoj profesionalnoj karijeri istaknutog stru\u010dnjaka za me\u0111unarodno pravo i dugo\u00adgodi\u0161njeg profesora na zagreba\u010dkom Pravnom fakultetu, akademika, koji\u2026","rel":"","context":"U &quot;Knjige&quot;","block_context":{"text":"Knjige","link":"https:\/\/historiografija.hr\/?cat=8"},"img":{"alt_text":"","src":"https:\/\/i0.wp.com\/historiografija.hr\/wp-content\/uploads\/2026\/04\/VLADO-RAJIC-GRANICA-NA-KRAJU-STOLJECA.jpg?fit=450%2C650&ssl=1&resize=350%2C200","width":350,"height":200},"classes":[]},{"id":52439,"url":"https:\/\/historiografija.hr\/?p=52439","url_meta":{"origin":2827,"position":2},"title":"Tribina &#8220;Ahmi\u0107i 33 godine kasnije: Ne u na\u0161e ime&#8221;","author":"Branimir Jankovi\u0107","date":"16. travnja 2026.","format":false,"excerpt":"U \u010detvrtak, 16. travnja 2026. u 17 sati u Knji\u017enici i \u010ditaonici Bogdana Ogrizovi\u0107a u Zagrebu odr\u017eat \u0107e se tribina pod nazivom Ahmi\u0107i 33 godine kasnije: Ne u na\u0161e ime. Na tribini \u0107e govoriti Ivica \u0110iki\u0107, novinar, Mubera Masli\u0107 \u2013 \u017ddralovi\u0107, aktivistikinja, prevoditeljica za arapski, Domagoj Fuk, student politologije, \u010dlan\u2026","rel":"","context":"U &quot;Novosti&quot;","block_context":{"text":"Novosti","link":"https:\/\/historiografija.hr\/?cat=3"},"img":{"alt_text":"","src":"https:\/\/i0.wp.com\/historiografija.hr\/wp-content\/uploads\/2026\/04\/Zagreb_2026.jpeg?fit=1200%2C900&ssl=1&resize=350%2C200","width":350,"height":200,"srcset":"https:\/\/i0.wp.com\/historiografija.hr\/wp-content\/uploads\/2026\/04\/Zagreb_2026.jpeg?fit=1200%2C900&ssl=1&resize=350%2C200 1x, https:\/\/i0.wp.com\/historiografija.hr\/wp-content\/uploads\/2026\/04\/Zagreb_2026.jpeg?fit=1200%2C900&ssl=1&resize=525%2C300 1.5x, https:\/\/i0.wp.com\/historiografija.hr\/wp-content\/uploads\/2026\/04\/Zagreb_2026.jpeg?fit=1200%2C900&ssl=1&resize=700%2C400 2x, https:\/\/i0.wp.com\/historiografija.hr\/wp-content\/uploads\/2026\/04\/Zagreb_2026.jpeg?fit=1200%2C900&ssl=1&resize=1050%2C600 3x"},"classes":[]},{"id":52666,"url":"https:\/\/historiografija.hr\/?p=52666","url_meta":{"origin":2827,"position":3},"title":"Najava programa Festivala povijesti Kliofest (5-8. V. 2026)","author":"Branimir Jankovi\u0107","date":"24. travnja 2026.","format":false,"excerpt":"Po trinaesti put odr\u017eava se Festival povijesti Kliofest! Do petka \u0107emo odr\u017eati osam okruglih stolova i dva kolokvija te niz predstavljanja knjiga i projekata razli\u010dite tematike, od antike do suvremenosti. Bit \u0107e predstavljeno i nekoliko izlo\u017ebi te odr\u017ean jedan povijesni kviz. Prikazat \u0107emo i jedan film \u2013 o generalu Boroevi\u0107u.\u2026","rel":"","context":"U &quot;Novosti&quot;","block_context":{"text":"Novosti","link":"https:\/\/historiografija.hr\/?cat=3"},"img":{"alt_text":"","src":"https:\/\/i0.wp.com\/historiografija.hr\/wp-content\/uploads\/2026\/04\/Kliofest-2026.jpg?fit=526%2C526&ssl=1&resize=350%2C200","width":350,"height":200,"srcset":"https:\/\/i0.wp.com\/historiografija.hr\/wp-content\/uploads\/2026\/04\/Kliofest-2026.jpg?fit=526%2C526&ssl=1&resize=350%2C200 1x, https:\/\/i0.wp.com\/historiografija.hr\/wp-content\/uploads\/2026\/04\/Kliofest-2026.jpg?fit=526%2C526&ssl=1&resize=525%2C300 1.5x"},"classes":[]},{"id":52760,"url":"https:\/\/historiografija.hr\/?p=52760","url_meta":{"origin":2827,"position":4},"title":"Izlo\u017eba \u201cLo\u0161injski brodovi, njihove zastave i ljudi\u201d, 4. svibnja u 19h","author":"Filip \u0160imunjak","date":"30. travnja 2026.","format":false,"excerpt":"Hrvatski pomorski muzej Split, Glagolja\u0161a 18 (Tvr\u0111ava Gripe) Nakon \u0161to je u rujnu 2025. godine na otoku Lo\u0161inju, u suradnji Lo\u0161injskog muzeja i Hrvatskog pomorskog muzeja Split, predstavljena izlo\u017eba posve\u0107ena bogatoj pomorskoj ba\u0161tini otoka, njezino pro\u0161ireno izdanje postavlja se u Splitu. Uo\u010di blagdana svetog Dujma splitskoj \u0107e se publici predstaviti\u2026","rel":"","context":"U &quot;Izlo\u017ebe&quot;","block_context":{"text":"Izlo\u017ebe","link":"https:\/\/historiografija.hr\/?cat=10"},"img":{"alt_text":"","src":"https:\/\/i0.wp.com\/historiografija.hr\/wp-content\/uploads\/2026\/04\/Losinjski-brodovi-Izlozba-1-scaled.webp?fit=840%2C1200&ssl=1&resize=350%2C200","width":350,"height":200,"srcset":"https:\/\/i0.wp.com\/historiografija.hr\/wp-content\/uploads\/2026\/04\/Losinjski-brodovi-Izlozba-1-scaled.webp?fit=840%2C1200&ssl=1&resize=350%2C200 1x, https:\/\/i0.wp.com\/historiografija.hr\/wp-content\/uploads\/2026\/04\/Losinjski-brodovi-Izlozba-1-scaled.webp?fit=840%2C1200&ssl=1&resize=525%2C300 1.5x, https:\/\/i0.wp.com\/historiografija.hr\/wp-content\/uploads\/2026\/04\/Losinjski-brodovi-Izlozba-1-scaled.webp?fit=840%2C1200&ssl=1&resize=700%2C400 2x"},"classes":[]},{"id":52563,"url":"https:\/\/historiografija.hr\/?p=52563","url_meta":{"origin":2827,"position":5},"title":"Predavanje Nenada Fabijani\u0107a o stadionu Poljud u Splitu","author":"Branimir Jankovi\u0107","date":"21. travnja 2026.","format":false,"excerpt":"Znanstveno vije\u0107e za arhitekturu, urbanizam i ure\u0111enje prostora Hrvatske akademije znanosti i umjetnosti organizira predavanje \u201cPo Poljudu\u201d koje \u0107e u srijedu 22. travnja 2026. s po\u010detkom u 14 sati u Knji\u017enici HAZU, Strossmayerov trg 14 u Zagrebu, odr\u017eati\u00a0prof. emerit. dr. art. Nenad Fabijani\u0107,\u00a0\u010dlan suradnik HAZU. Predavanje \u201ePo Poljudu\u201c (Projekt obnove)\u2026","rel":"","context":"U &quot;Novosti&quot;","block_context":{"text":"Novosti","link":"https:\/\/historiografija.hr\/?cat=3"},"img":{"alt_text":"","src":"https:\/\/i0.wp.com\/historiografija.hr\/wp-content\/uploads\/2026\/04\/Poljud-scaled.jpeg?fit=1200%2C800&ssl=1&resize=350%2C200","width":350,"height":200,"srcset":"https:\/\/i0.wp.com\/historiografija.hr\/wp-content\/uploads\/2026\/04\/Poljud-scaled.jpeg?fit=1200%2C800&ssl=1&resize=350%2C200 1x, https:\/\/i0.wp.com\/historiografija.hr\/wp-content\/uploads\/2026\/04\/Poljud-scaled.jpeg?fit=1200%2C800&ssl=1&resize=525%2C300 1.5x, https:\/\/i0.wp.com\/historiografija.hr\/wp-content\/uploads\/2026\/04\/Poljud-scaled.jpeg?fit=1200%2C800&ssl=1&resize=700%2C400 2x, https:\/\/i0.wp.com\/historiografija.hr\/wp-content\/uploads\/2026\/04\/Poljud-scaled.jpeg?fit=1200%2C800&ssl=1&resize=1050%2C600 3x"},"classes":[]}],"_links":{"self":[{"href":"https:\/\/historiografija.hr\/index.php?rest_route=\/wp\/v2\/posts\/2827","targetHints":{"allow":["GET"]}}],"collection":[{"href":"https:\/\/historiografija.hr\/index.php?rest_route=\/wp\/v2\/posts"}],"about":[{"href":"https:\/\/historiografija.hr\/index.php?rest_route=\/wp\/v2\/types\/post"}],"author":[{"embeddable":true,"href":"https:\/\/historiografija.hr\/index.php?rest_route=\/wp\/v2\/users\/1"}],"replies":[{"embeddable":true,"href":"https:\/\/historiografija.hr\/index.php?rest_route=%2Fwp%2Fv2%2Fcomments&post=2827"}],"version-history":[{"count":1,"href":"https:\/\/historiografija.hr\/index.php?rest_route=\/wp\/v2\/posts\/2827\/revisions"}],"predecessor-version":[{"id":24188,"href":"https:\/\/historiografija.hr\/index.php?rest_route=\/wp\/v2\/posts\/2827\/revisions\/24188"}],"wp:attachment":[{"href":"https:\/\/historiografija.hr\/index.php?rest_route=%2Fwp%2Fv2%2Fmedia&parent=2827"}],"wp:term":[{"taxonomy":"category","embeddable":true,"href":"https:\/\/historiografija.hr\/index.php?rest_route=%2Fwp%2Fv2%2Fcategories&post=2827"},{"taxonomy":"post_tag","embeddable":true,"href":"https:\/\/historiografija.hr\/index.php?rest_route=%2Fwp%2Fv2%2Ftags&post=2827"}],"curies":[{"name":"wp","href":"https:\/\/api.w.org\/{rel}","templated":true}]}}