{"id":28269,"date":"2021-11-15T17:35:39","date_gmt":"2021-11-15T17:35:39","guid":{"rendered":"http:\/\/historiografija.hr\/?p=28269"},"modified":"2021-11-15T17:40:53","modified_gmt":"2021-11-15T17:40:53","slug":"international-consortium-organizes-conference-on-the-jasenovac-camp","status":"publish","type":"post","link":"https:\/\/historiografija.hr\/?p=28269","title":{"rendered":"International Consortium Organizes Conference on the Jasenovac camp"},"content":{"rendered":"\n<p><strong>Recent years have seen an increase in public debates and controversies concerning the Jasenovac camp complex, built in&nbsp;August 1941 after the establishment of the Independent State of Croatia (Nezavisna Dr\u017eava Hrvatska, NDH). On 15\u201317 December a&nbsp;group of international scholars will revisit the history and memory of the camp in an online conference that is open to the public.<\/strong><br><br>The conference&nbsp;<em>Jasenovac Past and Present: History and Memory of Institutionalised Destruction<\/em>&nbsp;is co-organised by a consortium&nbsp;consisting of the<a href=\"http:\/\/valentin.uu.se\/\" target=\"_blank\" rel=\"noreferrer noopener\"> Hugo Valentin Centre<\/a>&nbsp;at&nbsp;Uppsala University,&nbsp;<a href=\"http:\/\/memorialshoah.org\/\" target=\"_blank\" rel=\"noreferrer noopener\">M\u00e9morial de la Shoah<\/a>&nbsp;in Paris,&nbsp;<a href=\"http:\/\/topographie.de\/\" target=\"_blank\" rel=\"noreferrer noopener\">Topographie des Terrors<\/a>&nbsp;in Berlin, the&nbsp;Department of History at the&nbsp;<a href=\"https:\/\/web2020.ffzg.unizg.hr\/\" target=\"_blank\" rel=\"noreferrer noopener\">Faculty of Humanties and Social Sciences<\/a>&nbsp;&nbsp;University of Zagreb, the Department of History at the Faculty&nbsp;of Philosophy,&nbsp;University of Belgrade, and the&nbsp;Jasenovac Memorial Site. The event has been made possible by a financial contribution&nbsp;from the&nbsp;<a href=\"http:\/\/holocaustremembrance.com\/\" target=\"_blank\" rel=\"noreferrer noopener\">International Holocaust Remembrance Alliance<\/a>.<br><br>By connecting local history and memory with wider European trends, the conference will pave the way for increased research&nbsp;cooperation across national borders, while helping to situate Jasenovac more firmly in European&nbsp;consciousness as an important locality&nbsp;of the Holocaust. It will furthermore engage with media, policymakers,&nbsp;educators and the public at large, thus helping to counter the&nbsp;distortions and manipulations that continue to plague&nbsp;public debates and perceptions about the camp.<\/p>\n\n\n\n<p>For the programme and pre-registration, please visit\u00a0<a rel=\"noreferrer noopener\" href=\"http:\/\/jasenovac-past-and-present.org\/\" target=\"_blank\">jasenovac-past-and-present.org<\/a>\u00a0or fill out this registration form:\u00a0<a rel=\"noreferrer noopener\" href=\"https:\/\/reg.akademikonferens.se\/Jasenovac2021\" target=\"_blank\">https:\/\/reg.akademikonferens.se\/Jasenovac2021<\/a>. Registered persons will receive access to the platform beginning on monday 15 November.<\/p>\n\n\n\n<hr class=\"wp-block-separator\"\/>\n\n\n\n<p><strong>Napomena:<\/strong><\/p>\n\n\n\n<p>O konferenciji \u201cJasenovac: pro\u0161lost i sada\u0161njost \u2013 povijest i sje\u0107anje na institucionalno uni\u0161tenje\u201d (prvotno planiranoj za 24. i 26. o\u017eujka 2020. i zatim odgo\u0111enoj zbog pandemije) ve\u0107 smo vi\u0161estruko obavje\u0161tavali na portalu Historiografija.hr:<\/p>\n\n\n\n<figure class=\"wp-block-embed-wordpress wp-block-embed is-type-wp-embed is-provider-historiografija-hr\"><div class=\"wp-block-embed__wrapper\">\n<blockquote class=\"wp-embedded-content\" data-secret=\"2js3r8F4Gm\"><a href=\"https:\/\/historiografija.hr\/?p=19452\">Program konferencije \u201cJasenovac Past and Present: History and Memory of Institutionalised Destruction\u201d<\/a><\/blockquote><iframe loading=\"lazy\" class=\"wp-embedded-content\" sandbox=\"allow-scripts\" security=\"restricted\" style=\"position: absolute; clip: rect(1px, 1px, 1px, 1px);\" title=\"&#8220;Program konferencije \u201cJasenovac Past and Present: History and Memory of Institutionalised Destruction\u201d&#8221; &#8212; Historiografija.hr\" src=\"https:\/\/historiografija.hr\/?p=19452&#038;embed=true#?secret=2js3r8F4Gm\" data-secret=\"2js3r8F4Gm\" width=\"600\" height=\"338\" frameborder=\"0\" marginwidth=\"0\" marginheight=\"0\" scrolling=\"no\"><\/iframe>\n<\/div><\/figure>\n\n\n\n<hr class=\"wp-block-separator\"\/>\n","protected":false},"excerpt":{"rendered":"","protected":false},"author":2,"featured_media":16272,"comment_status":"open","ping_status":"open","sticky":false,"template":"","format":"standard","meta":{"_acf_changed":false,"jetpack_post_was_ever_published":false,"_jetpack_newsletter_access":"","_jetpack_dont_email_post_to_subs":false,"_jetpack_newsletter_tier_id":0,"_jetpack_memberships_contains_paywalled_content":false,"_jetpack_memberships_contains_paid_content":false,"footnotes":"","jetpack_publicize_message":"","jetpack_publicize_feature_enabled":true,"jetpack_social_post_already_shared":true,"jetpack_social_options":{"image_generator_settings":{"template":"highway","default_image_id":0,"font":"","enabled":false},"version":2}},"categories":[3,9],"tags":[],"class_list":["post-28269","post","type-post","status-publish","format-standard","has-post-thumbnail","hentry","category-novosti","category-skupovi"],"acf":{"facebook_opis":""},"jetpack_publicize_connections":[],"jetpack_featured_media_url":"https:\/\/i0.wp.com\/historiografija.hr\/wp-content\/uploads\/2019\/09\/Jasenovac.png?fit=2560%2C1200&ssl=1","jetpack_sharing_enabled":true,"jetpack-related-posts":[],"_links":{"self":[{"href":"https:\/\/historiografija.hr\/index.php?rest_route=\/wp\/v2\/posts\/28269","targetHints":{"allow":["GET"]}}],"collection":[{"href":"https:\/\/historiografija.hr\/index.php?rest_route=\/wp\/v2\/posts"}],"about":[{"href":"https:\/\/historiografija.hr\/index.php?rest_route=\/wp\/v2\/types\/post"}],"author":[{"embeddable":true,"href":"https:\/\/historiografija.hr\/index.php?rest_route=\/wp\/v2\/users\/2"}],"replies":[{"embeddable":true,"href":"https:\/\/historiografija.hr\/index.php?rest_route=%2Fwp%2Fv2%2Fcomments&post=28269"}],"version-history":[{"count":3,"href":"https:\/\/historiografija.hr\/index.php?rest_route=\/wp\/v2\/posts\/28269\/revisions"}],"predecessor-version":[{"id":28272,"href":"https:\/\/historiografija.hr\/index.php?rest_route=\/wp\/v2\/posts\/28269\/revisions\/28272"}],"wp:featuredmedia":[{"embeddable":true,"href":"https:\/\/historiografija.hr\/index.php?rest_route=\/wp\/v2\/media\/16272"}],"wp:attachment":[{"href":"https:\/\/historiografija.hr\/index.php?rest_route=%2Fwp%2Fv2%2Fmedia&parent=28269"}],"wp:term":[{"taxonomy":"category","embeddable":true,"href":"https:\/\/historiografija.hr\/index.php?rest_route=%2Fwp%2Fv2%2Fcategories&post=28269"},{"taxonomy":"post_tag","embeddable":true,"href":"https:\/\/historiografija.hr\/index.php?rest_route=%2Fwp%2Fv2%2Ftags&post=28269"}],"curies":[{"name":"wp","href":"https:\/\/api.w.org\/{rel}","templated":true}]}}