{"id":28263,"date":"2021-11-15T16:05:42","date_gmt":"2021-11-15T16:05:42","guid":{"rendered":"http:\/\/historiografija.hr\/?p=28263"},"modified":"2021-11-15T16:05:42","modified_gmt":"2021-11-15T16:05:42","slug":"poziv-za-prijavu-regionalna-skola-tranzicione-pravde","status":"publish","type":"post","link":"https:\/\/historiografija.hr\/?p=28263","title":{"rendered":"Poziv za prijavu \u2013 Regionalna \u0161kola tranzicione pravde"},"content":{"rendered":"\n<p>Fond za humanitarno pravo (FHP) poziva mlade gra\u0111anke i gra\u0111ane Bosne i Hercegovine, Crne Gore, Kosova, Hrvatske i Srbije da se prijave na konkurs za upis pete generacije studenata Regionalne \u0161kole tranzicione pravde, koja \u0107e se odr\u017eati u onlajn formatu, od 6. do 10. decembra 2021. godine.<\/p>\n\n\n\n<p><strong>O \u0160koli<\/strong><\/p>\n\n\n\n<p>Regionalna \u0161kola tranzicione pravde je program neformalnog obrazovanja o osnovnim konceptima tranzicione pravde, sudski utvr\u0111enim \u010dinjenicama o zlo\u010dinima po\u010dinjenim tokom oru\u017eanih sukoba na tlu biv\u0161e Jugoslavije, mehanizmima za utvr\u0111ivanje tih \u010dinjenica, potrebi za institucionalnim reformama u post-konfliktnim dr\u017eavama, politikama se\u0107anja i srodnim aspektima procesa suo\u010davanja sa pro\u0161lo\u0161\u0107u.<\/p>\n\n\n\n<p>Program pete po redu Regionalne \u0161kole zami\u0161ljen je kao serija od 17 interaktivnih sesija, tokom kojih \u0107e polaznici imati priliku da slu\u0161aju predavanja stru\u010dnjakinja i stru\u010dnjaka iz oblasti tranzicione pravde, kao i da diskutuju na razli\u010dite teme.<\/p>\n\n\n\n<p>Finalni raspored predavanja i lista predava\u010da bi\u0107e dostupni krajem novembra.<\/p>\n\n\n\n<p>Radni jezici \u0160kole \u0107e biti BHS i albanski, a tokom svih sesija bi\u0107e obezbe\u0111en simultani prevod. Komunikacija sa organizatorima \u0107e se odvijati na engleskom jeziku, te je znanje engleskog jezika po\u017eeljno.<\/p>\n\n\n\n<p><strong>Prijava<\/strong><\/p>\n\n\n\n<p>Na konkurs se mogu prijaviti mladi profesionalci zaposleni u dr\u017eavnoj upravi, studenti dru\u0161tvenih nauka zavr\u0161nih godina i post-diplomskih studija, aktivisti civilnog dru\u0161tva, \u010dlanovi politi\u010dkih partija, novinari i umetnici iz Bosne i Hercegovine, Crne Gore, sa Kosova, iz Hrvatske i Srbije.<\/p>\n\n\n\n<p>Prijava za u\u010de\u0161\u0107e vr\u0161i se popunjavanjem formulara na engleskom jeziku koji je dostupan <a href=\"https:\/\/forms.office.com\/pages\/responsepage.aspx?id=SamsZayOD0C1a7G05-5rjrPcXsxRhUpGuLF4Jh8methUM0RIMU5FN0c3NkUzWThWWU43UjZXQjBOMCQlQCN0PWcu\" target=\"_blank\" rel=\"noreferrer noopener\">ovde<\/a>, najkasnije do 21. novembra 2021. godine u 23:59h. Primljeni kandidati i kandidatkinje \u0107e biti obave\u0161teni do 26. novembra 2021. godine.<\/p>\n\n\n\n<p>Eventualna pitanja u vezi sa prijavama na Regionalnu \u0161kolu tranzicione pravde, njenim odr\u017eavanjem i programom mo\u017eete uputiti na email adresu <a href=\"https:\/\/historiografija.ba\/\u201cmailto:tj-school@hlc-rdc.org%22\">tj-school@hlc-rdc.org<\/a>.<\/p>\n\n\n\n<hr class=\"wp-block-separator\"\/>\n\n\n\n<p>Preneseno s portala <strong>Historiografija.ba<\/strong>:<\/p>\n\n\n\n<p><a href=\"https:\/\/historiografija.ba\/article.php?id=816\">https:\/\/historiografija.ba\/article.php?id=816<\/a><\/p>\n\n\n\n<hr class=\"wp-block-separator\"\/>\n","protected":false},"excerpt":{"rendered":"","protected":false},"author":2,"featured_media":28264,"comment_status":"open","ping_status":"open","sticky":false,"template":"","format":"standard","meta":{"_acf_changed":false,"jetpack_post_was_ever_published":false,"_jetpack_newsletter_access":"","_jetpack_dont_email_post_to_subs":false,"_jetpack_newsletter_tier_id":0,"_jetpack_memberships_contains_paywalled_content":false,"_jetpack_memberships_contains_paid_content":false,"footnotes":"","jetpack_publicize_message":"","jetpack_publicize_feature_enabled":true,"jetpack_social_post_already_shared":true,"jetpack_social_options":{"image_generator_settings":{"template":"highway","default_image_id":0,"font":"","enabled":false},"version":2}},"categories":[3,9],"tags":[],"class_list":["post-28263","post","type-post","status-publish","format-standard","has-post-thumbnail","hentry","category-novosti","category-skupovi"],"acf":{"facebook_opis":""},"jetpack_publicize_connections":[],"jetpack_featured_media_url":"https:\/\/i0.wp.com\/historiografija.hr\/wp-content\/uploads\/2021\/11\/Regionalna-skola.jpg?fit=555%2C555&ssl=1","jetpack_sharing_enabled":true,"jetpack-related-posts":[],"_links":{"self":[{"href":"https:\/\/historiografija.hr\/index.php?rest_route=\/wp\/v2\/posts\/28263","targetHints":{"allow":["GET"]}}],"collection":[{"href":"https:\/\/historiografija.hr\/index.php?rest_route=\/wp\/v2\/posts"}],"about":[{"href":"https:\/\/historiografija.hr\/index.php?rest_route=\/wp\/v2\/types\/post"}],"author":[{"embeddable":true,"href":"https:\/\/historiografija.hr\/index.php?rest_route=\/wp\/v2\/users\/2"}],"replies":[{"embeddable":true,"href":"https:\/\/historiografija.hr\/index.php?rest_route=%2Fwp%2Fv2%2Fcomments&post=28263"}],"version-history":[{"count":1,"href":"https:\/\/historiografija.hr\/index.php?rest_route=\/wp\/v2\/posts\/28263\/revisions"}],"predecessor-version":[{"id":28265,"href":"https:\/\/historiografija.hr\/index.php?rest_route=\/wp\/v2\/posts\/28263\/revisions\/28265"}],"wp:featuredmedia":[{"embeddable":true,"href":"https:\/\/historiografija.hr\/index.php?rest_route=\/wp\/v2\/media\/28264"}],"wp:attachment":[{"href":"https:\/\/historiografija.hr\/index.php?rest_route=%2Fwp%2Fv2%2Fmedia&parent=28263"}],"wp:term":[{"taxonomy":"category","embeddable":true,"href":"https:\/\/historiografija.hr\/index.php?rest_route=%2Fwp%2Fv2%2Fcategories&post=28263"},{"taxonomy":"post_tag","embeddable":true,"href":"https:\/\/historiografija.hr\/index.php?rest_route=%2Fwp%2Fv2%2Ftags&post=28263"}],"curies":[{"name":"wp","href":"https:\/\/api.w.org\/{rel}","templated":true}]}}