{"id":28251,"date":"2021-11-15T15:32:48","date_gmt":"2021-11-15T15:32:48","guid":{"rendered":"http:\/\/historiografija.hr\/?p=28251"},"modified":"2021-11-15T15:37:00","modified_gmt":"2021-11-15T15:37:00","slug":"izlozba-zagrebacki-tiskar-antun-jandera-u-povodu-250-godina-od-izdavanja-prvih-hrvatskih-novina","status":"publish","type":"post","link":"https:\/\/historiografija.hr\/?p=28251","title":{"rendered":"Izlo\u017eba &#8220;Zagreba\u010dki tiskar Antun Jandera u povodu 250 godina od izdavanja prvih hrvatskih novina&#8221;"},"content":{"rendered":"\n<p>Gradska knji\u017enica u Zagrebu u suradnji s Hrvatsko-\u010de\u0161kim dru\u0161tvom organizira izlo\u017ebu <em>Zagreba\u010dki tiskar<\/em> <em>Antun Jandera: izlo\u017eba u povodu 250 godina od izdavanja prvih hrvatskih novina<\/em>, od 16. studenog do 4. prosinca 2021. Autori izlo\u017ebe su Sara D\u017eapo, Davor Ferkovi\u0107 i Marijan Lipovac.<\/p>\n\n\n\n<p>\u010ceh Antun Jandera je 1771. u Zagrebu izdavao novine na latinskom jeziku <em>Ephemerides Zagrabienses<\/em>, \u010dime po\u010dinje i povijest hrvatskog novinstva, no od 50 brojeva nije sa\u010duvan nijedan primjerak.<\/p>\n\n\n\n<p>Na izlo\u017ebi \u0107e biti izlo\u017eene knjige iz fonda Gradske knji\u017enice koje je Jandera tiskao tijekom svog djelovanja u Zagrebu, od 1766. do 1772., oglasi iz kojih doznajemo da je 1771. izdavao novine, kao i preslike dokumenata o njegovom ro\u0111enju i smrti, dokazi o njegovom djelovanju u Pragu i preslika njegova pisma poslanog Hrvatskom kraljevskom vije\u0107u u Vara\u017edinu 1772. Zapis iz mati\u010dne knjige u \u010de\u0161kom gradu P\u0159\u00edbramu bit \u0107e izlo\u017een prvi put, a iz njega doznajemo to\u010dan datum Janderinog ro\u0111enja, \u010dime se ispravlja neto\u010dan podatak u dosada\u0161njoj literaturi da je Jandera ro\u0111en 1728.<\/p>\n\n\n\n<p>Antun Jandera rodio se 13. prosinca 1738. u P\u0159\u00edbramu kao Anton\u00edn Jan Franti\u0161ek Jandera u tiskarskoj obitelji. Njegova majka Monika Ludmila Pr\u00e1chynov\u00e1 bila je najmla\u0111a k\u0107i tiskara J\u00e1chyma Franti\u0161eka Prachynusa i Ane\u017eke Dorote Pileciove te se udala za Jana Martina Janderu, faktora u maj\u010dinoj tiskari. Nakon \u0161to je 1740. umro, supruga mu se udala za tiskara Franti\u0161eka Augustina H\u00f6chenbergera. U njegovoj tiskari 1753. se kao \u0161egrt tiskarskom zanatu po\u010deo u\u010diti i 15-godi\u0161nji Anton\u00edn Jandera, koji se iste godine preselio u Prag gdje je po\u010deo raditi u isusova\u010dkoj tiskari. Ondje je djelovao kao slagar sve do 1765., a godinu kasnije spominje se u Zagrebu kao faktor u Kraljevinskoj tiskari Franje Ksavera Cerov\u0161eka. Jandera je u Cerov\u0161ekovoj tiskari tiskao djela <em>Jeka planine<\/em> Vida Do\u0161ena, <em>Nova slavonska i nima\u010dka gramatika<\/em> Matije Antuna Relkovi\u0107a i <em>Zercalo Marijansko kipa Jeruzalemskog vu Krapine<\/em> Nikole Gorupa. \u017dele\u0107i se osamostaliti, Jandera je 1768. kreditom Stolnog kaptola zagreba\u010dkog otvorio svoju tiskaru, no budu\u0107i da kredit nije otplatio, ona nije bila njegovo, ve\u0107 vlasni\u0161tvo Kaptola. Tiskara je najprije bila smje\u0161tena u Novoj Vesi, a zatim seli u Premu\u017ei\u0107evu ku\u0107u na Opatovini.<\/p>\n\n\n\n<p>U novoj tiskari Jandera je imao tri radnika te je nastavio tiskati kalendar <em>Calendarium Zagrabiense<\/em>, \u010dije izdavanje je zapo\u010deo 1767. Najzna\u010dajnije knjige koje je tiskao bile su one Baltazara Adama Kr\u010deli\u0107a: <em>De regnis Dalmatiae, Croatiae, Sclavoniae notitiae praeliminares<\/em> i povijest zagreba\u010dke crkve \u2013 <em>Historia cathedralis ecclesiae Zagrabiensis<\/em>. Tiskao je i <em>Artis heraldicae notitia brevis <\/em>Ivana Vor\u0161i\u0107a, prvi hrvatski ud\u017ebenik iz heraldike, propovijedi Ivana Krstitelja Campadellija, djelo Vida Do\u0161ena <em>A\u017edaja sedmoglava<\/em>, kao i djelo \u010de\u0161kog autora V\u00e1clava Jana Paula <em>Razgovor i navuk od der\u017eanja i hranjenja ovac, zatim ob obder\u017eavanju duhana<\/em>.&nbsp;<\/p>\n\n\n\n<p>U kalendaru za 1771. Jandera je najavio da \u0107e od 1. sije\u010dnja 1771. \u201eda zadovolji \u017eelje mnogih\u201c izdavati latinske novine po uzoru na be\u010dki <em>Wienerisches diarium<\/em>. Tako su nastale prve novine u Hrvatskoj, <em>Ephemerides Zagrabienses<\/em>. Izlazile su svake subote na \u010detiri stranice, a prodavale su se za tri krajcara u Janderinoj tiskari na Opatovini. Tijekom 1771. iza\u0161lo je 50 brojeva tih novina, od kojih nije sa\u010duvan niti jedan primjerak. Novine, me\u0111utim, nisu bile dugog vijeka zbog nedostatka stru\u010dnih ljudi, a time i vijesti. Krajem 1771. Jandera je me\u0111u knjigama koje nudi na prodaju spomenuo i uvezano godi\u0161te svih brojeva novina iza\u0161lih u 1771. Kratko je objasnio i sudbinu novina i izrazio nadu da \u0107e jednog dana opet izlaziti: \u201eZagreba\u010dka bi tiskara zaista novinama, koliko je do nje, srda\u010dno \u017eeljela stalno slu\u017eiti javnosti. Poslije jedva protekle pola godine otkazalo je da i dalje pi\u0161e pero prvog sastavlja\u010da, koje se bilo samo ponudilo, a drugi se ljudi odvra\u0107aju od neugoda ovakve vrste, u prvom redu jer \u010ditave godine Tiskari nisu stizale nikakve vijesti iz na\u0161ih krajeva pa ako <em>Ephemerides Zagrabienses<\/em> prestanu odsad izlaziti ispod tiskarskog tijeska ovaj \u0107e poku\u0161aj s jedne strane ostati hvalevrijedan, ali \u0107e s druge neuspjeh biti ispri\u010dan.\u201c Nije poznato tko je bio taj \u201eprvi sastavlja\u010d\u201c, tj. glavni urednik novina, a postoji pretpostavka da se radilo o Baltazaru Adamu Kr\u010deli\u0107u, koji je u svom ljetopisu<em> Annuae<\/em> tijekom 19 godina, sve do 1767., bilje\u017eio doga\u0111aje u Zagrebu i okolici, ali i svijetu, poput novinara.<\/p>\n\n\n\n<p>Antun Jandera se 1769. u Zagrebu o\u017eenio Julijanom Softi\u0107 Magli\u0107 s kojom je dobio k\u0107er Justinu Karolinu, ro\u0111enu 1771., a umro je 19. kolovoza 1772.<\/p>\n\n\n\n<hr class=\"wp-block-separator\"\/>\n\n\n\n<figure class=\"wp-block-image size-large\"><img data-recalc-dims=\"1\" loading=\"lazy\" decoding=\"async\" width=\"860\" height=\"415\" data-attachment-id=\"28254\" data-permalink=\"https:\/\/historiografija.hr\/?attachment_id=28254\" data-orig-file=\"https:\/\/i0.wp.com\/historiografija.hr\/wp-content\/uploads\/2021\/11\/jandera-potpis-scaled.jpg?fit=2560%2C1234&amp;ssl=1\" data-orig-size=\"2560,1234\" data-comments-opened=\"1\" data-image-meta=\"{&quot;aperture&quot;:&quot;0&quot;,&quot;credit&quot;:&quot;&quot;,&quot;camera&quot;:&quot;&quot;,&quot;caption&quot;:&quot;&quot;,&quot;created_timestamp&quot;:&quot;0&quot;,&quot;copyright&quot;:&quot;&quot;,&quot;focal_length&quot;:&quot;0&quot;,&quot;iso&quot;:&quot;0&quot;,&quot;shutter_speed&quot;:&quot;0&quot;,&quot;title&quot;:&quot;&quot;,&quot;orientation&quot;:&quot;0&quot;}\" data-image-title=\"jandera-potpis\" data-image-description=\"\" data-image-caption=\"\" data-large-file=\"https:\/\/i0.wp.com\/historiografija.hr\/wp-content\/uploads\/2021\/11\/jandera-potpis-scaled.jpg?fit=860%2C415&amp;ssl=1\" src=\"https:\/\/i0.wp.com\/historiografija.hr\/wp-content\/uploads\/2021\/11\/jandera-potpis.jpg?resize=860%2C415&#038;ssl=1\" alt=\"\" class=\"wp-image-28254\" srcset=\"https:\/\/i0.wp.com\/historiografija.hr\/wp-content\/uploads\/2021\/11\/jandera-potpis-scaled.jpg?resize=1024%2C494&amp;ssl=1 1024w, https:\/\/i0.wp.com\/historiografija.hr\/wp-content\/uploads\/2021\/11\/jandera-potpis-scaled.jpg?resize=300%2C145&amp;ssl=1 300w, https:\/\/i0.wp.com\/historiografija.hr\/wp-content\/uploads\/2021\/11\/jandera-potpis-scaled.jpg?resize=768%2C370&amp;ssl=1 768w, https:\/\/i0.wp.com\/historiografija.hr\/wp-content\/uploads\/2021\/11\/jandera-potpis-scaled.jpg?resize=1536%2C741&amp;ssl=1 1536w, https:\/\/i0.wp.com\/historiografija.hr\/wp-content\/uploads\/2021\/11\/jandera-potpis-scaled.jpg?resize=2048%2C987&amp;ssl=1 2048w, https:\/\/i0.wp.com\/historiografija.hr\/wp-content\/uploads\/2021\/11\/jandera-potpis-scaled.jpg?w=1720&amp;ssl=1 1720w\" sizes=\"auto, (max-width: 860px) 100vw, 860px\" \/><\/figure>\n\n\n\n<hr class=\"wp-block-separator\"\/>\n","protected":false},"excerpt":{"rendered":"","protected":false},"author":2,"featured_media":28252,"comment_status":"open","ping_status":"open","sticky":false,"template":"","format":"standard","meta":{"_acf_changed":false,"jetpack_post_was_ever_published":false,"_jetpack_newsletter_access":"","_jetpack_dont_email_post_to_subs":false,"_jetpack_newsletter_tier_id":0,"_jetpack_memberships_contains_paywalled_content":false,"_jetpack_memberships_contains_paid_content":false,"footnotes":"","jetpack_publicize_message":"","jetpack_publicize_feature_enabled":true,"jetpack_social_post_already_shared":true,"jetpack_social_options":{"image_generator_settings":{"template":"highway","default_image_id":0,"font":"","enabled":false},"version":2}},"categories":[10,3],"tags":[],"class_list":["post-28251","post","type-post","status-publish","format-standard","has-post-thumbnail","hentry","category-izlozbe","category-novosti"],"acf":{"facebook_opis":""},"jetpack_publicize_connections":[],"jetpack_featured_media_url":"https:\/\/i0.wp.com\/historiografija.hr\/wp-content\/uploads\/2021\/11\/jandera-oglas1772.jpg?fit=716%2C354&ssl=1","jetpack_sharing_enabled":true,"jetpack-related-posts":[],"_links":{"self":[{"href":"https:\/\/historiografija.hr\/index.php?rest_route=\/wp\/v2\/posts\/28251","targetHints":{"allow":["GET"]}}],"collection":[{"href":"https:\/\/historiografija.hr\/index.php?rest_route=\/wp\/v2\/posts"}],"about":[{"href":"https:\/\/historiografija.hr\/index.php?rest_route=\/wp\/v2\/types\/post"}],"author":[{"embeddable":true,"href":"https:\/\/historiografija.hr\/index.php?rest_route=\/wp\/v2\/users\/2"}],"replies":[{"embeddable":true,"href":"https:\/\/historiografija.hr\/index.php?rest_route=%2Fwp%2Fv2%2Fcomments&post=28251"}],"version-history":[{"count":4,"href":"https:\/\/historiografija.hr\/index.php?rest_route=\/wp\/v2\/posts\/28251\/revisions"}],"predecessor-version":[{"id":28257,"href":"https:\/\/historiografija.hr\/index.php?rest_route=\/wp\/v2\/posts\/28251\/revisions\/28257"}],"wp:featuredmedia":[{"embeddable":true,"href":"https:\/\/historiografija.hr\/index.php?rest_route=\/wp\/v2\/media\/28252"}],"wp:attachment":[{"href":"https:\/\/historiografija.hr\/index.php?rest_route=%2Fwp%2Fv2%2Fmedia&parent=28251"}],"wp:term":[{"taxonomy":"category","embeddable":true,"href":"https:\/\/historiografija.hr\/index.php?rest_route=%2Fwp%2Fv2%2Fcategories&post=28251"},{"taxonomy":"post_tag","embeddable":true,"href":"https:\/\/historiografija.hr\/index.php?rest_route=%2Fwp%2Fv2%2Ftags&post=28251"}],"curies":[{"name":"wp","href":"https:\/\/api.w.org\/{rel}","templated":true}]}}