{"id":28245,"date":"2021-11-13T13:43:30","date_gmt":"2021-11-13T13:43:30","guid":{"rendered":"http:\/\/historiografija.hr\/?p=28245"},"modified":"2021-11-13T13:49:00","modified_gmt":"2021-11-13T13:49:00","slug":"predavanje-milana-puha-hrvatsko-iseljenistvo-u-brazilu-zajednica-i-znanost-i-izlozba-hrvatska-u-brazilu-iseljenici-u-dijalogu-s-domovinom","status":"publish","type":"post","link":"https:\/\/historiografija.hr\/?p=28245","title":{"rendered":"Predavanje Milana Puha \u201dHrvatsko iseljeni\u0161tvo u Brazilu: zajednica i znanost\u201d i izlo\u017eba \u201dHrvatska u Brazilu \u2013 iseljenici u dijalogu s domovinom\u201d"},"content":{"rendered":"\n<h4 class=\"wp-block-heading\">Poziv na predavanje dr. sc. Milana Puha \u201dHrvatsko iseljeni\u0161tvo u Brazilu: zajednica i znanost\u201d<\/h4>\n\n\n\n<p>mobilnaEKA \u2013 Platforma za mobilnost i me\u0111unarodnu suradnju etnologa i kulturnih antropologa Odsjeka za etnologiju i kulturnu antropologiju i Katedra za migracije i manjinske zajednice Odsjeka za etnologiju i kulturnu antropologiju Filozofskog fakulteta Sveu\u010dili\u0161ta u Zagrebu poziva sve zainteresirane na predavanje i radionicu \u201d<a href=\"https:\/\/web2020.ffzg.unizg.hr\/wp-content\/uploads\/2021\/11\/mobilnaEKA_Milan-Puh-2021.pdf\"><strong>Hrvatsko iseljeni\u0161tvo u Brazilu: zajednica i znanost<\/strong><\/a>\u201d koje \u0107e odr\u017eati <strong>dr. sc. Milan Puh<\/strong> (Pedago\u0161ki fakultet, Sveu\u010dili\u0161te u S\u00e3o Paulu, Brazil) u ponedjeljak <strong>15. studenoga<\/strong> 2021. godine u <strong>9:30 sati<\/strong> putem <a href=\"https:\/\/us02web.zoom.us\/j\/82006826355?pwd=MlBwVHpzcDFRQ2pZYk1qMVZ3R28zUT09\">Zoom platforme na poveznici<\/a> (Meeting ID: 820 0682 6355; Passcode: 456654).<\/p>\n\n\n\n<hr class=\"wp-block-separator\"\/>\n\n\n\n<h4 class=\"wp-block-heading\">Poziv na izlo\u017ebu dr. sc. Milana Puha \u201dHrvatska u Brazilu \u2013 iseljenici u dijalogu s domovinom\u201d<\/h4>\n\n\n\n<p>mobilnaEKA \u2013 Platforma za mobilnost i me\u0111unarodnu suradnju etnologa i kulturnih antropologa Odsjeka za etnologiju i kulturnu antropologiju i Katedra za migracije i manjinske zajednice Odsjeka za etnologiju i kulturnu antropologiju Filozofskog fakulteta Sveu\u010dili\u0161ta u Zagrebu poziva sve zainteresirane na izlo\u017ebu \u201d<a href=\"https:\/\/web2020.ffzg.unizg.hr\/wp-content\/uploads\/2021\/11\/mobilnaEKA_izlozba_Brazil.pdf\"><strong>Hrvatska u Brazilu \u2013 iseljenici u dijalogu s domovinom<\/strong><\/a>\u201d&nbsp;<strong>dr. sc. Milan Puh<\/strong> (Pedago\u0161ki fakultet, Sveu\u010dili\u0161te u S\u00e3o Paulu, Brazil) na Filozofskom fakultetu, <strong>na Odsjeku za etnologiju i kulturnu antropologiju (C trakt, suteren)<\/strong>.<\/p>\n\n\n\n<p>Izlo\u017eba \u0107e biti otvorena <strong>od 15. studenoga do 15. prosinca<\/strong> 2021. godine.<\/p>\n\n\n\n<hr class=\"wp-block-separator\"\/>\n\n\n\n<p>Izvori:<\/p>\n\n\n\n<figure class=\"wp-block-embed-wordpress wp-block-embed is-type-wp-embed is-provider-filozofski-fakultet-sveucilista-u-zagrebu\"><div class=\"wp-block-embed__wrapper\">\n<blockquote class=\"wp-embedded-content\" data-secret=\"kgcDUJoLNS\"><a href=\"https:\/\/web2020.ffzg.unizg.hr\/blog\/2021\/11\/12\/poziv-na-predavanje-dr-sc-milana-puha-hrvatsko-iseljenistvo-u-brazilu-zajednica-i-znanost\/\">Poziv na predavanje dr. sc. Milana Puha  &#8221;Hrvatsko iseljeni\u0161tvo u Brazilu: zajednica i znanost&#8221;<\/a><\/blockquote><iframe loading=\"lazy\" class=\"wp-embedded-content\" sandbox=\"allow-scripts\" security=\"restricted\" style=\"position: absolute; clip: rect(1px, 1px, 1px, 1px);\" title=\"&#8220;Poziv na predavanje dr. sc. Milana Puha  &#8221;Hrvatsko iseljeni\u0161tvo u Brazilu: zajednica i znanost&#8221;&#8221; &#8212; Filozofski fakultet Sveu\u010dili\u0161ta u Zagrebu\" src=\"https:\/\/web2020.ffzg.unizg.hr\/blog\/2021\/11\/12\/poziv-na-predavanje-dr-sc-milana-puha-hrvatsko-iseljenistvo-u-brazilu-zajednica-i-znanost\/embed\/#?secret=kgcDUJoLNS\" data-secret=\"kgcDUJoLNS\" width=\"600\" height=\"338\" frameborder=\"0\" marginwidth=\"0\" marginheight=\"0\" scrolling=\"no\"><\/iframe>\n<\/div><\/figure>\n\n\n\n<figure class=\"wp-block-embed-wordpress wp-block-embed is-type-wp-embed is-provider-filozofski-fakultet-sveucilista-u-zagrebu\"><div class=\"wp-block-embed__wrapper\">\n<blockquote class=\"wp-embedded-content\" data-secret=\"YhiRYtZW38\"><a href=\"https:\/\/web2020.ffzg.unizg.hr\/blog\/2021\/11\/12\/poziv-na-izlozbu-dr-sc-milana-puha-hrvatska-u-brazilu-iseljenici-u-dijalogu-s-domovinom\/\">Poziv na izlo\u017ebu dr. sc. Milana Puha &#8221;Hrvatska u Brazilu \u2013 iseljenici u dijalogu s domovinom&#8221;<\/a><\/blockquote><iframe loading=\"lazy\" class=\"wp-embedded-content\" sandbox=\"allow-scripts\" security=\"restricted\" style=\"position: absolute; clip: rect(1px, 1px, 1px, 1px);\" title=\"&#8220;Poziv na izlo\u017ebu dr. sc. Milana Puha &#8221;Hrvatska u Brazilu \u2013 iseljenici u dijalogu s domovinom&#8221;&#8221; &#8212; Filozofski fakultet Sveu\u010dili\u0161ta u Zagrebu\" src=\"https:\/\/web2020.ffzg.unizg.hr\/blog\/2021\/11\/12\/poziv-na-izlozbu-dr-sc-milana-puha-hrvatska-u-brazilu-iseljenici-u-dijalogu-s-domovinom\/embed\/#?secret=YhiRYtZW38\" data-secret=\"YhiRYtZW38\" width=\"600\" height=\"338\" frameborder=\"0\" marginwidth=\"0\" marginheight=\"0\" scrolling=\"no\"><\/iframe>\n<\/div><\/figure>\n\n\n\n<hr class=\"wp-block-separator\"\/>\n","protected":false},"excerpt":{"rendered":"","protected":false},"author":2,"featured_media":9374,"comment_status":"open","ping_status":"open","sticky":false,"template":"","format":"standard","meta":{"_acf_changed":false,"jetpack_post_was_ever_published":false,"_jetpack_newsletter_access":"","_jetpack_dont_email_post_to_subs":false,"_jetpack_newsletter_tier_id":0,"_jetpack_memberships_contains_paywalled_content":false,"_jetpack_memberships_contains_paid_content":false,"footnotes":"","jetpack_publicize_message":"","jetpack_publicize_feature_enabled":true,"jetpack_social_post_already_shared":true,"jetpack_social_options":{"image_generator_settings":{"template":"highway","default_image_id":0,"font":"","enabled":false},"version":2}},"categories":[10,3],"tags":[],"class_list":["post-28245","post","type-post","status-publish","format-standard","has-post-thumbnail","hentry","category-izlozbe","category-novosti"],"acf":{"facebook_opis":""},"jetpack_publicize_connections":[],"jetpack_featured_media_url":"https:\/\/i0.wp.com\/historiografija.hr\/wp-content\/uploads\/2018\/04\/mobilna-eka.png?fit=3037%2C672&ssl=1","jetpack_sharing_enabled":true,"jetpack-related-posts":[],"_links":{"self":[{"href":"https:\/\/historiografija.hr\/index.php?rest_route=\/wp\/v2\/posts\/28245","targetHints":{"allow":["GET"]}}],"collection":[{"href":"https:\/\/historiografija.hr\/index.php?rest_route=\/wp\/v2\/posts"}],"about":[{"href":"https:\/\/historiografija.hr\/index.php?rest_route=\/wp\/v2\/types\/post"}],"author":[{"embeddable":true,"href":"https:\/\/historiografija.hr\/index.php?rest_route=\/wp\/v2\/users\/2"}],"replies":[{"embeddable":true,"href":"https:\/\/historiografija.hr\/index.php?rest_route=%2Fwp%2Fv2%2Fcomments&post=28245"}],"version-history":[{"count":1,"href":"https:\/\/historiografija.hr\/index.php?rest_route=\/wp\/v2\/posts\/28245\/revisions"}],"predecessor-version":[{"id":28246,"href":"https:\/\/historiografija.hr\/index.php?rest_route=\/wp\/v2\/posts\/28245\/revisions\/28246"}],"wp:featuredmedia":[{"embeddable":true,"href":"https:\/\/historiografija.hr\/index.php?rest_route=\/wp\/v2\/media\/9374"}],"wp:attachment":[{"href":"https:\/\/historiografija.hr\/index.php?rest_route=%2Fwp%2Fv2%2Fmedia&parent=28245"}],"wp:term":[{"taxonomy":"category","embeddable":true,"href":"https:\/\/historiografija.hr\/index.php?rest_route=%2Fwp%2Fv2%2Fcategories&post=28245"},{"taxonomy":"post_tag","embeddable":true,"href":"https:\/\/historiografija.hr\/index.php?rest_route=%2Fwp%2Fv2%2Ftags&post=28245"}],"curies":[{"name":"wp","href":"https:\/\/api.w.org\/{rel}","templated":true}]}}