{"id":28232,"date":"2021-11-12T23:10:27","date_gmt":"2021-11-12T23:10:27","guid":{"rendered":"http:\/\/historiografija.hr\/?p=28232"},"modified":"2021-11-12T23:11:02","modified_gmt":"2021-11-12T23:11:02","slug":"zahar-prilepin-manastir","status":"publish","type":"post","link":"https:\/\/historiografija.hr\/?p=28232","title":{"rendered":"Zahar Prilepin, \u201cManastir\u201d"},"content":{"rendered":"\n<p>Prijevod s ruskog: Ivo Alebi\u0107<\/p>\n\n\n\n<hr class=\"wp-block-separator\"\/>\n\n\n\n<p>Roman Manastir govori o jedinstvenom manastiru, u kojem su neko\u0107 asketski \u017eivjeli monasi, no koji je sovjetska vlast pretvorila u logor. Ta robija\u0161ka zona ne samo da je odvojena od ostatka svijeta bodljikavom \u017eicom, nego i Bijelim morem, ledenom pusto\u0161i, mo\u010dvarom i neprohodnom tajgom\u2026 \u0106elije preostalih monaha stoje uz logora\u0161ke barake, knji\u017enica i kazali\u0161te su pored samice i tamnice. Kulturno-stvarala\u010dke djelatnosti svakodnevno se isprepli\u0107u s te\u0161kim fizi\u010dkim radom. U tom sovjetskom laboratoriju novi upravitelj logora Fjodor Ivanovi\u010d Ejhmanis (povijesna li\u010dnost), nesumnjivo obrazovan i inteligentan, ali i nemilosrdan \u010dovjek, poku\u0161ava provesti eksperiment u kojem bi se trebao preodgojiti sovjetski \u010dovjek. U povijesti logor\u00e2 i u golemoj knji\u017eevnoj produkciji na tu temu, Prilepinov roman Manastir \u0107e sigurno zauzeti jednu od vode\u0107ih pozicija.<\/p>\n\n\n\n<p><br><br><br>\u201eNitko nije \u017eelio ostati na obali zajedno s desetnikom: Sivcev, Afanasjev, Moisej Solomonovi\u010d u\u0161li su jedan za drugim. Kepec je pro\u0161ao uzdu\u017e obale i \u010ditavo vrijeme ponavljao: &#8216;Dok ima zadnjica\u2014bit \u0107e i krivica!&#8217;\u2014a potom je tako\u0111er zakora\u010dio u vodu.\u201c<br><br><br><\/p>\n\n\n\n<p>Zahar Prilepin (1975.) je suvremeni ruski pisac, koji je stekao iznimnu popularnost kako u Rusiji, tako i na Zapadu. Njegove knjige (Patologije, Sanjka, Grijeh, Manastir) dobile su mnogobrojne ruske (Ruski Booker, Nacionalni Bestseller, Bolj\u0161aja knjiga) i strane nagrade (Ivo Andri\u0107, Letterature dal fronte). Iako kontroverzna dru\u0161tveno-politi\u010dka figura, Prilepin je prevo\u0111en na mnoge strane jezike.<\/p>\n\n\n\n<hr class=\"wp-block-separator\"\/>\n\n\n\n<p>Izvor:<\/p>\n\n\n\n<p><a href=\"http:\/\/www.sandorf.hr\/blogitem.php?item_id=367&amp;tag=Manastir&amp;type=4\">http:\/\/www.sandorf.hr\/blogitem.php?item_id=367&amp;tag=Manastir&amp;type=4<\/a><\/p>\n\n\n\n<hr class=\"wp-block-separator\"\/>\n\n\n\n<p>Iz medija:<\/p>\n\n\n\n<p><a href=\"https:\/\/express.24sata.hr\/kultura\/manastir-je-pravo-remek-djelo-ruske-knjizevnosti-24774\">https:\/\/express.24sata.hr\/kultura\/manastir-je-pravo-remek-djelo-ruske-knjizevnosti-24774<\/a><\/p>\n\n\n\n<hr class=\"wp-block-separator\"\/>\n","protected":false},"excerpt":{"rendered":"","protected":false},"author":2,"featured_media":28235,"comment_status":"open","ping_status":"open","sticky":false,"template":"","format":"standard","meta":{"_acf_changed":false,"jetpack_post_was_ever_published":false,"_jetpack_newsletter_access":"","_jetpack_dont_email_post_to_subs":false,"_jetpack_newsletter_tier_id":0,"_jetpack_memberships_contains_paywalled_content":false,"_jetpack_memberships_contains_paid_content":false,"footnotes":"","jetpack_publicize_message":"","jetpack_publicize_feature_enabled":true,"jetpack_social_post_already_shared":true,"jetpack_social_options":{"image_generator_settings":{"template":"highway","default_image_id":0,"font":"","enabled":false},"version":2}},"categories":[3,12],"tags":[],"class_list":["post-28232","post","type-post","status-publish","format-standard","has-post-thumbnail","hentry","category-novosti","category-knjizevnost"],"acf":{"facebook_opis":""},"jetpack_publicize_connections":[],"jetpack_featured_media_url":"https:\/\/i0.wp.com\/historiografija.hr\/wp-content\/uploads\/2021\/11\/Manastir.jpg?fit=400%2C600&ssl=1","jetpack_sharing_enabled":true,"jetpack-related-posts":[],"_links":{"self":[{"href":"https:\/\/historiografija.hr\/index.php?rest_route=\/wp\/v2\/posts\/28232","targetHints":{"allow":["GET"]}}],"collection":[{"href":"https:\/\/historiografija.hr\/index.php?rest_route=\/wp\/v2\/posts"}],"about":[{"href":"https:\/\/historiografija.hr\/index.php?rest_route=\/wp\/v2\/types\/post"}],"author":[{"embeddable":true,"href":"https:\/\/historiografija.hr\/index.php?rest_route=\/wp\/v2\/users\/2"}],"replies":[{"embeddable":true,"href":"https:\/\/historiografija.hr\/index.php?rest_route=%2Fwp%2Fv2%2Fcomments&post=28232"}],"version-history":[{"count":1,"href":"https:\/\/historiografija.hr\/index.php?rest_route=\/wp\/v2\/posts\/28232\/revisions"}],"predecessor-version":[{"id":28234,"href":"https:\/\/historiografija.hr\/index.php?rest_route=\/wp\/v2\/posts\/28232\/revisions\/28234"}],"wp:featuredmedia":[{"embeddable":true,"href":"https:\/\/historiografija.hr\/index.php?rest_route=\/wp\/v2\/media\/28235"}],"wp:attachment":[{"href":"https:\/\/historiografija.hr\/index.php?rest_route=%2Fwp%2Fv2%2Fmedia&parent=28232"}],"wp:term":[{"taxonomy":"category","embeddable":true,"href":"https:\/\/historiografija.hr\/index.php?rest_route=%2Fwp%2Fv2%2Fcategories&post=28232"},{"taxonomy":"post_tag","embeddable":true,"href":"https:\/\/historiografija.hr\/index.php?rest_route=%2Fwp%2Fv2%2Ftags&post=28232"}],"curies":[{"name":"wp","href":"https:\/\/api.w.org\/{rel}","templated":true}]}}