{"id":28201,"date":"2021-11-11T16:41:39","date_gmt":"2021-11-11T16:41:39","guid":{"rendered":"http:\/\/historiografija.hr\/?p=28201"},"modified":"2021-11-11T16:41:39","modified_gmt":"2021-11-11T16:41:39","slug":"konferencija-neighbors-and-neighborhood-in-the-balkans","status":"publish","type":"post","link":"https:\/\/historiografija.hr\/?p=28201","title":{"rendered":"Konferencija \u201cNeighbors and neighborhood in the Balkans\u201d"},"content":{"rendered":"\n<p>Na Karlovom Univerzitetu u Pragu \u0107e se odr\u017eati konferencija Balkan Express 2021 naslovljena \u201eNeighbors and neighborhood in the Balkans\u201c. Konferencija je podijeljena u 9 panela, a u mnogima \u0107e se govoriti i o Bosni i Hercegovini. Mario Kati\u0107 \u0107e govoriti o kom\u0161iluku u BiH u austrougarsko doba na primjeru Vare\u0161a, Alene Cateux \u0107e o Mostaru, Zara Hesov\u00e1 i Sandra Grudi\u0107 o konceptu kom\u0161iluka i o obnovi kom\u0161iluka u Bosni i Hercegovini nakon rata, dok \u0107e Mark\u00e9ta Slavkov\u00e1 i ViolaTak\u00e1rov\u00e1 prikazati M.I.R (etnografski film iz poslijeratne Srebrenice).<\/p>\n\n\n\n<p>Na konferenciji \u0107e svoje tekstove \u010ditati Faruk \u0160ehi\u0107 i ambasadorica Bosne i Hercegovine u \u010ce\u0161koj Martina Mlinarevi\u0107 Sopta.<\/p>\n\n\n\n<p>Sastavni dio konferencije je i izlo\u017eba \u201eWhen the neighbors were human beings\u201c, koju \u0107e otvoriti Elijas Tauber.<\/p>\n\n\n\n<p>Konferencija \u0107e obilovati komparativnim pristupima (Bugarska, Kosovo, Makedonija, Gr\u010dka), bit \u0107e rije\u010di i o reprezentacijama kom\u0161iluka u ud\u017ebenicima Hrvatske, Srbije, Kosova, o Jevrejima u Crnoj Gori u vrijeme Drugog svjetskog rata, \u201egr\u010dko-srpskom prijateljstvu\u201c i nizu drugih tema.<\/p>\n\n\n\n<p>Konferencija \u0107e se odr\u017eati 12. i 13. novembra 2021. na Filozofskom fakultetu Karlova Univerziteta u Pragu.<\/p>\n\n\n\n<p>Program konferencije je dostupan <a rel=\"noreferrer noopener\" href=\"https:\/\/historiografija.ba\/assets\/documents\/800_Balkan_Express_Program.pdf\" target=\"_blank\">ovdje<\/a>.<\/p>\n\n\n\n<hr class=\"wp-block-separator\"\/>\n\n\n\n<p>Preuzeto s portala <strong>Historiografija.ba<\/strong>:<\/p>\n\n\n\n<p>Izvor: <a href=\"https:\/\/historiografija.ba\/article.php?id=800\">https:\/\/historiografija.ba\/article.php?id=800<\/a><\/p>\n\n\n\n<hr class=\"wp-block-separator\"\/>\n\n\n\n<p><\/p>\n","protected":false},"excerpt":{"rendered":"","protected":false},"author":2,"featured_media":28202,"comment_status":"open","ping_status":"open","sticky":false,"template":"","format":"standard","meta":{"_acf_changed":false,"jetpack_post_was_ever_published":false,"_jetpack_newsletter_access":"","_jetpack_dont_email_post_to_subs":false,"_jetpack_newsletter_tier_id":0,"_jetpack_memberships_contains_paywalled_content":false,"_jetpack_memberships_contains_paid_content":false,"footnotes":"","jetpack_publicize_message":"","jetpack_publicize_feature_enabled":true,"jetpack_social_post_already_shared":true,"jetpack_social_options":{"image_generator_settings":{"template":"highway","default_image_id":0,"font":"","enabled":false},"version":2}},"categories":[3,9],"tags":[],"class_list":["post-28201","post","type-post","status-publish","format-standard","has-post-thumbnail","hentry","category-novosti","category-skupovi"],"acf":{"facebook_opis":""},"jetpack_publicize_connections":[],"jetpack_featured_media_url":"https:\/\/i0.wp.com\/historiografija.hr\/wp-content\/uploads\/2021\/11\/Balkan_Express_naslovnica.jpg?fit=450%2C640&ssl=1","jetpack_sharing_enabled":true,"jetpack-related-posts":[],"_links":{"self":[{"href":"https:\/\/historiografija.hr\/index.php?rest_route=\/wp\/v2\/posts\/28201","targetHints":{"allow":["GET"]}}],"collection":[{"href":"https:\/\/historiografija.hr\/index.php?rest_route=\/wp\/v2\/posts"}],"about":[{"href":"https:\/\/historiografija.hr\/index.php?rest_route=\/wp\/v2\/types\/post"}],"author":[{"embeddable":true,"href":"https:\/\/historiografija.hr\/index.php?rest_route=\/wp\/v2\/users\/2"}],"replies":[{"embeddable":true,"href":"https:\/\/historiografija.hr\/index.php?rest_route=%2Fwp%2Fv2%2Fcomments&post=28201"}],"version-history":[{"count":1,"href":"https:\/\/historiografija.hr\/index.php?rest_route=\/wp\/v2\/posts\/28201\/revisions"}],"predecessor-version":[{"id":28203,"href":"https:\/\/historiografija.hr\/index.php?rest_route=\/wp\/v2\/posts\/28201\/revisions\/28203"}],"wp:featuredmedia":[{"embeddable":true,"href":"https:\/\/historiografija.hr\/index.php?rest_route=\/wp\/v2\/media\/28202"}],"wp:attachment":[{"href":"https:\/\/historiografija.hr\/index.php?rest_route=%2Fwp%2Fv2%2Fmedia&parent=28201"}],"wp:term":[{"taxonomy":"category","embeddable":true,"href":"https:\/\/historiografija.hr\/index.php?rest_route=%2Fwp%2Fv2%2Fcategories&post=28201"},{"taxonomy":"post_tag","embeddable":true,"href":"https:\/\/historiografija.hr\/index.php?rest_route=%2Fwp%2Fv2%2Ftags&post=28201"}],"curies":[{"name":"wp","href":"https:\/\/api.w.org\/{rel}","templated":true}]}}