{"id":28193,"date":"2021-11-11T16:06:06","date_gmt":"2021-11-11T16:06:06","guid":{"rendered":"http:\/\/historiografija.hr\/?p=28193"},"modified":"2021-11-11T16:13:24","modified_gmt":"2021-11-11T16:13:24","slug":"24-znanstveno-strucni-skup-vukovar-91-uzdarje-slobodi-identiteti-sjecanja-povijest","status":"publish","type":"post","link":"https:\/\/historiografija.hr\/?p=28193","title":{"rendered":"24. znanstveno-stru\u010dni skup VUKOVAR \u201891.: UZDARJE SLOBODI \u2013 IDENTITETI, SJE\u0106ANJA, POVIJEST"},"content":{"rendered":"\n<p><strong>Institut dru\u0161tvenih znanosti Ivo Pilar i Hrvatsko katoli\u010dko sveu\u010dili\u0161te pozivaju na 24. znanstveno-stru\u010dni skup s me\u0111unarodnim sudjelovanjem \u201eVukovar \u201891. \u2013 trideseta godina poslije\u201c na temu VUKOVAR \u201891.: UZDARJE SLOBODI \u2013 IDENTITETI, SJE\u0106ANJA, POVIJEST koji \u0107e se odr\u017eati u virtualnom okru\u017eenju pomo\u0107u internetske ZOOM platforme 14.-16. studenoga 2021.<\/strong> <\/p>\n\n\n\n<p>\u2013 <a href=\"https:\/\/www.pilar.hr\/wp-content\/uploads\/2021\/11\/24_Vukovar_pozivnica.pdf\">Program 24. znanstveno-stru\u010dni skup s me\u0111unarodnim sudjelovanjem \u201eVukovar \u201891. \u2013 trideseta godina poslije\u201c VUKOVAR \u201891.: UZDARJE SLOBODI \u2013 IDENTITETI, SJE\u0106ANJA, POVIJEST, 14.-16. 11. 2021.<\/a><\/p>\n\n\n\n<p>Mole se zainteresirani za pra\u0107enje skupa u virtualnom okru\u017eenju da na e-mail adresu: <a href=\"mailto:drazen.zivic@pilar.hr\">drazen.zivic@pilar.hr<\/a> do <strong>subote, 13. studenog 2021. godine<\/strong> potvrde svoje sudjelovanje kako bi na vrijeme dobili link za priklju\u010denje na ZOOM platformu konferencije.<\/p>\n\n\n\n<hr class=\"wp-block-separator\"\/>\n\n\n\n<p>Izvor:<\/p>\n\n\n\n<figure class=\"wp-block-embed-wordpress wp-block-embed is-type-wp-embed is-provider-institut-drustvenih-znanosti-ivo-pilar\"><div class=\"wp-block-embed__wrapper\">\n<blockquote class=\"wp-embedded-content\" data-secret=\"b7iDnurthI\"><a href=\"https:\/\/www.pilar.hr\/2021\/11\/24-znanstveno-strucni-skup-vukovar-91-uzdarje-slobodi-identiteti-sjecanja-povijest-14-16-11-2021\/\">24. znanstveno-stru\u010dni skup VUKOVAR \u201891.: UZDARJE SLOBODI \u2013 IDENTITETI, SJE\u0106ANJA, POVIJEST, 14.-16. 11. 2021.<\/a><\/blockquote><iframe loading=\"lazy\" class=\"wp-embedded-content\" sandbox=\"allow-scripts\" security=\"restricted\" style=\"position: absolute; clip: rect(1px, 1px, 1px, 1px);\" title=\"&#8220;24. znanstveno-stru\u010dni skup VUKOVAR \u201891.: UZDARJE SLOBODI \u2013 IDENTITETI, SJE\u0106ANJA, POVIJEST, 14.-16. 11. 2021.&#8221; &#8212; Institut dru\u0161tvenih znanosti Ivo Pilar\" src=\"https:\/\/www.pilar.hr\/2021\/11\/24-znanstveno-strucni-skup-vukovar-91-uzdarje-slobodi-identiteti-sjecanja-povijest-14-16-11-2021\/embed\/#?secret=b7iDnurthI\" data-secret=\"b7iDnurthI\" width=\"600\" height=\"338\" frameborder=\"0\" marginwidth=\"0\" marginheight=\"0\" scrolling=\"no\"><\/iframe>\n<\/div><\/figure>\n\n\n\n<hr class=\"wp-block-separator\"\/>\n","protected":false},"excerpt":{"rendered":"","protected":false},"author":2,"featured_media":28194,"comment_status":"open","ping_status":"open","sticky":false,"template":"","format":"standard","meta":{"_acf_changed":false,"jetpack_post_was_ever_published":false,"_jetpack_newsletter_access":"","_jetpack_dont_email_post_to_subs":false,"_jetpack_newsletter_tier_id":0,"_jetpack_memberships_contains_paywalled_content":false,"_jetpack_memberships_contains_paid_content":false,"footnotes":"","jetpack_publicize_message":"","jetpack_publicize_feature_enabled":true,"jetpack_social_post_already_shared":true,"jetpack_social_options":{"image_generator_settings":{"template":"highway","default_image_id":0,"font":"","enabled":false},"version":2}},"categories":[3,9],"tags":[],"class_list":["post-28193","post","type-post","status-publish","format-standard","has-post-thumbnail","hentry","category-novosti","category-skupovi"],"acf":{"facebook_opis":""},"jetpack_publicize_connections":[],"jetpack_featured_media_url":"https:\/\/i0.wp.com\/historiografija.hr\/wp-content\/uploads\/2021\/11\/Vu_s.jpg?fit=620%2C734&ssl=1","jetpack_sharing_enabled":true,"jetpack-related-posts":[],"_links":{"self":[{"href":"https:\/\/historiografija.hr\/index.php?rest_route=\/wp\/v2\/posts\/28193","targetHints":{"allow":["GET"]}}],"collection":[{"href":"https:\/\/historiografija.hr\/index.php?rest_route=\/wp\/v2\/posts"}],"about":[{"href":"https:\/\/historiografija.hr\/index.php?rest_route=\/wp\/v2\/types\/post"}],"author":[{"embeddable":true,"href":"https:\/\/historiografija.hr\/index.php?rest_route=\/wp\/v2\/users\/2"}],"replies":[{"embeddable":true,"href":"https:\/\/historiografija.hr\/index.php?rest_route=%2Fwp%2Fv2%2Fcomments&post=28193"}],"version-history":[{"count":2,"href":"https:\/\/historiografija.hr\/index.php?rest_route=\/wp\/v2\/posts\/28193\/revisions"}],"predecessor-version":[{"id":28196,"href":"https:\/\/historiografija.hr\/index.php?rest_route=\/wp\/v2\/posts\/28193\/revisions\/28196"}],"wp:featuredmedia":[{"embeddable":true,"href":"https:\/\/historiografija.hr\/index.php?rest_route=\/wp\/v2\/media\/28194"}],"wp:attachment":[{"href":"https:\/\/historiografija.hr\/index.php?rest_route=%2Fwp%2Fv2%2Fmedia&parent=28193"}],"wp:term":[{"taxonomy":"category","embeddable":true,"href":"https:\/\/historiografija.hr\/index.php?rest_route=%2Fwp%2Fv2%2Fcategories&post=28193"},{"taxonomy":"post_tag","embeddable":true,"href":"https:\/\/historiografija.hr\/index.php?rest_route=%2Fwp%2Fv2%2Ftags&post=28193"}],"curies":[{"name":"wp","href":"https:\/\/api.w.org\/{rel}","templated":true}]}}