{"id":28145,"date":"2021-11-08T10:58:41","date_gmt":"2021-11-08T10:58:41","guid":{"rendered":"http:\/\/historiografija.hr\/?p=28145"},"modified":"2021-11-08T10:58:41","modified_gmt":"2021-11-08T10:58:41","slug":"jubilarna-40-izlozba-muzejske-knjige-na-interliberu","status":"publish","type":"post","link":"https:\/\/historiografija.hr\/?p=28145","title":{"rendered":"Jubilarna 40. izlo\u017eba muzejske knjige na Interliberu"},"content":{"rendered":"\n<p>Nakon jednogodi\u0161nje pauze, Izlo\u017eba izdava\u010dke djelatnosti hrvatskih muzeja i galerija vra\u0107a se na Interliber na kojemu se i odr\u017eavala u protekla \u010detiri desetlje\u0107a. Obljetni\u010dkom Izlo\u017ebom izdava\u010dke djelatnosti hrvatskih muzeja i galerija, koja \u0107e se odr\u017eati od 9. do 14. studenoga 2021. na Zagreba\u010dkom velesajmu u okviru 43. Interlibera, Muzejski dokumentacijski centar (MDC) iz Zagreba obilje\u017eava 40. godina aktivnog promoviranja muzejske izdava\u010dke djelatnosti, upoznavanja publike s recentnim temama i podru\u010djima bavljenja hrvatskih muzeja i galerija, odnosno unaprje\u0111ivanja kulture i zajednice u cjelini.<\/p>\n\n\n\n<p>Jedan od najdugovje\u010dnijih hrvatskih izlo\u017ebenih projekata, zapo\u010det 1982. godine kao Izlo\u017eba publikacija muzeja i galerija Jugoslavije koja je obuhvatila izdava\u010dku djelatnost muzeja i galerija iz svih republika biv\u0161e dr\u017eave, zadr\u017eao je tijekom \u010detiri desetlje\u0107a svoj jedinstveni oblik, sadr\u017eaj i pristup izlo\u017eenoj gra\u0111i predstaviv\u0161i javnosti vi\u0161e od 20 tisu\u0107a novih tiskanih i elektroni\u010dkih publikacija.<\/p>\n\n\n\n<p>Na ovogodi\u0161njoj izlo\u017ebi posjetitelji \u0107e imati prilike vidjeti 418 novih naslova &#8211; kataloga izlo\u017eaba i muzejskih zbirki, vodi\u010da kroz stalne postave, monografija i \u010dasopisa, bibliografskih izdanja i publikacija za djecu i mlade. Najzastupljenije su, kao i svake godine, likovne teme. Umjetno\u0161\u0107u Ivana Ko\u017eari\u0107a bavila su se dva muzeja \u2013 Muzej suvremene umjetnosti u Zagrebu (<em>Jedna od mogu\u0107ih 100<\/em>)i Muzej moderne i suvremene umjetnosti u Rijeci (<em>Odletjeti u eter ili ostati na Zemlji<\/em>), dok su uz godi\u0161njice ili retrospektivne izlo\u017ebe objavljeni katalozi <em>Ratko Petri\u0107: Baciti istinu u lice<\/em> (Narodni muzej Zadar i Muzej suvremene umjetnosti u Zagrebu), <em>Karas pod upitnikom: izlo\u017eba povodom 200. obljetnice ro\u0111enja Vjekoslava Karasa<\/em> (Gradski muzej Karlovac) i <em>Mato Celestin Medovi\u0107 (1857 \u2013 1920): izlo\u017eba povodom stogodi\u0161njice smrti slikara iz zbirke UGD<\/em> (Umjetni\u010dka galerija Dubrovnik).<\/p>\n\n\n\n<p>Zagreba\u010dki i petrinjski potresi, koji su mnogim muzejima zatvorili vrata za posjetitelje i usmjerili ih na spa\u0161avanje muzejske gra\u0111e, bili su neizostavna tema izlo\u017ebenih projekata. Jedan od njih je <em>Protreseni MUO: od potresa do potresa 1880. \u2013 2020.<\/em> koji govori o povijesti Muzeja za umjetnost i obrt razapetoj izme\u0111u dva potresa, onog 1880. i pro\u0161logodi\u0161njeg koji je pogodio Zagreb upravo na 140. ro\u0111endan muzeja. S istim entuzijazmom i prkosom svoju izlo\u017ebenu i izdava\u010dku djelatnost nastavio je i Gradski muzej Sisak simboli\u010dnom izlo\u017ebom naslovljenom <em>O\u0161&#8217; kupit ciglu? <\/em>koja publici daje presjek proizvodnje opeke na podru\u010dju Siska koja je bila u punom procvatu u rimskom razdoblju i ponovno u modernom vremenu, dok je Galerija Klovi\u0107evi dvori izlo\u017ebom <em>Povijest i umjetnost na zidovima Pala\u010de u Opati\u010dkoj 10 <\/em>javnosti pribli\u017eila povijest jedinstvene gornjogradske pala\u010de koja je, na\u017ealost, bila primorana zatvoriti svoja vrata radi sanacije zgrade od potresa.<\/p>\n\n\n\n<p>Me\u0111u povijesnim temama izdvajaju se dvije va\u017ene obljetnice. Osamdesetu obljetnicu od po\u010detka Drugoga svjetskog rata obilje\u017eili su Etnografski muzej Istre u Pazinu s fotografskom monografijom <em>\u017divote damo, Istru ne damo<\/em>, nastalom na temelju vi\u0161egodi\u0161njeg istra\u017eivanja i terenskog dokumentiranja zidnih parola diljem Istre koje su nastale krajem Drugoga svjetskog rata, te Muzej \u2013 Museo Lapidarium u Novigradu s izlo\u017ebom <em>Krila povijesti. Zra\u010dne bitke nad Istrom 1941.-1945. <\/em>koja obra\u0111uje temu obaranja ratnih zrakoplova na podru\u010dju sjeverozapadne Istre za vrijeme Drugoga svjetskoga rata, otkrivaju\u0107i ulogu Istre u doga\u0111ajima koji su definirali ishod rata. Brojnim izlo\u017ebama, popratnim katalozima i katalozima novih stalnih postava obilje\u017eena je i 30. obljetnica po\u010detka Domovinskog rata &#8211; <em>Karlovac 1991. \u2013 1995. <\/em>(Gradski muzej Karlovac), <em>U obrani Domovine<\/em> (Pomorski i povijesni muzej Hrvatskog primorja u Rijeci), <em>Branitelji u fokusu <\/em>(Gradski muzej Sisak), <em>Zvonimir Tanocki: izlo\u017eba fotografija \u2013 Gdje si bio 91.?<\/em> (Gradski muzej Vinkovci) te <em>Vukovar \u2013 Bogdanovci 1991.: kroz fotoobjektiv<\/em> (Muzej triljskog kraja u Trilju i Muzej Domovinskog rata u Splitu).<\/p>\n\n\n\n<p>Istra\u017eiva\u010de industrijske ba\u0161tine zaintrigirat \u0107e publikacije <em>Kako se kalio \u010celik<\/em> (Gradski muzej Kri\u017eevci), <em>Slatki \u017eivot \u2013 100 godina tvornice Zve\u010devo<\/em> (Gradski muzej Po\u017eega), <em>Industrijska ba\u0161tina Hrvatskog zagorja <\/em>(Muzej selja\u010dkih buna) i <em>\u017divot tvornice: izlo\u017eba fotografija Borovo<\/em> (Gradski muzej Vukovar).<\/p>\n\n\n\n<p>Za najmla\u0111e posjetitelje vodi\u010de su priredili Muzej \u0110akov\u0161tine (<em>Istra\u017eivanje ba\u0161tine u Muzeju \u0110akov\u0161tine: vodi\u010d za djecu<\/em>) i Gradski muzej Vinkovci (<em>Muzejske pri\u010de i jedna nju\u0161ka<\/em>), a tu su i druga atraktivna muzejsko-edukacijska izdanja i slikovnice poput <em>Provedi dan s legionarom Julijem!<\/em> (Muzej triljskog kraja), <em>Putovanja kroz pro\u0161lost Zemlje<\/em> (Muzej krapinskih neandertalaca) i <em>Kambelovske ljubavne pri\u010de<\/em> (Muzeja grada Ka\u0161tela).<\/p>\n\n\n\n<p>Detaljan raspored aktivnosti i katalog izlo\u017ebe s popisom svih sudionika i njihovih publikacija, plakata i ostale gra\u0111e, <a href=\"https:\/\/www.mdc.hr\/hr\/mdc\/izlozbe\/izlozba-izdavacke-djelatnosti-hrvatskih-muzeja-i-galerija\/\" target=\"_blank\" rel=\"noreferrer noopener\">mo\u017eete pogledati na mre\u017enim stranicama Muzejskog dokumentacijskog centra.<\/a><\/p>\n\n\n\n<p>(MDC)<\/p>\n\n\n\n<hr class=\"wp-block-separator\"\/>\n","protected":false},"excerpt":{"rendered":"","protected":false},"author":2,"featured_media":28146,"comment_status":"open","ping_status":"open","sticky":false,"template":"","format":"standard","meta":{"_acf_changed":false,"jetpack_post_was_ever_published":false,"_jetpack_newsletter_access":"","_jetpack_dont_email_post_to_subs":false,"_jetpack_newsletter_tier_id":0,"_jetpack_memberships_contains_paywalled_content":false,"_jetpack_memberships_contains_paid_content":false,"footnotes":"","jetpack_publicize_message":"","jetpack_publicize_feature_enabled":true,"jetpack_social_post_already_shared":true,"jetpack_social_options":{"image_generator_settings":{"template":"highway","default_image_id":0,"font":"","enabled":false},"version":2}},"categories":[10,3],"tags":[],"class_list":["post-28145","post","type-post","status-publish","format-standard","has-post-thumbnail","hentry","category-izlozbe","category-novosti"],"acf":{"facebook_opis":""},"jetpack_publicize_connections":[],"jetpack_featured_media_url":"https:\/\/i0.wp.com\/historiografija.hr\/wp-content\/uploads\/2021\/11\/MDC.jpg?fit=1779%2C1184&ssl=1","jetpack_sharing_enabled":true,"jetpack-related-posts":[],"_links":{"self":[{"href":"https:\/\/historiografija.hr\/index.php?rest_route=\/wp\/v2\/posts\/28145","targetHints":{"allow":["GET"]}}],"collection":[{"href":"https:\/\/historiografija.hr\/index.php?rest_route=\/wp\/v2\/posts"}],"about":[{"href":"https:\/\/historiografija.hr\/index.php?rest_route=\/wp\/v2\/types\/post"}],"author":[{"embeddable":true,"href":"https:\/\/historiografija.hr\/index.php?rest_route=\/wp\/v2\/users\/2"}],"replies":[{"embeddable":true,"href":"https:\/\/historiografija.hr\/index.php?rest_route=%2Fwp%2Fv2%2Fcomments&post=28145"}],"version-history":[{"count":1,"href":"https:\/\/historiografija.hr\/index.php?rest_route=\/wp\/v2\/posts\/28145\/revisions"}],"predecessor-version":[{"id":28147,"href":"https:\/\/historiografija.hr\/index.php?rest_route=\/wp\/v2\/posts\/28145\/revisions\/28147"}],"wp:featuredmedia":[{"embeddable":true,"href":"https:\/\/historiografija.hr\/index.php?rest_route=\/wp\/v2\/media\/28146"}],"wp:attachment":[{"href":"https:\/\/historiografija.hr\/index.php?rest_route=%2Fwp%2Fv2%2Fmedia&parent=28145"}],"wp:term":[{"taxonomy":"category","embeddable":true,"href":"https:\/\/historiografija.hr\/index.php?rest_route=%2Fwp%2Fv2%2Fcategories&post=28145"},{"taxonomy":"post_tag","embeddable":true,"href":"https:\/\/historiografija.hr\/index.php?rest_route=%2Fwp%2Fv2%2Ftags&post=28145"}],"curies":[{"name":"wp","href":"https:\/\/api.w.org\/{rel}","templated":true}]}}