{"id":28138,"date":"2021-11-08T10:32:11","date_gmt":"2021-11-08T10:32:11","guid":{"rendered":"http:\/\/historiografija.hr\/?p=28138"},"modified":"2021-11-08T10:32:42","modified_gmt":"2021-11-08T10:32:42","slug":"poziv-za-prijavu-na-studentski-znanstveni-skup-civilizacijski-i-kulturni-susreti","status":"publish","type":"post","link":"https:\/\/historiografija.hr\/?p=28138","title":{"rendered":"Poziv za prijavu na studentski znanstveni skup \u201cCivilizacijski i kulturni susreti\u201d"},"content":{"rendered":"\n<p>Dugogodi\u0161nja \u017eelja uredni\u0161tva studentskog znanstvenog \u010dasopisa Pro tempore je odr\u017eavanje znanstvenog skupa na kojemu bi imali priliku izlagati studenti, ali i svi drugi zainteresirani. Unato\u010d okolnostima pandemije, koja je pogodila cijeli svijet, uredni\u0161tvo je \u2013 uz potporu Odsjeka za povijest Filozofskog fakulteta Sveu\u010dili\u0161ta u Zagrebu \u2013 odlu\u010dilo odr\u017eati znanstveni skup na temu Civilizacijski i kulturni susreti izme\u0111u 11. i 15. travnja 2022. godine (to\u010dan dan zbog nepredvidljivih okolnosti znat \u0107e se po\u010detkom mjeseca) u prostorima Fakulteta.<\/p>\n\n\n\n<p>Znanstveni skupovi, kolokviji, okrugli stolovi i sl., dio su struke jednog povjesni\u010dara. Stoga ovim skupom uredni\u0161tvo \u017eeli pru\u017eiti mogu\u0107nost u\u010denja i sazrijevanja i na tom polju, prije svega studentima povijesti i srodnih dru\u0161tveno-humanisti\u010dkih znanosti.<\/p>\n\n\n\n<p>Odabir ovogodi\u0161nje teme broja Civilizacijski i kulturni susreti zacrtava tematiku koju bismo predlo\u017eili potencijalnim izlaga\u010dima. Fenomen civilizacijskih i kulturnih susreta karakterizira sva povijesna razdoblja, a u najve\u0107oj mjeri obilje\u017eava prostor jugoisto\u010dne Europe, pa tako i hrvatski povijesni prostor, koji se mogu promatrati kao mjesto susreta civilizacija i kultura u dugome povijesnom trajanju.<\/p>\n\n\n\n<p>Iz perspektive suvremene historije isprepletanja moglo bi se konstatirati da kultura, koja obuhva\u0107a simboli\u010dke, i civilizacija, koja pokriva materijalne i tehnolo\u0161ke aspekte \u017eivota neke zajednice, nastaju u dinami\u010dnim povijesnim procesima susretanja, pro\u017eimanja, preklapanja, ali i otpora, isklju\u010divanja i odbacivanja. Izlaga\u010di koji se \u017eele prijaviti na skup trebaju upravo navedene fenomene staviti u tematskih fokus svojih izlaganja.<\/p>\n\n\n\n<p>U prijavi je potrebno navesti ime i prezime, stupanj obrazovanja i sa\u017eetak, odnosno kratko poja\u0161njenje teme o kojoj se namjerava izlagati (ne vi\u0161e od petsto rije\u010di). Mogu\u0107e je izlagati na hrvatskom jeziku i njemu srodnim jezicima (srpskom, bosanskom, crnogorskom) te na engleskom jeziku. Izlaganje mo\u017ee trajati najvi\u0161e 20 minuta.<\/p>\n\n\n\n<p>Prijave je mogu\u0107e podnijeti do 31.3.2022. godine na mail adresu: <a href=\"mailto:casopis.protempore@gmail.com\">casopis.protempore@gmail.com<\/a>.<\/p>\n\n\n\n<p>Dio \u0107e izlaganja sa skupa \u2013 ovisno o odluci uredni\u0161tva \u2013 biti objavljen u 17. broju \u010dasopisa.<\/p>\n\n\n\n<hr class=\"wp-block-separator\"\/>\n\n\n\n<figure class=\"wp-block-image size-large\"><img data-recalc-dims=\"1\" loading=\"lazy\" decoding=\"async\" width=\"724\" height=\"1024\" data-attachment-id=\"28139\" data-permalink=\"https:\/\/historiografija.hr\/?attachment_id=28139\" data-orig-file=\"https:\/\/i0.wp.com\/historiografija.hr\/wp-content\/uploads\/2021\/11\/Plakat.jpg?fit=1448%2C2048&amp;ssl=1\" data-orig-size=\"1448,2048\" data-comments-opened=\"1\" data-image-meta=\"{&quot;aperture&quot;:&quot;0&quot;,&quot;credit&quot;:&quot;&quot;,&quot;camera&quot;:&quot;&quot;,&quot;caption&quot;:&quot;&quot;,&quot;created_timestamp&quot;:&quot;0&quot;,&quot;copyright&quot;:&quot;&quot;,&quot;focal_length&quot;:&quot;0&quot;,&quot;iso&quot;:&quot;0&quot;,&quot;shutter_speed&quot;:&quot;0&quot;,&quot;title&quot;:&quot;&quot;,&quot;orientation&quot;:&quot;0&quot;}\" data-image-title=\"Plakat\" data-image-description=\"\" data-image-caption=\"\" data-large-file=\"https:\/\/i0.wp.com\/historiografija.hr\/wp-content\/uploads\/2021\/11\/Plakat.jpg?fit=724%2C1024&amp;ssl=1\" src=\"https:\/\/i0.wp.com\/historiografija.hr\/wp-content\/uploads\/2021\/11\/Plakat.jpg?resize=724%2C1024&#038;ssl=1\" alt=\"\" class=\"wp-image-28139\" srcset=\"https:\/\/i0.wp.com\/historiografija.hr\/wp-content\/uploads\/2021\/11\/Plakat.jpg?resize=724%2C1024&amp;ssl=1 724w, https:\/\/i0.wp.com\/historiografija.hr\/wp-content\/uploads\/2021\/11\/Plakat.jpg?resize=212%2C300&amp;ssl=1 212w, https:\/\/i0.wp.com\/historiografija.hr\/wp-content\/uploads\/2021\/11\/Plakat.jpg?resize=768%2C1086&amp;ssl=1 768w, https:\/\/i0.wp.com\/historiografija.hr\/wp-content\/uploads\/2021\/11\/Plakat.jpg?resize=1086%2C1536&amp;ssl=1 1086w, https:\/\/i0.wp.com\/historiografija.hr\/wp-content\/uploads\/2021\/11\/Plakat.jpg?w=1448&amp;ssl=1 1448w\" sizes=\"auto, (max-width: 724px) 100vw, 724px\" \/><\/figure>\n\n\n\n<p>Izvor:<\/p>\n\n\n\n<p><a href=\"https:\/\/www.facebook.com\/casopis.protempore\">https:\/\/www.facebook.com\/casopis.protempore<\/a><\/p>\n\n\n\n<hr class=\"wp-block-separator\"\/>\n","protected":false},"excerpt":{"rendered":"","protected":false},"author":2,"featured_media":28139,"comment_status":"open","ping_status":"open","sticky":false,"template":"","format":"standard","meta":{"_acf_changed":false,"jetpack_post_was_ever_published":false,"_jetpack_newsletter_access":"","_jetpack_dont_email_post_to_subs":false,"_jetpack_newsletter_tier_id":0,"_jetpack_memberships_contains_paywalled_content":false,"_jetpack_memberships_contains_paid_content":false,"footnotes":"","jetpack_publicize_message":"","jetpack_publicize_feature_enabled":true,"jetpack_social_post_already_shared":true,"jetpack_social_options":{"image_generator_settings":{"template":"highway","default_image_id":0,"font":"","enabled":false},"version":2}},"categories":[3,9],"tags":[],"class_list":["post-28138","post","type-post","status-publish","format-standard","has-post-thumbnail","hentry","category-novosti","category-skupovi"],"acf":{"facebook_opis":""},"jetpack_publicize_connections":[],"jetpack_featured_media_url":"https:\/\/i0.wp.com\/historiografija.hr\/wp-content\/uploads\/2021\/11\/Plakat.jpg?fit=1448%2C2048&ssl=1","jetpack_sharing_enabled":true,"jetpack-related-posts":[],"_links":{"self":[{"href":"https:\/\/historiografija.hr\/index.php?rest_route=\/wp\/v2\/posts\/28138","targetHints":{"allow":["GET"]}}],"collection":[{"href":"https:\/\/historiografija.hr\/index.php?rest_route=\/wp\/v2\/posts"}],"about":[{"href":"https:\/\/historiografija.hr\/index.php?rest_route=\/wp\/v2\/types\/post"}],"author":[{"embeddable":true,"href":"https:\/\/historiografija.hr\/index.php?rest_route=\/wp\/v2\/users\/2"}],"replies":[{"embeddable":true,"href":"https:\/\/historiografija.hr\/index.php?rest_route=%2Fwp%2Fv2%2Fcomments&post=28138"}],"version-history":[{"count":2,"href":"https:\/\/historiografija.hr\/index.php?rest_route=\/wp\/v2\/posts\/28138\/revisions"}],"predecessor-version":[{"id":28141,"href":"https:\/\/historiografija.hr\/index.php?rest_route=\/wp\/v2\/posts\/28138\/revisions\/28141"}],"wp:featuredmedia":[{"embeddable":true,"href":"https:\/\/historiografija.hr\/index.php?rest_route=\/wp\/v2\/media\/28139"}],"wp:attachment":[{"href":"https:\/\/historiografija.hr\/index.php?rest_route=%2Fwp%2Fv2%2Fmedia&parent=28138"}],"wp:term":[{"taxonomy":"category","embeddable":true,"href":"https:\/\/historiografija.hr\/index.php?rest_route=%2Fwp%2Fv2%2Fcategories&post=28138"},{"taxonomy":"post_tag","embeddable":true,"href":"https:\/\/historiografija.hr\/index.php?rest_route=%2Fwp%2Fv2%2Ftags&post=28138"}],"curies":[{"name":"wp","href":"https:\/\/api.w.org\/{rel}","templated":true}]}}