{"id":28118,"date":"2021-11-06T10:22:33","date_gmt":"2021-11-06T10:22:33","guid":{"rendered":"http:\/\/historiografija.hr\/?p=28118"},"modified":"2021-11-08T10:17:31","modified_gmt":"2021-11-08T10:17:31","slug":"mario-simunkovic-dorde-mihovilovic-masakr-nad-romima-i-sintima-u-hrastini-1945-godine-zlocini-luburicevaca-u-zapresickom-kraju","status":"publish","type":"post","link":"https:\/\/historiografija.hr\/?p=28118","title":{"rendered":"Mario \u0160imunkovi\u0107, \u0110or\u0111e Mihovilovi\u0107, \u201cMasakr nad Romima i Sintima u Hrastini 1945. godine \u2013 zlo\u010dini luburi\u0107evaca u zapre\u0161i\u0107kom kraju\u201d"},"content":{"rendered":"\n<p>Nova knjiga u izdanju Spomen podru\u010dja Jasenovac: &#8220;Masakr nad Romima i Sintima u Hrastini 1945. godine\u201c<\/p>\n\n\n\n<p>Knjiga \u201cMasakr nad Romima i Sintima u Hrastini 1945. godine &#8211; zlo\u010dini luburi\u0107evaca u zapre\u0161i\u0107kom kraju\u201d autora Marija \u0160imunkovi\u0107a i \u0110or\u0111a Mihovilovi\u0107a opisuje i dokumentira masakr nad skupinom romskih\/sintskih artista koji se dogodio 24.\/25. travnja 1945. godine nedaleko od hrvatsko-slovenske granice, u selu Hrastina u blizini Marije Gorice.<\/p>\n\n\n\n<p>Knjigu, po cijeni od 100 kuna, mo\u017eete nabaviti u Javnoj ustanovi Spomen podru\u010dje Jasenovac.<\/p>\n\n\n\n<hr class=\"wp-block-separator\"\/>\n\n\n\n<p>Izvor: <a href=\"http:\/\/www.jusp-jasenovac.hr\/Default.aspx?sid=9346\">http:\/\/www.jusp-jasenovac.hr\/Default.aspx?sid=9346<\/a><\/p>\n\n\n\n<hr class=\"wp-block-separator\"\/>\n\n\n\n<p>Dodatne informacije:<\/p>\n\n\n\n<p><a href=\"https:\/\/historiografija.ba\/article.php?id=785\">https:\/\/historiografija.ba\/article.php?id=785<\/a><\/p>\n\n\n\n<hr class=\"wp-block-separator\"\/>\n","protected":false},"excerpt":{"rendered":"","protected":false},"author":2,"featured_media":28119,"comment_status":"open","ping_status":"open","sticky":false,"template":"","format":"standard","meta":{"_acf_changed":false,"jetpack_post_was_ever_published":false,"_jetpack_newsletter_access":"","_jetpack_dont_email_post_to_subs":false,"_jetpack_newsletter_tier_id":0,"_jetpack_memberships_contains_paywalled_content":false,"_jetpack_memberships_contains_paid_content":false,"footnotes":"","jetpack_publicize_message":"","jetpack_publicize_feature_enabled":true,"jetpack_social_post_already_shared":true,"jetpack_social_options":{"image_generator_settings":{"template":"highway","default_image_id":0,"font":"","enabled":false},"version":2}},"categories":[8,3],"tags":[],"class_list":["post-28118","post","type-post","status-publish","format-standard","has-post-thumbnail","hentry","category-knjige","category-novosti"],"acf":{"facebook_opis":""},"jetpack_publicize_connections":[],"jetpack_featured_media_url":"https:\/\/i0.wp.com\/historiografija.hr\/wp-content\/uploads\/2021\/11\/masakr-u-hrastini.jpg?fit=434%2C600&ssl=1","jetpack_sharing_enabled":true,"jetpack-related-posts":[],"_links":{"self":[{"href":"https:\/\/historiografija.hr\/index.php?rest_route=\/wp\/v2\/posts\/28118","targetHints":{"allow":["GET"]}}],"collection":[{"href":"https:\/\/historiografija.hr\/index.php?rest_route=\/wp\/v2\/posts"}],"about":[{"href":"https:\/\/historiografija.hr\/index.php?rest_route=\/wp\/v2\/types\/post"}],"author":[{"embeddable":true,"href":"https:\/\/historiografija.hr\/index.php?rest_route=\/wp\/v2\/users\/2"}],"replies":[{"embeddable":true,"href":"https:\/\/historiografija.hr\/index.php?rest_route=%2Fwp%2Fv2%2Fcomments&post=28118"}],"version-history":[{"count":2,"href":"https:\/\/historiografija.hr\/index.php?rest_route=\/wp\/v2\/posts\/28118\/revisions"}],"predecessor-version":[{"id":28132,"href":"https:\/\/historiografija.hr\/index.php?rest_route=\/wp\/v2\/posts\/28118\/revisions\/28132"}],"wp:featuredmedia":[{"embeddable":true,"href":"https:\/\/historiografija.hr\/index.php?rest_route=\/wp\/v2\/media\/28119"}],"wp:attachment":[{"href":"https:\/\/historiografija.hr\/index.php?rest_route=%2Fwp%2Fv2%2Fmedia&parent=28118"}],"wp:term":[{"taxonomy":"category","embeddable":true,"href":"https:\/\/historiografija.hr\/index.php?rest_route=%2Fwp%2Fv2%2Fcategories&post=28118"},{"taxonomy":"post_tag","embeddable":true,"href":"https:\/\/historiografija.hr\/index.php?rest_route=%2Fwp%2Fv2%2Ftags&post=28118"}],"curies":[{"name":"wp","href":"https:\/\/api.w.org\/{rel}","templated":true}]}}