{"id":28112,"date":"2021-11-06T10:13:28","date_gmt":"2021-11-06T10:13:28","guid":{"rendered":"http:\/\/historiografija.hr\/?p=28112"},"modified":"2021-11-06T10:13:28","modified_gmt":"2021-11-06T10:13:28","slug":"branko-somen-tisina-za-oci","status":"publish","type":"post","link":"https:\/\/historiografija.hr\/?p=28112","title":{"rendered":"Branko \u0160\u00f6men, \u201eTi\u0161ina za o\u010di\u201c"},"content":{"rendered":"\n<p>Roman \u201eTi\u0161ina za o\u010di\u201c nastao je kao filmski scenarij na prijedlog prijatelja Branka Lustiga (1932. \u2013 2019.), koji je kao dijete pre\u017eivio strahote Auschwitza i mnogo godina poslije postao dvostruki oskarovac. Scenarij je u Hollywoodu potvr\u0111en, ali film na\u017ealost nikada nije snimljen\u2026<\/p>\n\n\n\n<hr class=\"wp-block-separator\"\/>\n\n\n\n<p>Naslov izvornika: Ti\u0161ina za o\u010di<\/p>\n\n\n\n<p>Jezik izvornika: slovenski<\/p>\n\n\n\n<p>Prevoditelj: Mirta Jurilj<\/p>\n\n\n\n<p>Broj stranica: 232<\/p>\n\n\n\n<p>Godina izdanja: 2021.<\/p>\n\n\n\n<p>Format knjige: 135 x 205<\/p>\n\n\n\n<p>ISBN: 978-953-8347-55-9<\/p>\n\n\n\n<hr class=\"wp-block-separator\"\/>\n\n\n\n<p>Izvor:<\/p>\n\n\n\n<figure class=\"wp-block-embed-wordpress wp-block-embed is-type-wp-embed is-provider-stilus-knjiga\"><div class=\"wp-block-embed__wrapper\">\n<blockquote class=\"wp-embedded-content\" data-secret=\"W3pAhqGpUy\"><a href=\"https:\/\/stilus-knjiga.hr\/proizvod\/tisina-za-oci\/\">Ti\u0161ina za o\u010di<\/a><\/blockquote><iframe loading=\"lazy\" class=\"wp-embedded-content\" sandbox=\"allow-scripts\" security=\"restricted\" style=\"position: absolute; clip: rect(1px, 1px, 1px, 1px);\" title=\"&#8220;Ti\u0161ina za o\u010di&#8221; &#8212; Stilus knjiga\" src=\"https:\/\/stilus-knjiga.hr\/proizvod\/tisina-za-oci\/embed\/#?secret=W3pAhqGpUy\" data-secret=\"W3pAhqGpUy\" width=\"600\" height=\"338\" frameborder=\"0\" marginwidth=\"0\" marginheight=\"0\" scrolling=\"no\"><\/iframe>\n<\/div><\/figure>\n\n\n\n<hr class=\"wp-block-separator\"\/>\n","protected":false},"excerpt":{"rendered":"","protected":false},"author":2,"featured_media":28113,"comment_status":"open","ping_status":"open","sticky":false,"template":"","format":"standard","meta":{"_acf_changed":false,"jetpack_post_was_ever_published":false,"_jetpack_newsletter_access":"","_jetpack_dont_email_post_to_subs":false,"_jetpack_newsletter_tier_id":0,"_jetpack_memberships_contains_paywalled_content":false,"_jetpack_memberships_contains_paid_content":false,"footnotes":"","jetpack_publicize_message":"","jetpack_publicize_feature_enabled":true,"jetpack_social_post_already_shared":true,"jetpack_social_options":{"image_generator_settings":{"template":"highway","default_image_id":0,"font":"","enabled":false},"version":2}},"categories":[3,12],"tags":[],"class_list":["post-28112","post","type-post","status-publish","format-standard","has-post-thumbnail","hentry","category-novosti","category-knjizevnost"],"acf":{"facebook_opis":""},"jetpack_publicize_connections":[],"jetpack_featured_media_url":"https:\/\/i0.wp.com\/historiografija.hr\/wp-content\/uploads\/2021\/11\/Tisina.jpg?fit=346%2C553&ssl=1","jetpack_sharing_enabled":true,"jetpack-related-posts":[],"_links":{"self":[{"href":"https:\/\/historiografija.hr\/index.php?rest_route=\/wp\/v2\/posts\/28112","targetHints":{"allow":["GET"]}}],"collection":[{"href":"https:\/\/historiografija.hr\/index.php?rest_route=\/wp\/v2\/posts"}],"about":[{"href":"https:\/\/historiografija.hr\/index.php?rest_route=\/wp\/v2\/types\/post"}],"author":[{"embeddable":true,"href":"https:\/\/historiografija.hr\/index.php?rest_route=\/wp\/v2\/users\/2"}],"replies":[{"embeddable":true,"href":"https:\/\/historiografija.hr\/index.php?rest_route=%2Fwp%2Fv2%2Fcomments&post=28112"}],"version-history":[{"count":1,"href":"https:\/\/historiografija.hr\/index.php?rest_route=\/wp\/v2\/posts\/28112\/revisions"}],"predecessor-version":[{"id":28114,"href":"https:\/\/historiografija.hr\/index.php?rest_route=\/wp\/v2\/posts\/28112\/revisions\/28114"}],"wp:featuredmedia":[{"embeddable":true,"href":"https:\/\/historiografija.hr\/index.php?rest_route=\/wp\/v2\/media\/28113"}],"wp:attachment":[{"href":"https:\/\/historiografija.hr\/index.php?rest_route=%2Fwp%2Fv2%2Fmedia&parent=28112"}],"wp:term":[{"taxonomy":"category","embeddable":true,"href":"https:\/\/historiografija.hr\/index.php?rest_route=%2Fwp%2Fv2%2Fcategories&post=28112"},{"taxonomy":"post_tag","embeddable":true,"href":"https:\/\/historiografija.hr\/index.php?rest_route=%2Fwp%2Fv2%2Ftags&post=28112"}],"curies":[{"name":"wp","href":"https:\/\/api.w.org\/{rel}","templated":true}]}}