{"id":28103,"date":"2021-11-06T09:49:07","date_gmt":"2021-11-06T09:49:07","guid":{"rendered":"http:\/\/historiografija.hr\/?p=28103"},"modified":"2021-11-06T09:49:07","modified_gmt":"2021-11-06T09:49:07","slug":"do-posljednjeg-pozdrava-zastavi-sjecanja-austrijskog-podmornickog-zapovjednika-kapetana-korvete-georga-von-trappa","status":"publish","type":"post","link":"https:\/\/historiografija.hr\/?p=28103","title":{"rendered":"Do posljednjeg pozdrava zastavi \u2013 sje\u0107anja austrijskog podmorni\u010dkog zapovjednika kapetana korvete Georga von Trappa"},"content":{"rendered":"\n<p>Iza\u0161la je iz tiska nova knjiga u suizdava\u0161tvu Hrvatskog instituta za povijest, Dr\u017eavnog arhiva u Zadru i Udruge 1914. -1918.: Do posljednjeg pozdrava zastavi \u2013 sje\u0107anja austrijskog podmorni\u010dkog zapovjednika kapetana korvete Georga von Trappa.<\/p>\n\n\n\n<hr class=\"wp-block-separator\"\/>\n\n\n\n<h4 class=\"wp-block-heading\">Knjiga se mo\u017ee kupiti i naru\u010diti u Dr\u017eavnom arhivu u Zadru.<\/h4>\n\n\n\n<h4 class=\"wp-block-heading\">Ul. Ru\u0111era Bo\u0161kovi\u0107a, 23000, Zadar<\/h4>\n\n\n\n<h4 class=\"wp-block-heading\">telefon:&nbsp;<a href=\"https:\/\/www.google.com\/search?q=dr%C5%BEavni+arhiv+u+zadru+kontakt&amp;rlz=1C1GCEU_en-GBHR836HR836&amp;oq=dr%C5%BEavni+arhiv+u+zadru&amp;aqs=chrome.3.69i57j46i175i199i512j0i512j0i22i30l6.9046j0j7&amp;sourceid=chrome&amp;ie=UTF-8\">023 211 530<\/a><\/h4>\n\n\n\n<h4 class=\"wp-block-heading\">Cijena knjige je 100,00 kuna<\/h4>\n\n\n\n<hr class=\"wp-block-separator\"\/>\n\n\n\n<p>Izvor:<\/p>\n\n\n\n<p><a href=\"https:\/\/www.isp.hr\/izasla-je-iz-tiska-nova-knjiga-u-suizdavastvu-hrvatskog-instituta-za-povijest-drzavnog-arhiva-u-zadru-i-udruge-1914-1918-do-posljednjeg-pozdrava-zastavi-sjecanja-austrijskog-podmornickog-zapovj\/\">https:\/\/www.isp.hr\/izasla-je-iz-tiska-nova-knjiga-u-suizdavastvu-hrvatskog-instituta-za-povijest-drzavnog-arhiva-u-zadru-i-udruge-1914-1918-do-posljednjeg-pozdrava-zastavi-sjecanja-austrijskog-podmornickog-zapovj\/<\/a><\/p>\n\n\n\n<hr class=\"wp-block-separator\"\/>\n","protected":false},"excerpt":{"rendered":"","protected":false},"author":2,"featured_media":28104,"comment_status":"open","ping_status":"open","sticky":false,"template":"","format":"standard","meta":{"_acf_changed":false,"jetpack_post_was_ever_published":false,"_jetpack_newsletter_access":"","_jetpack_dont_email_post_to_subs":false,"_jetpack_newsletter_tier_id":0,"_jetpack_memberships_contains_paywalled_content":false,"_jetpack_memberships_contains_paid_content":false,"footnotes":"","jetpack_publicize_message":"","jetpack_publicize_feature_enabled":true,"jetpack_social_post_already_shared":true,"jetpack_social_options":{"image_generator_settings":{"template":"highway","default_image_id":0,"font":"","enabled":false},"version":2}},"categories":[8,3],"tags":[],"class_list":["post-28103","post","type-post","status-publish","format-standard","has-post-thumbnail","hentry","category-knjige","category-novosti"],"acf":{"facebook_opis":""},"jetpack_publicize_connections":[],"jetpack_featured_media_url":"https:\/\/i0.wp.com\/historiografija.hr\/wp-content\/uploads\/2021\/11\/DO-POSLJEDNJEG-POZDRAVA-ZASTAVI.jpg?fit=556%2C702&ssl=1","jetpack_sharing_enabled":true,"jetpack-related-posts":[],"_links":{"self":[{"href":"https:\/\/historiografija.hr\/index.php?rest_route=\/wp\/v2\/posts\/28103","targetHints":{"allow":["GET"]}}],"collection":[{"href":"https:\/\/historiografija.hr\/index.php?rest_route=\/wp\/v2\/posts"}],"about":[{"href":"https:\/\/historiografija.hr\/index.php?rest_route=\/wp\/v2\/types\/post"}],"author":[{"embeddable":true,"href":"https:\/\/historiografija.hr\/index.php?rest_route=\/wp\/v2\/users\/2"}],"replies":[{"embeddable":true,"href":"https:\/\/historiografija.hr\/index.php?rest_route=%2Fwp%2Fv2%2Fcomments&post=28103"}],"version-history":[{"count":1,"href":"https:\/\/historiografija.hr\/index.php?rest_route=\/wp\/v2\/posts\/28103\/revisions"}],"predecessor-version":[{"id":28105,"href":"https:\/\/historiografija.hr\/index.php?rest_route=\/wp\/v2\/posts\/28103\/revisions\/28105"}],"wp:featuredmedia":[{"embeddable":true,"href":"https:\/\/historiografija.hr\/index.php?rest_route=\/wp\/v2\/media\/28104"}],"wp:attachment":[{"href":"https:\/\/historiografija.hr\/index.php?rest_route=%2Fwp%2Fv2%2Fmedia&parent=28103"}],"wp:term":[{"taxonomy":"category","embeddable":true,"href":"https:\/\/historiografija.hr\/index.php?rest_route=%2Fwp%2Fv2%2Fcategories&post=28103"},{"taxonomy":"post_tag","embeddable":true,"href":"https:\/\/historiografija.hr\/index.php?rest_route=%2Fwp%2Fv2%2Ftags&post=28103"}],"curies":[{"name":"wp","href":"https:\/\/api.w.org\/{rel}","templated":true}]}}