{"id":28092,"date":"2021-11-04T16:00:57","date_gmt":"2021-11-04T16:00:57","guid":{"rendered":"http:\/\/historiografija.hr\/?p=28092"},"modified":"2021-11-04T16:00:57","modified_gmt":"2021-11-04T16:00:57","slug":"spomenici-ii-svjetskog-rata-u-crnoj-gori","status":"publish","type":"post","link":"https:\/\/historiografija.hr\/?p=28092","title":{"rendered":"\u201eSpomenici II svjetskog rata u Crnoj Gori\u201c"},"content":{"rendered":"\n<p>\u201eEXPEDITIO &#8211; Centar za odr\u017eivi prostorni razvoj\u201c iz Kotora objavio je 2020. knjigu \u201eSpomenici II svjetskog rata u Crnoj Gori\u201c. Autorka knjige je dr Slavica Stamatovi\u0107 Vu\u010dkovi\u0107, vanredna profesorka na Arhitektonskom fakultetu Univerziteta Crne Gore, a saradnice su bile Aleksandra Kapetanovi\u0107, Biljana Gligori\u0107 i Tatjana Raji\u0107.<\/p>\n\n\n\n<p>Knjiga je zami\u0161ljena kao vodi\u010d kroz ovaj zna\u010dajan segment crnogorske i regionalne kulturne ba\u0161tine. U njoj je predstavljeno jedanaest spomenika, sa posebnim akcentom na nekoliko ranije prepoznatih na regionalnom i internacionalnom nivou: Dola, Trebjesa, Barutana, Jasikovac i Spomen-dom u Kola\u0161inu.<\/p>\n\n\n\n<p>Knjiga je objavljena sa namjerom da se prepoznaju spomenici posve\u0107eni Drugom svjetskom ratu, kako bi se bolje valorizirali i afirmirali kao va\u017ean i osoben segment cjelokupnog kulturnog naslje\u0111a Crne Gore. Knjiga daje detaljan opis 11 odabranih spomenika, pru\u017ea osnovne informacije o spomenicima i njihovom trenutnom stanju te ukazuje na njihov kulturno-turisti\u010dki potencijal.<\/p>\n\n\n\n<p>Memorijalni kompleks Dola u Plu\u017einama je podignut u znak sje\u0107anja na ubijene stanovnike \u017dupe pivske, a najve\u0107im dijelom sela Miljkovac. U vrijeme Pete neprijateljske ofanzive i Bitke na Sutjesci u Bosni tokom ljeta 1943. do\u0161lo je do napada njema\u010dke SS divizije \u201ePrinz Eugen\u201c na mjesto Dola i tom prilikom su pripadnici te divizije samo u jednom danu, 7. juna 1943, ubili 522 stanovnika u tom kraju.<\/p>\n\n\n\n<p>Spomenik Palim borcima pod Trebjesom (Nik\u0161i\u0107) podignut je u znak sje\u0107anja na 1500 poginulih sa teritorije te op\u0107ine tokom Drugog svjetskog rata, a spomenik na Barutani (Podgorica) podignut je u znak sje\u0107anja na sve poginule u oslobodila\u010dkim ratovima u prvoj polovici 20. stolje\u0107a. Simbol svih borbi za slobodu stanovnika Berana je Spomenik Slobodi na Jasikovcu, dok je Spomen-dom Kola\u0161in posve\u0107en \u201eslobodarskoj partizanskoj teritoriji\u201c ovoga grada. Spomen-park u Grahovu je posve\u0107en po\u010detku ustanka u Crnoj Gori i borcima gragovskog kraja, a prije svega narodnom heroju Savi Kova\u010devi\u0107u ro\u0111enom u obli\u017enjem selu Nudo. Spomenik palim borcima u Golubovcima (Podgorica) posve\u0107en je svim palim borcima tog kraja, a Spomenik Revoluciji u Virpazaru (Bar) podignut je u \u010dast poginulim borcima NOR-a na podru\u010dju Crmnice. U Mauzoleju Partizanu-borcu na Gorici (Podgorica) nalaze se posmrtni ostatci 66 narodna heroja i 2 revolucionara, ali ovaj spomenik je na neki na\u010din sredi\u0161nje spomen-mjesto svih stradanja u NOR-u i spomen na sve poginule na terotoriji Crne Gore u oslobodila\u010dkom ratu 1941-1945. godine. Spomenik na Stra\u017eici u Pljevljima posve\u0107en je poginulim u Pljevaljskoj bitki 1941, kao i svim borcima pljevaljskog kraja poginulim u NOR- u i socijalisti\u010dkoj revoluciji, a Spomenik palim borcima na \u017dabljaku posve\u0107en je svim palim borcima NOR-a i \u017ertvama fa\u0161isti\u010dkog terora durmitorskog kraja.<\/p>\n\n\n\n<p>Najve\u0107i broj ovih spomenika je podignut tokom 1970-ih godina (6 spomenika), neki su podignuti krajem 1950-ih i po\u010detkom 1960-ih (4 spomenika), a najkasnije je podignut spomenik pod Trebjesom (1987. godine). Gotovo svi spomenici su gra\u0111eni sredstvima samodoprinosa mje\u0161tana.<\/p>\n\n\n\n<p>Ova knjiga Slavice Stamatovi\u0107 Vu\u010dkovi\u0107 je odli\u010dan vodi\u010d kroz spomenike i oslobodila\u010dku i slobodarsku tradiciju Crne Gore. Nastala je u okviru regionalng projekta <a rel=\"noreferrer noopener\" href=\"https:\/\/issuu.com\/expeditiokotor\/docs\/individual_assesment-crna_gora\" target=\"_blank\">WWII Monument &#8211; Procjena spomenika posve\u0107enih II svjetskom ratu u Crnoj Gori za formiranje novog regionalnog turisti\u010dkog proizvoda \u2013 kulturne rute u jugoisto\u010dno Evropi<\/a>.<\/p>\n\n\n\n<hr class=\"wp-block-separator\"\/>\n\n\n\n<p>Izvor:<\/p>\n\n\n\n<p><strong>Historiografija.ba<\/strong><\/p>\n\n\n\n<p><a href=\"https:\/\/historiografija.ba\/article.php?id=758\">https:\/\/historiografija.ba\/article.php?id=758<\/a><\/p>\n\n\n\n<hr class=\"wp-block-separator\"\/>\n\n\n\n<p><\/p>\n","protected":false},"excerpt":{"rendered":"","protected":false},"author":2,"featured_media":28093,"comment_status":"open","ping_status":"open","sticky":false,"template":"","format":"standard","meta":{"_acf_changed":false,"jetpack_post_was_ever_published":false,"_jetpack_newsletter_access":"","_jetpack_dont_email_post_to_subs":false,"_jetpack_newsletter_tier_id":0,"_jetpack_memberships_contains_paywalled_content":false,"_jetpack_memberships_contains_paid_content":false,"footnotes":"","jetpack_publicize_message":"","jetpack_publicize_feature_enabled":true,"jetpack_social_post_already_shared":true,"jetpack_social_options":{"image_generator_settings":{"template":"highway","default_image_id":0,"font":"","enabled":false},"version":2}},"categories":[8,3],"tags":[],"class_list":["post-28092","post","type-post","status-publish","format-standard","has-post-thumbnail","hentry","category-knjige","category-novosti"],"acf":{"facebook_opis":""},"jetpack_publicize_connections":[],"jetpack_featured_media_url":"https:\/\/i0.wp.com\/historiografija.hr\/wp-content\/uploads\/2021\/11\/Spomenici_Crna-Gora.png?fit=450%2C619&ssl=1","jetpack_sharing_enabled":true,"jetpack-related-posts":[],"_links":{"self":[{"href":"https:\/\/historiografija.hr\/index.php?rest_route=\/wp\/v2\/posts\/28092","targetHints":{"allow":["GET"]}}],"collection":[{"href":"https:\/\/historiografija.hr\/index.php?rest_route=\/wp\/v2\/posts"}],"about":[{"href":"https:\/\/historiografija.hr\/index.php?rest_route=\/wp\/v2\/types\/post"}],"author":[{"embeddable":true,"href":"https:\/\/historiografija.hr\/index.php?rest_route=\/wp\/v2\/users\/2"}],"replies":[{"embeddable":true,"href":"https:\/\/historiografija.hr\/index.php?rest_route=%2Fwp%2Fv2%2Fcomments&post=28092"}],"version-history":[{"count":1,"href":"https:\/\/historiografija.hr\/index.php?rest_route=\/wp\/v2\/posts\/28092\/revisions"}],"predecessor-version":[{"id":28094,"href":"https:\/\/historiografija.hr\/index.php?rest_route=\/wp\/v2\/posts\/28092\/revisions\/28094"}],"wp:featuredmedia":[{"embeddable":true,"href":"https:\/\/historiografija.hr\/index.php?rest_route=\/wp\/v2\/media\/28093"}],"wp:attachment":[{"href":"https:\/\/historiografija.hr\/index.php?rest_route=%2Fwp%2Fv2%2Fmedia&parent=28092"}],"wp:term":[{"taxonomy":"category","embeddable":true,"href":"https:\/\/historiografija.hr\/index.php?rest_route=%2Fwp%2Fv2%2Fcategories&post=28092"},{"taxonomy":"post_tag","embeddable":true,"href":"https:\/\/historiografija.hr\/index.php?rest_route=%2Fwp%2Fv2%2Ftags&post=28092"}],"curies":[{"name":"wp","href":"https:\/\/api.w.org\/{rel}","templated":true}]}}