{"id":28083,"date":"2021-11-04T14:46:00","date_gmt":"2021-11-04T14:46:00","guid":{"rendered":"http:\/\/historiografija.hr\/?p=28083"},"modified":"2021-11-04T14:48:24","modified_gmt":"2021-11-04T14:48:24","slug":"metodicki-paket-za-poucavanje-povijesti","status":"publish","type":"post","link":"https:\/\/historiografija.hr\/?p=28083","title":{"rendered":"Metodi\u010dki paket za pou\u010davanje povijesti"},"content":{"rendered":"\n<p><strong>Autori<\/strong>: Miljenko Hajdarovi\u0107, Martina Glu\u010dina, Valerija Turk-Prese\u010dki<br><strong>ISBN<\/strong>: 978-953-359-300-5<br>2. pro\u0161ireno izdanje, 2021.<br>elektroni\u010dko izdanje, 153 stranice<br><strong>besplatno preuzimanje<\/strong>:\u00a0<a href=\"https:\/\/bit.ly\/3jWHrN5\">https:\/\/bit.ly\/3jWHrN5<\/a><\/p>\n\n\n\n<hr class=\"wp-block-separator\"\/>\n\n\n\n<p>Sadr\u017eaj<\/p>\n\n\n\n<p>1. Promjena paradigme, reforma ili sve po starom?<br>2. \u0160to su ishodi u\u010denja i \u010demu slu\u017ee?<br>3. Vrednovanje<br>4. Primjeri vrednovanja<br>4. 1. Vrednovanje za u\u010denje<br>4. 2. Vrednovanje kao u\u010denje<br>4. 3. Vrednovanje nau\u010denoga<br>5. O studiji slu\u010daja kao strategiji u nastavi povijesti<br>6. Primjeri metoda pou\u010davanja<br>7. Dvostruko kodiranje u nastavi povijesti<br>8. Velike slike ili kako ponavljanje gradiva u\u010diniti smislenijim<br>9. Istra\u017eiva\u010dka pitanja u nastavi povijesti<br>10. Slikovni izvori u nastavi povijesti \u2013 izazovi pou\u010davanja<br>11. Karikatura kao povijesni izvor<br>12. Pou\u010davanje pomo\u0107u grafi\u010dkih organizatora<br>13. Dobro kori\u0161tenje filma u nastavi Povijesti<br>14. Digitalno pou\u010davanje povijesti<br>15. U\u010dinkovito kori\u0161tenje ra\u010dunalnih prezentacija u nastavi povijesti<br>16. Problem straha od javnoga nastupa u online okru\u017eenju<br>17. Kako koristiti autonomiju u pou\u010davanju povijesti?<br>18. Refleksija o protekloj \u0161kolskoj godini \u2013 izazovi, napredak i kojim putem dalje<\/p>\n\n\n\n<hr class=\"wp-block-separator\"\/>\n\n\n\n<p>Izdava\u010dka ku\u0107a Profil Klett prepoznaje potrebu za permanentnim stru\u010dnim usavr\u0161avanjem u\u010ditelja i mnogobrojnim aktivnostima nastoji podr\u017eati zajednicu prakti\u010dara. Uz webinare i stru\u010dne \u010dlanke na portalu Profil Klett je za u\u010ditelje povijesti priredio zbirku suvremenih didakti\u010dkih i metodi\u010dkih savjeta.<\/p>\n\n\n\n<p>Uz mnogobrojne projekte, izlo\u017ebe, usavr\u0161avanja, konferencije i druge aktivnosti na unapre\u0111enju obrazovanja Miljenko Hajdarovi\u0107, Martina Glu\u010dina i Valerija Turk-Prese\u010dki, prikupili su zajedno ve\u0107 nekoliko desetlje\u0107a prakti\u010dnoga rada u hrvatskim osnovnim i srednjim \u0161kolama. Zajedno su u razli\u010ditim ulogama sudjelovali u izdavanju ud\u017ebenika, priru\u010dnika i digitalnih obrazovnih sadr\u017eaja izdava\u010dke ku\u0107e Profil Klett. Njihove pro\u0161irene biografije potra\u017eite u knjizi.<\/p>\n\n\n\n<p>Metodi\u010dki paket za pou\u010davanje povijesti sadr\u017ei \u010dlanke, stru\u010dne radove i istra\u017eivanja nastala u nekoliko posljednih godina tijekom kojih se provodi najnovija reforma obrazovanja u Hrvatskoj. Autori nastoje pomo\u0107i u\u010diteljima povijesti tekstovima koji pokrivaju teme o odgojno-obrazovnim ishodima, vrednovanju, metodama pou\u010davanja i drugim temama didaktike i metodike pou\u010davanja Povijesti.<\/p>\n\n\n\n<hr class=\"wp-block-separator\"\/>\n\n\n\n<p><strong>Iz recenzije<\/strong><\/p>\n\n\n\n<p>Pogledajte videoisje\u010dak u kojem recenzent dr. sc. Goran \u0110ur\u0111evi\u0107 najavljuje knjigu:<\/p>\n\n\n\n<p><a href=\"https:\/\/www.profil-klett.hr\/metodicki-paket-za-poucavanje-povijesti\">https:\/\/www.profil-klett.hr\/metodicki-paket-za-poucavanje-povijesti<\/a><\/p>\n\n\n\n<hr class=\"wp-block-separator\"\/>\n","protected":false},"excerpt":{"rendered":"","protected":false},"author":2,"featured_media":28084,"comment_status":"open","ping_status":"open","sticky":false,"template":"","format":"standard","meta":{"_acf_changed":false,"jetpack_post_was_ever_published":false,"_jetpack_newsletter_access":"","_jetpack_dont_email_post_to_subs":false,"_jetpack_newsletter_tier_id":0,"_jetpack_memberships_contains_paywalled_content":false,"_jetpack_memberships_contains_paid_content":false,"footnotes":"","jetpack_publicize_message":"","jetpack_publicize_feature_enabled":true,"jetpack_social_post_already_shared":true,"jetpack_social_options":{"image_generator_settings":{"template":"highway","default_image_id":0,"font":"","enabled":false},"version":2}},"categories":[19,8,3],"tags":[],"class_list":["post-28083","post","type-post","status-publish","format-standard","has-post-thumbnail","hentry","category-e-knjige","category-knjige","category-novosti"],"acf":{"facebook_opis":""},"jetpack_publicize_connections":[],"jetpack_featured_media_url":"https:\/\/i0.wp.com\/historiografija.hr\/wp-content\/uploads\/2021\/11\/metodicki_paket_web.jpg?fit=1170%2C700&ssl=1","jetpack_sharing_enabled":true,"jetpack-related-posts":[],"_links":{"self":[{"href":"https:\/\/historiografija.hr\/index.php?rest_route=\/wp\/v2\/posts\/28083","targetHints":{"allow":["GET"]}}],"collection":[{"href":"https:\/\/historiografija.hr\/index.php?rest_route=\/wp\/v2\/posts"}],"about":[{"href":"https:\/\/historiografija.hr\/index.php?rest_route=\/wp\/v2\/types\/post"}],"author":[{"embeddable":true,"href":"https:\/\/historiografija.hr\/index.php?rest_route=\/wp\/v2\/users\/2"}],"replies":[{"embeddable":true,"href":"https:\/\/historiografija.hr\/index.php?rest_route=%2Fwp%2Fv2%2Fcomments&post=28083"}],"version-history":[{"count":1,"href":"https:\/\/historiografija.hr\/index.php?rest_route=\/wp\/v2\/posts\/28083\/revisions"}],"predecessor-version":[{"id":28085,"href":"https:\/\/historiografija.hr\/index.php?rest_route=\/wp\/v2\/posts\/28083\/revisions\/28085"}],"wp:featuredmedia":[{"embeddable":true,"href":"https:\/\/historiografija.hr\/index.php?rest_route=\/wp\/v2\/media\/28084"}],"wp:attachment":[{"href":"https:\/\/historiografija.hr\/index.php?rest_route=%2Fwp%2Fv2%2Fmedia&parent=28083"}],"wp:term":[{"taxonomy":"category","embeddable":true,"href":"https:\/\/historiografija.hr\/index.php?rest_route=%2Fwp%2Fv2%2Fcategories&post=28083"},{"taxonomy":"post_tag","embeddable":true,"href":"https:\/\/historiografija.hr\/index.php?rest_route=%2Fwp%2Fv2%2Ftags&post=28083"}],"curies":[{"name":"wp","href":"https:\/\/api.w.org\/{rel}","templated":true}]}}