{"id":28071,"date":"2021-11-03T11:29:15","date_gmt":"2021-11-03T11:29:15","guid":{"rendered":"http:\/\/historiografija.hr\/?p=28071"},"modified":"2021-11-03T11:29:15","modified_gmt":"2021-11-03T11:29:15","slug":"philippe-lancon-zakrpan","status":"publish","type":"post","link":"https:\/\/historiografija.hr\/?p=28071","title":{"rendered":"Philippe Lan\u00e7on, \u201cZakrpan\u201d"},"content":{"rendered":"\n<p>Toga sije\u010danjskoga jutra 2015. Parizom i svijetom odjeknula je vijest o teroristi\u010dkom napadu na redakciju \u010dasopisa Charlie Hebdo. Philippe Lan\u00e7on sjedi na sastanku s kolegama kada dvojica maskiranih napada\u010da upadaju u zgradu i u nekoliko sekunda izvode nezapam\u0107eno krvoproli\u0107e. Propucana lica i te\u0161ko ranjene \u010deljusti, ali \u017eivog, novinara na bolni\u010dkim nosilima iznose s popri\u0161ta dok on pogledom posljednji put pozdravlja ubijene kolege. Sedamnaest operacija lica etape su novoga \u017eivota koji autor nastoji rekonstruirati ba\u0161 kao i lije\u010dnici njegovu \u010deljust. U briljantnoj knji\u017eevnoj obradi vlastite patnje, koja je i trauma cijele Francuske, autor dojmljivo ispisuje povratak u \u017eivot nakon neizreciva iskustva, ne prepu\u0161taju\u0107i se bijesu ili malodu\u0161nosti pred do\u017eivljenim u\u017easom ve\u0107 mu se suprotstaviv\u0161i dubokom humano\u0161\u0107u te ljepotom rije\u010di i pripovijedanja zbog \u010dega se ovaj tekst ve\u0107 upisao u vrhunce suvremene knji\u017eevnosti.\u00a0<\/p>\n\n\n\n<hr class=\"wp-block-separator\"\/>\n\n\n\n<p><strong>Iz medija:<\/strong><\/p>\n\n\n\n<p>\u201eNevjerojatno svjedo\u010danstvo, jednako fascinantno i zastra\u0161uju\u0107e.\u201c&nbsp;<\/p>\n\n\n\n<p><em>Lib\u00e9ration<\/em><\/p>\n\n\n\n<p>\u201eVeli\u010danstven dnevnik \u017ealovanja.\u201c<\/p>\n\n\n\n<p><em>Le Monde des Livres<\/em><\/p>\n\n\n\n<p>\u201ePhilippe Lan\u00e7on darovao nam je nezaboravnu knjigu: spoj kronike, memoarske i lijepe knji\u017eevnosti.\u201c<\/p>\n\n\n\n<p><em>El Pa\u00eds<\/em><\/p>\n\n\n\n<p>\u201eO\u010daravaju\u0107e i \u010desto otre\u017enjuju\u0107e \u0161tivo koje nudi uvid u ljudsku krhkost, ali i otpornost.\u201c<\/p>\n\n\n\n<p><em>World Literature Today<\/em><\/p>\n\n\n\n<p>\u201eNema sumnje, apsolutno remek-djelo.\u201c<\/p>\n\n\n\n<p>Fr\u00e9d\u00e9ric Beigbeder, <em>Le Figaro Magazine<\/em><\/p>\n\n\n\n<hr class=\"wp-block-separator\"\/>\n\n\n\n<p><strong>O knjizi<\/strong><\/p>\n\n\n\n<p>Prijevod: \u017deljka Somun<\/p>\n\n\n\n<p>Jezik izvornika: Francuski<\/p>\n\n\n\n<p>Broj stranica: 488<\/p>\n\n\n\n<p>Datum izdanja: 2021.<\/p>\n\n\n\n<p>ISBN 978-953-332-125-7<\/p>\n\n\n\n<p>Uvez: meki uvez s klapnama<\/p>\n\n\n\n<hr class=\"wp-block-separator\"\/>\n\n\n\n<p><strong>O autoru<\/strong><\/p>\n\n\n\n<p><strong>Philippe Lan\u00e7on<\/strong> (1963.) novinar je, pisac i knji\u017eevni kriti\u010dar. Pi\u0161e za francuske novine <em>Lib\u00e9ration<\/em> i satiri\u010dki \u010dasopis <em>Charlie Hebdo<\/em>. Pre\u017eivio je napad na redakciju \u010dasopisa te 2018. objavio knjigu <em>Zakrpan<\/em> za koju je dobio niz nagrada, me\u0111u kojima se isti\u010du Nagrada za najbolju knjigu \u010dasopisa Lire 2018., Nagrada Femina, Nagrada Roger-Caillois, posebno priznanje \u017eirija Nagrade Renaudot. Knjiga je prevedena na brojne jezike te od \u010ditatelja i kritike hvaljena kao univerzalno remek-djelo, knjiga koja se svojom humano\u0161\u0107u opire svakom nasilju i barbarizmu.<\/p>\n\n\n\n<hr class=\"wp-block-separator\"\/>\n\n\n\n<p>Izvor:<\/p>\n\n\n\n<p><a href=\"https:\/\/www.oceanmore.hr\/index.php?opt=shop&amp;act=show&amp;id=190&amp;lang=hr\">https:\/\/www.oceanmore.hr\/index.php?opt=shop&amp;act=show&amp;id=190&amp;lang=hr<\/a><\/p>\n\n\n\n<hr class=\"wp-block-separator\"\/>\n","protected":false},"excerpt":{"rendered":"","protected":false},"author":2,"featured_media":28072,"comment_status":"open","ping_status":"open","sticky":false,"template":"","format":"standard","meta":{"_acf_changed":false,"jetpack_post_was_ever_published":false,"_jetpack_newsletter_access":"","_jetpack_dont_email_post_to_subs":false,"_jetpack_newsletter_tier_id":0,"_jetpack_memberships_contains_paywalled_content":false,"_jetpack_memberships_contains_paid_content":false,"footnotes":"","jetpack_publicize_message":"","jetpack_publicize_feature_enabled":true,"jetpack_social_post_already_shared":true,"jetpack_social_options":{"image_generator_settings":{"template":"highway","default_image_id":0,"font":"","enabled":false},"version":2}},"categories":[3,12],"tags":[],"class_list":["post-28071","post","type-post","status-publish","format-standard","has-post-thumbnail","hentry","category-novosti","category-knjizevnost"],"acf":{"facebook_opis":""},"jetpack_publicize_connections":[],"jetpack_featured_media_url":"https:\/\/i0.wp.com\/historiografija.hr\/wp-content\/uploads\/2021\/11\/Lancon_naslovnica.jpg?fit=500%2C791&ssl=1","jetpack_sharing_enabled":true,"jetpack-related-posts":[],"_links":{"self":[{"href":"https:\/\/historiografija.hr\/index.php?rest_route=\/wp\/v2\/posts\/28071","targetHints":{"allow":["GET"]}}],"collection":[{"href":"https:\/\/historiografija.hr\/index.php?rest_route=\/wp\/v2\/posts"}],"about":[{"href":"https:\/\/historiografija.hr\/index.php?rest_route=\/wp\/v2\/types\/post"}],"author":[{"embeddable":true,"href":"https:\/\/historiografija.hr\/index.php?rest_route=\/wp\/v2\/users\/2"}],"replies":[{"embeddable":true,"href":"https:\/\/historiografija.hr\/index.php?rest_route=%2Fwp%2Fv2%2Fcomments&post=28071"}],"version-history":[{"count":1,"href":"https:\/\/historiografija.hr\/index.php?rest_route=\/wp\/v2\/posts\/28071\/revisions"}],"predecessor-version":[{"id":28073,"href":"https:\/\/historiografija.hr\/index.php?rest_route=\/wp\/v2\/posts\/28071\/revisions\/28073"}],"wp:featuredmedia":[{"embeddable":true,"href":"https:\/\/historiografija.hr\/index.php?rest_route=\/wp\/v2\/media\/28072"}],"wp:attachment":[{"href":"https:\/\/historiografija.hr\/index.php?rest_route=%2Fwp%2Fv2%2Fmedia&parent=28071"}],"wp:term":[{"taxonomy":"category","embeddable":true,"href":"https:\/\/historiografija.hr\/index.php?rest_route=%2Fwp%2Fv2%2Fcategories&post=28071"},{"taxonomy":"post_tag","embeddable":true,"href":"https:\/\/historiografija.hr\/index.php?rest_route=%2Fwp%2Fv2%2Ftags&post=28071"}],"curies":[{"name":"wp","href":"https:\/\/api.w.org\/{rel}","templated":true}]}}