{"id":28068,"date":"2021-11-03T11:16:57","date_gmt":"2021-11-03T11:16:57","guid":{"rendered":"http:\/\/historiografija.hr\/?p=28068"},"modified":"2022-07-25T19:27:41","modified_gmt":"2022-07-25T19:27:41","slug":"svecano-otvorenje-izlozbe-sloboda-se-njegovim-imenom-zove-u-nsk","status":"publish","type":"post","link":"https:\/\/historiografija.hr\/?p=28068","title":{"rendered":"Sve\u010dano otvorenje izlo\u017ebe \u201eSloboda se njegovim imenom zove\u201c u NSK"},"content":{"rendered":"\n<p>U predvorju Nacionalne i sveu\u010dili\u0161ne knji\u017enice u Zagrebu u \u010detvrtak 4. studenoga 2021. godine u 14 sati bit \u0107e sve\u010dano otvorena izlo\u017eba <a href=\"https:\/\/www.nsk.hr\/izlozba-sloboda-se-njegovim-imenom-zove-u-nacionalnoj-i-sveucilisnoj-knjiznici-u-zagrebu\" target=\"_blank\" rel=\"noreferrer noopener\"><em>Sloboda se njegovim imenom zove<\/em><\/a> koju u povodu 30. obljetnice stradanja grada Vukovara u Domovinskome ratu prire\u0111uje Nacionalna i sveu\u010dili\u0161na knji\u017enica u Zagrebu u suradnji s partnerima.<\/p>\n\n\n\n<p>U programu izlo\u017ebe sudjelovat \u0107e ministrica kulture i medija Republike Hrvatske dr. sc. Nina Obuljen Kor\u017einek, glavna ravnateljica Nacionalne i sveu\u010dili\u0161ne knji\u017enice u Zagrebu prof. dr. sc. Ivanka Stri\u010devi\u0107, jedan od autora izlo\u017ebe i voditelj&nbsp;&nbsp;<a href=\"https:\/\/www.nsk.hr\/zbirka-knjiznicne-grade-o-domovinskom-ratu\" target=\"_blank\" rel=\"noreferrer noopener\">Zbirke knji\u017eni\u010dne gra\u0111e o Domovinskom ratu Nacionalne i sveu\u010dili\u0161ne knji\u017enice u Zagrebu<\/a>&nbsp;Hrvoje \u0160pac, glavni urednik <a href=\"https:\/\/www.vecernji.hr\/\">Ve\u010dernjega lista<\/a> Dra\u017een Klari\u0107, kustosica izlo\u017ebe i autorica stru\u010dnih tekstova na izlo\u017ebi Vlatka Filip\u010di\u0107 Maligec iz <a href=\"https:\/\/www.kliofest.org\" target=\"_blank\" rel=\"noreferrer noopener\">udruge Kliofest<\/a> te ravnateljica <a href=\"https:\/\/gkvu.hr\" target=\"_blank\" rel=\"noreferrer noopener\">Gradske knji\u017enice Vukovar<\/a> Jelena Mi\u0161ki\u0107. U umjetni\u010dkome djelu programa \u010ditanjem ulomaka iz djela Pavla Pavli\u010di\u0107a <em>Dunav: P.S. 1991. Vukovarske razglednice<\/em> nastupit \u0107e dramski umjetnik Jo\u0161ko \u0160evo, dok \u0107e program moderirati savjetnica za odnose s javno\u0161\u0107u Nacionalne i sveu\u010dili\u0161ne knji\u017enice u Zagrebu i jedna od autorica izlo\u017ebe Maja Priselac.<\/p>\n\n\n\n<p>\u201eIzlo\u017ebom <em>Sloboda se njegovim imenom zove<\/em> Nacionalna i sveu\u010dili\u0161na knji\u017enica u Zagrebu u suradnji s partnerima \u017eeli odati po\u010dast gradu heroju \u2013 Vukovaru u povodu 30. obljetnice stradanja Vukovara u Domovinskome ratu te dati svoj doprinos njezinu obilje\u017eavanju. Ovom izlo\u017ebom koju pripremamo ve\u0107 godinu dana \u017eeljeli smo dati uvid u doga\u0111aje iz 1991. godine te prezentirati gra\u0111u koja svjedo\u010di o sudbini Vukovara i Vukovaraca tijekom najte\u017eega razdoblja njihove povijesti. Ipak, ovom smo izlo\u017ebom ponajprije \u017eeljeli pru\u017eiti sliku nade \u2013 sliku pre\u017eivjeloga grada koji nastavlja sa \u017eivotom unato\u010d svojoj bolnoj pro\u0161losti. Tako, osim uvida u gra\u0111u koju Knji\u017enica ba\u0161tini o Domovinskome ratu u Vukovaru, na izlo\u017ebi pru\u017eamo i uvid u gra\u0111u svih zbirki Knji\u017enice kao i njezin op\u0107i fond \u2013 od starih grafika, razglednica, zemljovida i knji\u017eevnosti koji prikazuju kakav je grad bio \u2013 do izvora koji prikazuju grad koji, unato\u010d svemu, ponovno ili bolje re\u010deno i dalje \u017eivi\u201c, poruka je autorice izlo\u017ebe, pomo\u0107nice glavne ravnateljice za djelatnost nacionalne knji\u017enice Republike Hrvatske dr. sc. Sofije Klarin Zadravec i ve\u0107 spomenutih suautora.<\/p>\n\n\n\n<p>Izlo\u017eba <em>Sloboda se njegovim imenom zove<\/em> odr\u017eava se pod pokroviteljstvom <a href=\"https:\/\/vlada.gov.hr\" target=\"_blank\" rel=\"noreferrer noopener\">Vlade Republike Hrvatsk<\/a>e i uz potporu <a href=\"https:\/\/min-kulture.gov.hr\" target=\"_blank\" rel=\"noreferrer noopener\">Ministarstva kulture i medija Republike Hrvatske<\/a> u sklopu programa <a href=\"https:\/\/min-kulture.gov.hr\/vijesti-8\/2021-godina-proglasena-godinom-citanja-u-hrvatskoj\/20395\" target=\"_blank\" rel=\"noreferrer noopener\"><em>Godina \u010ditanja<\/em><\/a><em>.<\/em> Izlo\u017eba je ostvarena u suradnji sa suorganizatorom Ve\u010dernjim listom te partnerima \u2013 udrugom za promicanje kulture povijesti Kliofest i Gradskom knji\u017enicom Vukovar.<\/p>\n\n\n\n<p><a href=\"https:\/\/www.nsk.hr\/izlozba-sloboda-se-njegovim-imenom-zove-u-nacionalnoj-i-sveucilisnoj-knjiznici-u-zagrebu\">Vi\u0161e o Izlo\u017ebi<\/a>.<\/p>\n\n\n\n<hr class=\"wp-block-separator\"\/>\n\n\n\n<p>Izvor:<\/p>\n\n\n\n<figure class=\"wp-block-embed-wordpress wp-block-embed is-type-wp-embed is-provider-wordpress\"><div class=\"wp-block-embed__wrapper\">\n<blockquote class=\"wp-embedded-content\" data-secret=\"UrsgF3pHPE\"><a href=\"https:\/\/www.nsk.hr\/svecano-otvorenje-izlozbe-sloboda-se-njegovim-imenom-zove-u-nsk\/\">Sve\u010dano otvorenje izlo\u017ebe \u201eSloboda se njegovim imenom zove\u201c u NSK<\/a><\/blockquote><iframe loading=\"lazy\" class=\"wp-embedded-content\" sandbox=\"allow-scripts\" security=\"restricted\" style=\"position: absolute; clip: rect(1px, 1px, 1px, 1px);\" title=\"&#8220;Sve\u010dano otvorenje izlo\u017ebe \u201eSloboda se njegovim imenom zove\u201c u NSK&#8221; &#8212; \" src=\"https:\/\/www.nsk.hr\/svecano-otvorenje-izlozbe-sloboda-se-njegovim-imenom-zove-u-nsk\/embed\/#?secret=UrsgF3pHPE\" data-secret=\"UrsgF3pHPE\" width=\"600\" height=\"338\" frameborder=\"0\" marginwidth=\"0\" marginheight=\"0\" scrolling=\"no\"><\/iframe>\n<\/div><\/figure>\n\n\n\n<hr class=\"wp-block-separator\"\/>\n\n\n\n<p>Iz medija:<\/p>\n\n\n\n<p><a href=\"https:\/\/historiografija.ba\/article.php?id=765\">https:\/\/historiografija.ba\/article.php?id=765<\/a><\/p>\n\n\n\n<p><a href=\"https:\/\/www.vecernji.hr\/kultura\/od-4-do-30-studenoga-u-nsk-izlozba-o-vukovaru-sloboda-se-njegovim-imenom-zove-1534973\">https:\/\/www.vecernji.hr\/kultura\/od-4-do-30-studenoga-u-nsk-izlozba-o-vukovaru-sloboda-se-njegovim-imenom-zove-1534973<\/a><\/p>\n\n\n\n<p><a href=\"https:\/\/www.facebook.com\/kliofest\/\">https:\/\/www.facebook.com\/kliofest\/<\/a><\/p>\n\n\n\n<hr class=\"wp-block-separator\"\/>\n","protected":false},"excerpt":{"rendered":"","protected":false},"author":2,"featured_media":28070,"comment_status":"open","ping_status":"open","sticky":false,"template":"","format":"standard","meta":{"_acf_changed":false,"jetpack_post_was_ever_published":false,"_jetpack_newsletter_access":"","_jetpack_dont_email_post_to_subs":false,"_jetpack_newsletter_tier_id":0,"_jetpack_memberships_contains_paywalled_content":false,"_jetpack_memberships_contains_paid_content":false,"footnotes":"","jetpack_publicize_message":"","jetpack_publicize_feature_enabled":true,"jetpack_social_post_already_shared":true,"jetpack_social_options":{"image_generator_settings":{"template":"highway","default_image_id":0,"font":"","enabled":false},"version":2}},"categories":[10,3],"tags":[],"class_list":["post-28068","post","type-post","status-publish","format-standard","has-post-thumbnail","hentry","category-izlozbe","category-novosti"],"acf":{"facebook_opis":""},"jetpack_publicize_connections":[],"jetpack_featured_media_url":"https:\/\/i0.wp.com\/historiografija.hr\/wp-content\/uploads\/2021\/11\/Sloboda-se-njegovim-imenom-zove.jpg?fit=768%2C384&ssl=1","jetpack_sharing_enabled":true,"jetpack-related-posts":[],"_links":{"self":[{"href":"https:\/\/historiografija.hr\/index.php?rest_route=\/wp\/v2\/posts\/28068","targetHints":{"allow":["GET"]}}],"collection":[{"href":"https:\/\/historiografija.hr\/index.php?rest_route=\/wp\/v2\/posts"}],"about":[{"href":"https:\/\/historiografija.hr\/index.php?rest_route=\/wp\/v2\/types\/post"}],"author":[{"embeddable":true,"href":"https:\/\/historiografija.hr\/index.php?rest_route=\/wp\/v2\/users\/2"}],"replies":[{"embeddable":true,"href":"https:\/\/historiografija.hr\/index.php?rest_route=%2Fwp%2Fv2%2Fcomments&post=28068"}],"version-history":[{"count":1,"href":"https:\/\/historiografija.hr\/index.php?rest_route=\/wp\/v2\/posts\/28068\/revisions"}],"predecessor-version":[{"id":28069,"href":"https:\/\/historiografija.hr\/index.php?rest_route=\/wp\/v2\/posts\/28068\/revisions\/28069"}],"wp:featuredmedia":[{"embeddable":true,"href":"https:\/\/historiografija.hr\/index.php?rest_route=\/wp\/v2\/media\/28070"}],"wp:attachment":[{"href":"https:\/\/historiografija.hr\/index.php?rest_route=%2Fwp%2Fv2%2Fmedia&parent=28068"}],"wp:term":[{"taxonomy":"category","embeddable":true,"href":"https:\/\/historiografija.hr\/index.php?rest_route=%2Fwp%2Fv2%2Fcategories&post=28068"},{"taxonomy":"post_tag","embeddable":true,"href":"https:\/\/historiografija.hr\/index.php?rest_route=%2Fwp%2Fv2%2Ftags&post=28068"}],"curies":[{"name":"wp","href":"https:\/\/api.w.org\/{rel}","templated":true}]}}