{"id":28045,"date":"2021-11-02T10:30:24","date_gmt":"2021-11-02T10:30:24","guid":{"rendered":"http:\/\/historiografija.hr\/?p=28045"},"modified":"2021-11-02T10:30:24","modified_gmt":"2021-11-02T10:30:24","slug":"znanstveni-kolokvij-zidovi-u-podravini","status":"publish","type":"post","link":"https:\/\/historiografija.hr\/?p=28045","title":{"rendered":"Znanstveni kolokvij \u201e\u017didovi u Podravini\u201c"},"content":{"rendered":"\n<p>Povodom Dana grada Koprivnice Povijesno dru\u0161tvo Koprivnica i Muzej grada Koprivnice zajedno organiziraju Znanstveni kolokvij \u201e\u017didovi u Podravini\u201c koji \u0107e se odr\u017eati u subotu, 6. studenog 2021. u Galeriji Mijo Kova\u010di\u0107 u Koprivnici. Cilj kolokvija je da se istakne uloga \u017eidovske zajednice koja je pomogla u razvoju Koprivnice, Ludbrega, Legrada i ostalih mjesta u Podravini. \u017didovi su po doseljenju u 19. stolje\u0107u potaknuli trgovinu i razvoj poduzetni\u0161tva, osnivali su banke i \u0161tedne zadruge, bavili se rudarstvom, obrtima, ugostiteljstvom. U ve\u0107im gradovima nalazile su se sinagoge oko kojih su se okupljali \u010dlanovi \u017eidovskih op\u0107ina. Jedina podravska sinagoga danas se nalazi u Koprivnici. U programu skupa sudjeluju stru\u010dnjaci za \u017eidovsku tematiku: I. Goldstein, Z. Kara\u010d, Lj. Dobrov\u0161ak, M. Dretar, S. \u0160varc Janjanin, H. Petri\u0107, L. Vranar.<\/p>\n\n\n\n<hr class=\"wp-block-separator\"\/>\n\n\n\n<p>Dodatne informacije:<\/p>\n\n\n\n<p><a href=\"https:\/\/www.facebook.com\/zidovska.bastina\">https:\/\/www.facebook.com\/zidovska.bastina<\/a><\/p>\n\n\n\n<hr class=\"wp-block-separator\"\/>\n","protected":false},"excerpt":{"rendered":"","protected":false},"author":2,"featured_media":28046,"comment_status":"open","ping_status":"open","sticky":false,"template":"","format":"standard","meta":{"_acf_changed":false,"jetpack_post_was_ever_published":false,"_jetpack_newsletter_access":"","_jetpack_dont_email_post_to_subs":false,"_jetpack_newsletter_tier_id":0,"_jetpack_memberships_contains_paywalled_content":false,"_jetpack_memberships_contains_paid_content":false,"footnotes":"","jetpack_publicize_message":"","jetpack_publicize_feature_enabled":true,"jetpack_social_post_already_shared":true,"jetpack_social_options":{"image_generator_settings":{"template":"highway","default_image_id":0,"font":"","enabled":false},"version":2}},"categories":[3,9],"tags":[],"class_list":["post-28045","post","type-post","status-publish","format-standard","has-post-thumbnail","hentry","category-novosti","category-skupovi"],"acf":{"facebook_opis":""},"jetpack_publicize_connections":[],"jetpack_featured_media_url":"https:\/\/i0.wp.com\/historiografija.hr\/wp-content\/uploads\/2021\/11\/Kolokvij.jpg?fit=715%2C540&ssl=1","jetpack_sharing_enabled":true,"jetpack-related-posts":[],"_links":{"self":[{"href":"https:\/\/historiografija.hr\/index.php?rest_route=\/wp\/v2\/posts\/28045","targetHints":{"allow":["GET"]}}],"collection":[{"href":"https:\/\/historiografija.hr\/index.php?rest_route=\/wp\/v2\/posts"}],"about":[{"href":"https:\/\/historiografija.hr\/index.php?rest_route=\/wp\/v2\/types\/post"}],"author":[{"embeddable":true,"href":"https:\/\/historiografija.hr\/index.php?rest_route=\/wp\/v2\/users\/2"}],"replies":[{"embeddable":true,"href":"https:\/\/historiografija.hr\/index.php?rest_route=%2Fwp%2Fv2%2Fcomments&post=28045"}],"version-history":[{"count":1,"href":"https:\/\/historiografija.hr\/index.php?rest_route=\/wp\/v2\/posts\/28045\/revisions"}],"predecessor-version":[{"id":28047,"href":"https:\/\/historiografija.hr\/index.php?rest_route=\/wp\/v2\/posts\/28045\/revisions\/28047"}],"wp:featuredmedia":[{"embeddable":true,"href":"https:\/\/historiografija.hr\/index.php?rest_route=\/wp\/v2\/media\/28046"}],"wp:attachment":[{"href":"https:\/\/historiografija.hr\/index.php?rest_route=%2Fwp%2Fv2%2Fmedia&parent=28045"}],"wp:term":[{"taxonomy":"category","embeddable":true,"href":"https:\/\/historiografija.hr\/index.php?rest_route=%2Fwp%2Fv2%2Fcategories&post=28045"},{"taxonomy":"post_tag","embeddable":true,"href":"https:\/\/historiografija.hr\/index.php?rest_route=%2Fwp%2Fv2%2Ftags&post=28045"}],"curies":[{"name":"wp","href":"https:\/\/api.w.org\/{rel}","templated":true}]}}