{"id":28027,"date":"2021-11-01T14:04:56","date_gmt":"2021-11-01T14:04:56","guid":{"rendered":"http:\/\/historiografija.hr\/?p=28027"},"modified":"2021-11-01T14:04:56","modified_gmt":"2021-11-01T14:04:56","slug":"znanstveni-skup-pod-sjenom-krila-trogirska-komuna-za-vrijeme-venecijanske-uprave-1420-1797","status":"publish","type":"post","link":"https:\/\/historiografija.hr\/?p=28027","title":{"rendered":"Znanstveni skup \u201cPOD SJENOM KRILA. Trogirska komuna za vrijeme venecijanske uprave 1420. \u2013 1797.\u201c"},"content":{"rendered":"\n<p>Znanstveni skup <strong>\u201cPOD SJENOM KRILA\u201d Trogirska komuna za vrijeme venecijanske uprave 1420. \u2013 1797.<\/strong> odr\u017eat \u0107e se<strong> 4. i 5. studenog<\/strong> u organizaciji <strong>Muzeja grada Trogira i <\/strong><strong><a href=\"https:\/\/www.isp.hr\/\">Hrvatskog instututa za povijest<\/a><\/strong>.<\/p>\n\n\n\n<p>Ovaj dvodnevni skup, planiran u povodu pro\u0161logodi\u0161nje okrugle \u2013 <strong>600. obljetnice<\/strong> dolaska Trogira pod venecijansku upravu, odr\u017eat \u0107e se <em>online<\/em>, na platformi <em>hopin<\/em>. Na skupu \u0107e izlagati <strong>Tonija Andri\u0107, Dunja Babi\u0107, Marijeta Babin, Ante Be\u0107ir, Irena Benyovsky Latin, Darka Bili\u0107, Fani Celio Cega, Marijan \u010cip\u010di\u0107, Lovorka \u010corali\u0107, Sara Fabijani\u0107, Tomislav Jeron\u010di\u0107, Kre\u0161imir Ku\u017ei\u0107, Igor Miholjek, Filip Novosel, Stanko Piplovi\u0107, Tomislav Popi\u0107, Danka Radi\u0107 <\/strong>i<strong> Ivo Vojnovi\u0107<\/strong>.<\/p>\n\n\n\n<p>Na otvaranju skupa <strong>4. studenog u 10:00 sati<\/strong> u ime organizatora obratit \u0107e se<strong> dr. sc. Fani Celio Cega<\/strong>, ravnateljica Muzeja grada Trogira, <strong>dr. sc. Gordan Ravan\u010di\u0107<\/strong>, ravnatelj Hrvatskog instituta za povijest i<strong> dr. sc<\/strong> <strong>Irena Benyovsky Latin<\/strong> znanstvena savjetnica u Hrvatskom institutu za povijest. Istog dana odr\u017eat \u0107e se radni dio skupa podijeljen u dvije sekcije: 1. <strong>\u201cPo\u010deci mleta\u010dke vlasti u Trogiru\u201d<\/strong> te 2. <strong>\u201cMleta\u010dka uprava i utjecaji\u201d<\/strong>. Drugi dan skupa, u petak,\u00a0 <strong>5. studenog<\/strong> odr\u017eat \u0107e se tako\u0111er dvije sekcije: 1.<strong> \u201cUloga utvrda u doba Mle\u010dana\u201d<\/strong> i 2.<strong> \u201cGradski \u017eivot za mleta\u010dke uprave\u201d<\/strong>. <\/p>\n\n\n\n<p>Detaljan program \u2013 popis izlaga\u010da i njihovih tema te vrijeme izlaganja provjerite u nastavku.<\/p>\n\n\n\n<p>Knjiga sa\u017eetaka znanstvenog skupa dostupna je za preuzimanje<strong><a href=\"https:\/\/muzej-grada-trogira.hr\/wp-content\/uploads\/2021\/10\/Knjiga-sazetaka_POD-SJENOM-KRILA_znanstveni-skup.pdf\"> OVDJE<\/a><\/strong> i u nastavku:<\/p>\n\n\n\n<figure class=\"wp-block-embed-wordpress wp-block-embed is-type-wp-embed is-provider-muzej-grada-trogira\"><div class=\"wp-block-embed__wrapper\">\n<blockquote class=\"wp-embedded-content\" data-secret=\"nnlYQY5zog\"><a href=\"https:\/\/muzej-grada-trogira.hr\/2021\/10\/29\/znanstveni-skup-pod-sjenom-krila-4-i-5-studenog-2021\/\">Znanstveni skup &#8220;POD SJENOM KRILA&#8221; 4. i 5. studenog 2021.<\/a><\/blockquote><iframe loading=\"lazy\" class=\"wp-embedded-content\" sandbox=\"allow-scripts\" security=\"restricted\" style=\"position: absolute; clip: rect(1px, 1px, 1px, 1px);\" title=\"&#8220;Znanstveni skup &#8220;POD SJENOM KRILA&#8221; 4. i 5. studenog 2021.&#8221; &#8212; Muzej grada Trogira\" src=\"https:\/\/muzej-grada-trogira.hr\/2021\/10\/29\/znanstveni-skup-pod-sjenom-krila-4-i-5-studenog-2021\/embed\/#?secret=nnlYQY5zog\" data-secret=\"nnlYQY5zog\" width=\"600\" height=\"338\" frameborder=\"0\" marginwidth=\"0\" marginheight=\"0\" scrolling=\"no\"><\/iframe>\n<\/div><\/figure>\n\n\n\n<hr class=\"wp-block-separator\"\/>\n","protected":false},"excerpt":{"rendered":"","protected":false},"author":2,"featured_media":28028,"comment_status":"open","ping_status":"open","sticky":false,"template":"","format":"standard","meta":{"_acf_changed":false,"jetpack_post_was_ever_published":false,"_jetpack_newsletter_access":"","_jetpack_dont_email_post_to_subs":false,"_jetpack_newsletter_tier_id":0,"_jetpack_memberships_contains_paywalled_content":false,"_jetpack_memberships_contains_paid_content":false,"footnotes":"","jetpack_publicize_message":"","jetpack_publicize_feature_enabled":true,"jetpack_social_post_already_shared":true,"jetpack_social_options":{"image_generator_settings":{"template":"highway","default_image_id":0,"font":"","enabled":false},"version":2}},"categories":[3,9],"tags":[],"class_list":["post-28027","post","type-post","status-publish","format-standard","has-post-thumbnail","hentry","category-novosti","category-skupovi"],"acf":{"facebook_opis":""},"jetpack_publicize_connections":[],"jetpack_featured_media_url":"https:\/\/i0.wp.com\/historiografija.hr\/wp-content\/uploads\/2021\/11\/Knjiga-sazetaka_2021-PROGRAM.jpg?fit=711%2C800&ssl=1","jetpack_sharing_enabled":true,"jetpack-related-posts":[],"_links":{"self":[{"href":"https:\/\/historiografija.hr\/index.php?rest_route=\/wp\/v2\/posts\/28027","targetHints":{"allow":["GET"]}}],"collection":[{"href":"https:\/\/historiografija.hr\/index.php?rest_route=\/wp\/v2\/posts"}],"about":[{"href":"https:\/\/historiografija.hr\/index.php?rest_route=\/wp\/v2\/types\/post"}],"author":[{"embeddable":true,"href":"https:\/\/historiografija.hr\/index.php?rest_route=\/wp\/v2\/users\/2"}],"replies":[{"embeddable":true,"href":"https:\/\/historiografija.hr\/index.php?rest_route=%2Fwp%2Fv2%2Fcomments&post=28027"}],"version-history":[{"count":1,"href":"https:\/\/historiografija.hr\/index.php?rest_route=\/wp\/v2\/posts\/28027\/revisions"}],"predecessor-version":[{"id":28029,"href":"https:\/\/historiografija.hr\/index.php?rest_route=\/wp\/v2\/posts\/28027\/revisions\/28029"}],"wp:featuredmedia":[{"embeddable":true,"href":"https:\/\/historiografija.hr\/index.php?rest_route=\/wp\/v2\/media\/28028"}],"wp:attachment":[{"href":"https:\/\/historiografija.hr\/index.php?rest_route=%2Fwp%2Fv2%2Fmedia&parent=28027"}],"wp:term":[{"taxonomy":"category","embeddable":true,"href":"https:\/\/historiografija.hr\/index.php?rest_route=%2Fwp%2Fv2%2Fcategories&post=28027"},{"taxonomy":"post_tag","embeddable":true,"href":"https:\/\/historiografija.hr\/index.php?rest_route=%2Fwp%2Fv2%2Ftags&post=28027"}],"curies":[{"name":"wp","href":"https:\/\/api.w.org\/{rel}","templated":true}]}}