{"id":28003,"date":"2021-10-28T14:16:40","date_gmt":"2021-10-28T14:16:40","guid":{"rendered":"http:\/\/historiografija.hr\/?p=28003"},"modified":"2021-10-28T14:18:23","modified_gmt":"2021-10-28T14:18:23","slug":"medunarodni-znanstveni-skup-postsocijalisticki-identitet-crne-gore","status":"publish","type":"post","link":"https:\/\/historiografija.hr\/?p=28003","title":{"rendered":"Me\u0111unarodni znanstveni skup &#8220;Postsocijalisti\u010dki identitet Crne Gore&#8221;"},"content":{"rendered":"\n<p>U Podgorici \u0107e se od 29. do 31. listopada 2021. odr\u017eati me\u0111unarodni znanstveni skup &#8220;Postsocijalisti\u010dki identitet Crne Gore&#8221; na kojem sudjeluju povjesni\u010dari i povjesni\u010darke iz Crne Gore, kao i Bosne i Hercegovine, Srbije i Hrvatske.<\/p>\n\n\n\n<hr class=\"wp-block-separator\"\/>\n\n\n\n<p><strong>Filozofski fakultet organizuje me\u0111unarodnu nau\u010dnu konferenciju: &#8220;Post-socijalisti\u010dki identitet Crne Gore&#8221;<\/strong><\/p>\n\n\n\n<p>Filozofski fakultet Univerziteta Crne Gore organizuje me\u0111unarodnu nau\u010dnu konferenciju &#8220;Post-socijalisti\u010dki identitet Crne Gore&#8221;<em>,<\/em> u Podgorici, u Hotelu Ramada, <strong>od 29. do 31. oktobra. <\/strong>&nbsp;<\/p>\n\n\n\n<p>Na otvaranju konferencije, 29. oktobra, u 19.00 sati, govori\u0107e dekanica Filozofskog fakulteta prof. dr <strong>Tatjana Novovi\u0107<\/strong>, prof. dr <strong>\u017divko Andrija\u0161evi\u0107<\/strong>,&nbsp; rukovodilac projekta &#8220;Postsocijalisti\u010dki identitet Crne Gore&#8221;, dr <strong>Adnan Preki\u0107<\/strong>, predsjednik organizacionog odbora konferencije i <strong>Dragan Radonji\u0107<\/strong>, biv\u0161i predsjednik Skup\u0161tine Crne Gore (1989\/90).&nbsp;&nbsp;<\/p>\n\n\n\n<p>Nau\u010dna konferencija je posljednja faza istra\u017eiva\u010dkog projekta &#8220;Post-socijalisti\u010dki identitet Crne Gore&#8221;<em>, <\/em>koji je prethodnih 18 mjeseci realizovala istra\u017eiva\u010dka grupa sa katedre za Istoriju, Filozofskog fakulteta. Projekat, koji se realizuje u okviru me\u0111unarodne nau\u010dne saradnje programa COST imao je za cilj da uka\u017ee na najzna\u010dajnije elemente postsocijalisti\u010dkog identiteta Crne Gore, stvori pretpostavke za sveobuhvatno razumijevanje ovog perioda crnogorske pro\u0161losti i uka\u017ee na pojavne oblike tog identiteta u savremenim politi\u010dkim i dru\u0161tvenim procesima.<\/p>\n\n\n\n<p>U prethodnih 18 mjeseci trajanja projekta, na Filozofskom fakultetu je formirana &#8220;Digitalna laboratorija&#8221; u okviru koje su stvoreni uslovi za digitalizaciju arhivskih dokumenata i \u0161tampe. Mogu\u0107nost digitalizacije bi\u0107e dostupna studentima sa Odsjeka za istoriju, a u okviru projekta, tri studenta istorije imali su tromjese\u010dnu obuku, tokom koje su obu\u010deni za poslove digitalizacije arhivske gra\u0111e. U okviru projekta pripremljen je i tematski zbornik radova, u kome su na multidisciplinaran na\u010din analizirani razli\u010diti aspekti postsocijalisti\u010dkog identiteta Crne Gore, a rezultati tih istra\u017eivanja bi\u0107e objavljeni u me\u0111unarodnom nau\u010dnom \u010dasopisu &#8220;Montenegrin Journal for Social Sciences&#8221;.<\/p>\n\n\n\n<p>Projekat <em>&#8220;<\/em>Post-socijalisti\u010dki identitet Crne Gore&#8221;, finansiran je od strane Ministarstva nauke Crne Gore, koje je u okviru konkursa za podsticanje u\u010de\u0161\u0107a u programima Horizont 2020 i COST iz decembra 2019. godine podr\u017ealo istra\u017eiva\u010dku grupu sa katedre za istoriju, koja od 2018. godine u\u010destvuje u me\u0111unarodnom projektu COST akcije: &#8220;New Exploratory Phase in Research on East European Cultures of Dissent&#8221;.<\/p>\n\n\n\n<p><strong><a href=\"https:\/\/www.ucg.ac.me\/skladiste\/blog_1275\/objava_126340\/fajlovi\/UCG%20agenda%20FINAL.pdf\">U prilogu ove objave je i Agenda me\u0111unarodne nau\u010dne konferencije: &#8220;Postsocijalisti\u010dki identitet Crne Gore&#8221;<\/a><\/strong><\/p>\n\n\n\n<hr class=\"wp-block-separator\"\/>\n\n\n\n<p>Izvor:<\/p>\n\n\n\n<p><a href=\"https:\/\/www.ucg.ac.me\/objava\/blog\/1275\/objava\/126340-filozofski-fakultet-organizuje-medunarodnu-naucnu-konferenciju-post-socijalisticki-identitet-crne-gore\">https:\/\/www.ucg.ac.me\/objava\/blog\/1275\/objava\/126340-filozofski-fakultet-organizuje-medunarodnu-naucnu-konferenciju-post-socijalisticki-identitet-crne-gore<\/a><\/p>\n\n\n\n<hr class=\"wp-block-separator\"\/>\n","protected":false},"excerpt":{"rendered":"","protected":false},"author":2,"featured_media":28004,"comment_status":"open","ping_status":"open","sticky":false,"template":"","format":"standard","meta":{"_acf_changed":false,"jetpack_post_was_ever_published":false,"_jetpack_newsletter_access":"","_jetpack_dont_email_post_to_subs":false,"_jetpack_newsletter_tier_id":0,"_jetpack_memberships_contains_paywalled_content":false,"_jetpack_memberships_contains_paid_content":false,"footnotes":"","jetpack_publicize_message":"","jetpack_publicize_feature_enabled":true,"jetpack_social_post_already_shared":true,"jetpack_social_options":{"image_generator_settings":{"template":"highway","default_image_id":0,"font":"","enabled":false},"version":2}},"categories":[3,9],"tags":[],"class_list":["post-28003","post","type-post","status-publish","format-standard","has-post-thumbnail","hentry","category-novosti","category-skupovi"],"acf":{"facebook_opis":""},"jetpack_publicize_connections":[],"jetpack_featured_media_url":"https:\/\/i0.wp.com\/historiografija.hr\/wp-content\/uploads\/2021\/10\/filozofski.jpg?fit=699%2C1000&ssl=1","jetpack_sharing_enabled":true,"jetpack-related-posts":[],"_links":{"self":[{"href":"https:\/\/historiografija.hr\/index.php?rest_route=\/wp\/v2\/posts\/28003","targetHints":{"allow":["GET"]}}],"collection":[{"href":"https:\/\/historiografija.hr\/index.php?rest_route=\/wp\/v2\/posts"}],"about":[{"href":"https:\/\/historiografija.hr\/index.php?rest_route=\/wp\/v2\/types\/post"}],"author":[{"embeddable":true,"href":"https:\/\/historiografija.hr\/index.php?rest_route=\/wp\/v2\/users\/2"}],"replies":[{"embeddable":true,"href":"https:\/\/historiografija.hr\/index.php?rest_route=%2Fwp%2Fv2%2Fcomments&post=28003"}],"version-history":[{"count":2,"href":"https:\/\/historiografija.hr\/index.php?rest_route=\/wp\/v2\/posts\/28003\/revisions"}],"predecessor-version":[{"id":28006,"href":"https:\/\/historiografija.hr\/index.php?rest_route=\/wp\/v2\/posts\/28003\/revisions\/28006"}],"wp:featuredmedia":[{"embeddable":true,"href":"https:\/\/historiografija.hr\/index.php?rest_route=\/wp\/v2\/media\/28004"}],"wp:attachment":[{"href":"https:\/\/historiografija.hr\/index.php?rest_route=%2Fwp%2Fv2%2Fmedia&parent=28003"}],"wp:term":[{"taxonomy":"category","embeddable":true,"href":"https:\/\/historiografija.hr\/index.php?rest_route=%2Fwp%2Fv2%2Fcategories&post=28003"},{"taxonomy":"post_tag","embeddable":true,"href":"https:\/\/historiografija.hr\/index.php?rest_route=%2Fwp%2Fv2%2Ftags&post=28003"}],"curies":[{"name":"wp","href":"https:\/\/api.w.org\/{rel}","templated":true}]}}