{"id":27999,"date":"2021-10-28T13:01:07","date_gmt":"2021-10-28T13:01:07","guid":{"rendered":"http:\/\/historiografija.hr\/?p=27999"},"modified":"2021-10-28T13:01:51","modified_gmt":"2021-10-28T13:01:51","slug":"tribina-zena-bosne-i-hercegovine-koncept-i-ili-stvarnost-na-margini-povijesnih-ideoloskih-i-kulturnih-sistema","status":"publish","type":"post","link":"https:\/\/historiografija.hr\/?p=27999","title":{"rendered":"Tribina \u201e\u017dena Bosne i Hercegovine. Koncept i\/ili stvarnost na margini povijesnih, ideolo\u0161kih i kulturnih sistema\u201c"},"content":{"rendered":"\n<p>U suorganizaciji Instituta za historiju i Historijskog muzeja u Sarajevu \u0107e biti odr\u017eana Nau\u010dna tribina \u201e\u017dena Bosne i Hercegovine. Koncept i\/ili stvarnost na margini povijesnih, ideolo\u0161kih i kulturnih sistema\u201c.<\/p>\n\n\n\n<p>Na tribini \u0107e sudjelovati Bjanka Alajbegovi\u0107, Elma Kori\u0107, Sonja Dujmovi\u0107, Belma Buljuba\u0161i\u0107, Ajla Demiragi\u0107, Aida Li\u010dina-Rami\u0107 i Sabina Velad\u017ei\u0107.<\/p>\n\n\n\n<p>Tribina \u0107e se odr\u017eati u Historijskom muzeju 28. oktobra 2021. od 14:00 sati.<\/p>\n\n\n\n<hr class=\"wp-block-separator\"\/>\n\n\n\n<figure class=\"wp-block-image size-large\"><img data-recalc-dims=\"1\" loading=\"lazy\" decoding=\"async\" width=\"725\" height=\"1024\" data-attachment-id=\"28000\" data-permalink=\"https:\/\/historiografija.hr\/?attachment_id=28000\" data-orig-file=\"https:\/\/i0.wp.com\/historiografija.hr\/wp-content\/uploads\/2021\/10\/Tribina.jpg?fit=1316%2C1860&amp;ssl=1\" data-orig-size=\"1316,1860\" data-comments-opened=\"1\" data-image-meta=\"{&quot;aperture&quot;:&quot;0&quot;,&quot;credit&quot;:&quot;&quot;,&quot;camera&quot;:&quot;&quot;,&quot;caption&quot;:&quot;&quot;,&quot;created_timestamp&quot;:&quot;0&quot;,&quot;copyright&quot;:&quot;&quot;,&quot;focal_length&quot;:&quot;0&quot;,&quot;iso&quot;:&quot;0&quot;,&quot;shutter_speed&quot;:&quot;0&quot;,&quot;title&quot;:&quot;&quot;,&quot;orientation&quot;:&quot;0&quot;}\" data-image-title=\"Tribina\" data-image-description=\"\" data-image-caption=\"\" data-large-file=\"https:\/\/i0.wp.com\/historiografija.hr\/wp-content\/uploads\/2021\/10\/Tribina.jpg?fit=725%2C1024&amp;ssl=1\" src=\"https:\/\/i0.wp.com\/historiografija.hr\/wp-content\/uploads\/2021\/10\/Tribina.jpg?resize=725%2C1024&#038;ssl=1\" alt=\"\" class=\"wp-image-28000\" srcset=\"https:\/\/i0.wp.com\/historiografija.hr\/wp-content\/uploads\/2021\/10\/Tribina.jpg?resize=725%2C1024&amp;ssl=1 725w, https:\/\/i0.wp.com\/historiografija.hr\/wp-content\/uploads\/2021\/10\/Tribina.jpg?resize=212%2C300&amp;ssl=1 212w, https:\/\/i0.wp.com\/historiografija.hr\/wp-content\/uploads\/2021\/10\/Tribina.jpg?resize=768%2C1085&amp;ssl=1 768w, https:\/\/i0.wp.com\/historiografija.hr\/wp-content\/uploads\/2021\/10\/Tribina.jpg?resize=1087%2C1536&amp;ssl=1 1087w, https:\/\/i0.wp.com\/historiografija.hr\/wp-content\/uploads\/2021\/10\/Tribina.jpg?w=1316&amp;ssl=1 1316w\" sizes=\"auto, (max-width: 725px) 100vw, 725px\" \/><\/figure>\n\n\n\n<hr class=\"wp-block-separator\"\/>\n\n\n\n<p>Preneseno s portala<strong> Historiografija.ba<\/strong>:<\/p>\n\n\n\n<p><a href=\"https:\/\/historiografija.ba\/article.php?id=746\">https:\/\/historiografija.ba\/article.php?id=746<\/a><\/p>\n\n\n\n<hr class=\"wp-block-separator\"\/>\n","protected":false},"excerpt":{"rendered":"","protected":false},"author":2,"featured_media":28000,"comment_status":"open","ping_status":"open","sticky":false,"template":"","format":"standard","meta":{"_acf_changed":false,"jetpack_post_was_ever_published":false,"_jetpack_newsletter_access":"","_jetpack_dont_email_post_to_subs":false,"_jetpack_newsletter_tier_id":0,"_jetpack_memberships_contains_paywalled_content":false,"_jetpack_memberships_contains_paid_content":false,"footnotes":"","jetpack_publicize_message":"","jetpack_publicize_feature_enabled":true,"jetpack_social_post_already_shared":true,"jetpack_social_options":{"image_generator_settings":{"template":"highway","default_image_id":0,"font":"","enabled":false},"version":2}},"categories":[3],"tags":[],"class_list":["post-27999","post","type-post","status-publish","format-standard","has-post-thumbnail","hentry","category-novosti"],"acf":{"facebook_opis":""},"jetpack_publicize_connections":[],"jetpack_featured_media_url":"https:\/\/i0.wp.com\/historiografija.hr\/wp-content\/uploads\/2021\/10\/Tribina.jpg?fit=1316%2C1860&ssl=1","jetpack_sharing_enabled":true,"jetpack-related-posts":[],"_links":{"self":[{"href":"https:\/\/historiografija.hr\/index.php?rest_route=\/wp\/v2\/posts\/27999","targetHints":{"allow":["GET"]}}],"collection":[{"href":"https:\/\/historiografija.hr\/index.php?rest_route=\/wp\/v2\/posts"}],"about":[{"href":"https:\/\/historiografija.hr\/index.php?rest_route=\/wp\/v2\/types\/post"}],"author":[{"embeddable":true,"href":"https:\/\/historiografija.hr\/index.php?rest_route=\/wp\/v2\/users\/2"}],"replies":[{"embeddable":true,"href":"https:\/\/historiografija.hr\/index.php?rest_route=%2Fwp%2Fv2%2Fcomments&post=27999"}],"version-history":[{"count":2,"href":"https:\/\/historiografija.hr\/index.php?rest_route=\/wp\/v2\/posts\/27999\/revisions"}],"predecessor-version":[{"id":28002,"href":"https:\/\/historiografija.hr\/index.php?rest_route=\/wp\/v2\/posts\/27999\/revisions\/28002"}],"wp:featuredmedia":[{"embeddable":true,"href":"https:\/\/historiografija.hr\/index.php?rest_route=\/wp\/v2\/media\/28000"}],"wp:attachment":[{"href":"https:\/\/historiografija.hr\/index.php?rest_route=%2Fwp%2Fv2%2Fmedia&parent=27999"}],"wp:term":[{"taxonomy":"category","embeddable":true,"href":"https:\/\/historiografija.hr\/index.php?rest_route=%2Fwp%2Fv2%2Fcategories&post=27999"},{"taxonomy":"post_tag","embeddable":true,"href":"https:\/\/historiografija.hr\/index.php?rest_route=%2Fwp%2Fv2%2Ftags&post=27999"}],"curies":[{"name":"wp","href":"https:\/\/api.w.org\/{rel}","templated":true}]}}