{"id":27986,"date":"2021-10-28T12:27:19","date_gmt":"2021-10-28T12:27:19","guid":{"rendered":"http:\/\/historiografija.hr\/?p=27986"},"modified":"2021-10-28T12:41:41","modified_gmt":"2021-10-28T12:41:41","slug":"arhive-nevidljivih-skopje-promocija-knjige-regionalna-konferencija-i-izlozba","status":"publish","type":"post","link":"https:\/\/historiografija.hr\/?p=27986","title":{"rendered":"\u201cArhivi nevidljivih\u201d \u2013 promocija knjige, regionalna konferencija i izlo\u017eba u Skoplju"},"content":{"rendered":"\n<p>U petak, 29.10.2021. u 13 sati u Nacionalnoj i sveu\u010dili\u0161noj knji\u017enici &#8220;Sv. Kliment Ohridski&#8221; &#8211; Skopje, Centar za istra\u017eivanje nacionalizma i kulture (CINIK-Skopje) odr\u017eat \u0107e se program koji sadr\u017ei promociju publikacije, regionalnu konferenciju i izlo\u017ebu, u \u010dijem su fokusu povijest \u017eena i historiografija o \u017eenskoj povijesti u periodu izme\u0111u dva svjetska rata na prostoru geografske Makedonije.&nbsp;<\/p>\n\n\n\n<p>Pozivamo vas na promociju zadnjeg CINIK-ovog izdanja \u2013 <strong>knjige &#8220;Arhivi nevidljivih: \u017eene iz makedonske pro\u0161losti u tisku izme\u0111u dva svjetska rata&#8221;<\/strong>. Za vi\u0161e informacija na engleskom jeziku o projektu &#8220;Arhivi nevidljivih&#8221; posjetite <a href=\"https:\/\/cinikskopje.wordpress.com\/2021\/09\/12\/invisible-archives\/\" target=\"_blank\" rel=\"noreferrer noopener\">ovaj link<\/a>.&nbsp;&nbsp;<\/p>\n\n\n\n<p>Nakon promocije slijedi <strong>konferencija &#8220;Regionalna iskustva arhiviranja i prou\u010davanja povijesti \u017eena u periodi\u010dkim izvorima &#8211; putevi o\u010duvanja i dijeljenja&#8221;. <\/strong>Sudjeluju: Ivana Panteli\u0107 (Beograd), Nada Bo\u0161kovska (Z\u00fcrich), Manca Renko (Ljubljana). Slu\u017ebeni jezici konferencije su engleski, makedonski, a osiguran je i engleski prijevod.<\/p>\n\n\n\n<p>Osiguran je <strong>live prijenos<\/strong> ovog doga\u0111aja preko slu\u017ebene <a href=\"https:\/\/www.facebook.com\/cinikskopje\" target=\"_blank\" rel=\"noreferrer noopener\">fb stranice CINIK<\/a>-a, a mo\u017eete nam se pridru\u017eiti online i preko <strong>ZOOM platforme<\/strong> na sljede\u0107em linku:&nbsp;<\/p>\n\n\n\n<p>Topic: \u0426\u0418\u041d\u0418\u041a | \u0410\u0440\u0445\u0438\u0432\u0438 \u043d\u0430 \u043d\u0435\u0432\u0438\u0434\u043b\u0438\u0432\u0438\u0442\u0435 | \u043f\u0440\u043e\u043c\u043e\u0446\u0438\u0458\u0430 \u043d\u0430 \u043a\u043d\u0438\u0433\u0430, \u043a\u043e\u043d\u0444\u0435\u0440\u0435\u043d\u0446\u0438\u0458\u0430 \u0438 \u0438\u0437\u043b\u043e\u0436\u0431\u0430<br>Time: Oct 29, 2021 01:00 PM Sarajevo, Skopje, Zagreb<br><br>Join Zoom Meeting<br><a rel=\"noreferrer noopener\" href=\"https:\/\/us02web.zoom.us\/j\/83515876146\" target=\"_blank\">https:\/\/us02web.zoom.us\/j\/83515876146<\/a><\/p>\n\n\n\n<hr class=\"wp-block-separator\"\/>\n\n\n\n<p>U prilogu slijedi makedonska verzija priop\u0107enja javnosti, poster i fotografije sudionika i sudionica.\u00a0<\/p>\n\n\n\n<hr class=\"wp-block-separator\"\/>\n\n\n\n<div class=\"wp-block-file\"><a href=\"https:\/\/historiografija.hr\/wp-content\/uploads\/2021\/10\/\u041f\u041e\u041a\u0410\u041d\u0410-\u0417\u0410-\u041c\u0415\u0414\u0418\u0423\u041c\u0418_29-\u043e\u043a\u0442\u043e\u043c\u0432\u0440\u0438.docx\">\u041f\u041e\u041a\u0410\u041d\u0410-\u0417\u0410-\u041c\u0415\u0414\u0418\u0423\u041c\u0418_29-\u043e\u043a\u0442\u043e\u043c\u0432\u0440\u0438<\/a><a href=\"https:\/\/historiografija.hr\/wp-content\/uploads\/2021\/10\/\u041f\u041e\u041a\u0410\u041d\u0410-\u0417\u0410-\u041c\u0415\u0414\u0418\u0423\u041c\u0418_29-\u043e\u043a\u0442\u043e\u043c\u0432\u0440\u0438.docx\" class=\"wp-block-file__button\" download>Preuzmi<\/a><\/div>\n\n\n\n<hr class=\"wp-block-separator\"\/>\n\n\n\n<figure class=\"wp-block-image size-large\"><img data-recalc-dims=\"1\" loading=\"lazy\" decoding=\"async\" width=\"860\" height=\"860\" data-attachment-id=\"27997\" data-permalink=\"https:\/\/historiografija.hr\/?attachment_id=27997\" data-orig-file=\"https:\/\/i0.wp.com\/historiografija.hr\/wp-content\/uploads\/2021\/10\/Arhivi.png?fit=972%2C972&amp;ssl=1\" data-orig-size=\"972,972\" data-comments-opened=\"1\" data-image-meta=\"{&quot;aperture&quot;:&quot;0&quot;,&quot;credit&quot;:&quot;&quot;,&quot;camera&quot;:&quot;&quot;,&quot;caption&quot;:&quot;&quot;,&quot;created_timestamp&quot;:&quot;0&quot;,&quot;copyright&quot;:&quot;&quot;,&quot;focal_length&quot;:&quot;0&quot;,&quot;iso&quot;:&quot;0&quot;,&quot;shutter_speed&quot;:&quot;0&quot;,&quot;title&quot;:&quot;&quot;,&quot;orientation&quot;:&quot;0&quot;}\" data-image-title=\"Arhivi\" data-image-description=\"\" data-image-caption=\"\" data-large-file=\"https:\/\/i0.wp.com\/historiografija.hr\/wp-content\/uploads\/2021\/10\/Arhivi.png?fit=860%2C860&amp;ssl=1\" src=\"https:\/\/i0.wp.com\/historiografija.hr\/wp-content\/uploads\/2021\/10\/Arhivi.png?resize=860%2C860&#038;ssl=1\" alt=\"\" class=\"wp-image-27997\" srcset=\"https:\/\/i0.wp.com\/historiografija.hr\/wp-content\/uploads\/2021\/10\/Arhivi.png?w=972&amp;ssl=1 972w, https:\/\/i0.wp.com\/historiografija.hr\/wp-content\/uploads\/2021\/10\/Arhivi.png?resize=300%2C300&amp;ssl=1 300w, https:\/\/i0.wp.com\/historiografija.hr\/wp-content\/uploads\/2021\/10\/Arhivi.png?resize=150%2C150&amp;ssl=1 150w, https:\/\/i0.wp.com\/historiografija.hr\/wp-content\/uploads\/2021\/10\/Arhivi.png?resize=768%2C768&amp;ssl=1 768w, https:\/\/i0.wp.com\/historiografija.hr\/wp-content\/uploads\/2021\/10\/Arhivi.png?resize=90%2C90&amp;ssl=1 90w, https:\/\/i0.wp.com\/historiografija.hr\/wp-content\/uploads\/2021\/10\/Arhivi.png?resize=75%2C75&amp;ssl=1 75w\" sizes=\"auto, (max-width: 860px) 100vw, 860px\" \/><figcaption>Arhivi nevidljivih<\/figcaption><\/figure>\n\n\n\n<hr class=\"wp-block-separator\"\/>\n\n\n\n<figure class=\"wp-block-image size-large\"><img data-recalc-dims=\"1\" loading=\"lazy\" decoding=\"async\" width=\"860\" height=\"430\" data-attachment-id=\"27994\" data-permalink=\"https:\/\/historiografija.hr\/?attachment_id=27994\" data-orig-file=\"https:\/\/i0.wp.com\/historiografija.hr\/wp-content\/uploads\/2021\/10\/%D0%90%D1%80%D1%85%D0%B8%D0%B2%D0%B8-%D0%BD%D0%B0-%D0%BD%D0%B5%D0%B2%D0%B8%D0%B4%D0%BB%D0%B8%D0%B2%D0%B8%D1%82%D0%B5-scaled.jpg?fit=2560%2C1280&amp;ssl=1\" data-orig-size=\"2560,1280\" data-comments-opened=\"1\" data-image-meta=\"{&quot;aperture&quot;:&quot;0&quot;,&quot;credit&quot;:&quot;&quot;,&quot;camera&quot;:&quot;&quot;,&quot;caption&quot;:&quot;&quot;,&quot;created_timestamp&quot;:&quot;0&quot;,&quot;copyright&quot;:&quot;&quot;,&quot;focal_length&quot;:&quot;0&quot;,&quot;iso&quot;:&quot;0&quot;,&quot;shutter_speed&quot;:&quot;0&quot;,&quot;title&quot;:&quot;&quot;,&quot;orientation&quot;:&quot;1&quot;}\" data-image-title=\"\u0410\u0440\u0445\u0438\u0432\u0438-\u043d\u0430-\u043d\u0435\u0432\u0438\u0434\u043b\u0438\u0432\u0438\u0442\u0435\" data-image-description=\"\" data-image-caption=\"\" data-large-file=\"https:\/\/i0.wp.com\/historiografija.hr\/wp-content\/uploads\/2021\/10\/%D0%90%D1%80%D1%85%D0%B8%D0%B2%D0%B8-%D0%BD%D0%B0-%D0%BD%D0%B5%D0%B2%D0%B8%D0%B4%D0%BB%D0%B8%D0%B2%D0%B8%D1%82%D0%B5-scaled.jpg?fit=860%2C430&amp;ssl=1\" src=\"https:\/\/i0.wp.com\/historiografija.hr\/wp-content\/uploads\/2021\/10\/%D0%90%D1%80%D1%85%D0%B8%D0%B2%D0%B8-%D0%BD%D0%B0-%D0%BD%D0%B5%D0%B2%D0%B8%D0%B4%D0%BB%D0%B8%D0%B2%D0%B8%D1%82%D0%B5.jpg?resize=860%2C430&#038;ssl=1\" alt=\"\" class=\"wp-image-27994\" srcset=\"https:\/\/i0.wp.com\/historiografija.hr\/wp-content\/uploads\/2021\/10\/%D0%90%D1%80%D1%85%D0%B8%D0%B2%D0%B8-%D0%BD%D0%B0-%D0%BD%D0%B5%D0%B2%D0%B8%D0%B4%D0%BB%D0%B8%D0%B2%D0%B8%D1%82%D0%B5-scaled.jpg?resize=1024%2C512&amp;ssl=1 1024w, https:\/\/i0.wp.com\/historiografija.hr\/wp-content\/uploads\/2021\/10\/%D0%90%D1%80%D1%85%D0%B8%D0%B2%D0%B8-%D0%BD%D0%B0-%D0%BD%D0%B5%D0%B2%D0%B8%D0%B4%D0%BB%D0%B8%D0%B2%D0%B8%D1%82%D0%B5-scaled.jpg?resize=300%2C150&amp;ssl=1 300w, https:\/\/i0.wp.com\/historiografija.hr\/wp-content\/uploads\/2021\/10\/%D0%90%D1%80%D1%85%D0%B8%D0%B2%D0%B8-%D0%BD%D0%B0-%D0%BD%D0%B5%D0%B2%D0%B8%D0%B4%D0%BB%D0%B8%D0%B2%D0%B8%D1%82%D0%B5-scaled.jpg?resize=768%2C384&amp;ssl=1 768w, https:\/\/i0.wp.com\/historiografija.hr\/wp-content\/uploads\/2021\/10\/%D0%90%D1%80%D1%85%D0%B8%D0%B2%D0%B8-%D0%BD%D0%B0-%D0%BD%D0%B5%D0%B2%D0%B8%D0%B4%D0%BB%D0%B8%D0%B2%D0%B8%D1%82%D0%B5-scaled.jpg?resize=1536%2C768&amp;ssl=1 1536w, https:\/\/i0.wp.com\/historiografija.hr\/wp-content\/uploads\/2021\/10\/%D0%90%D1%80%D1%85%D0%B8%D0%B2%D0%B8-%D0%BD%D0%B0-%D0%BD%D0%B5%D0%B2%D0%B8%D0%B4%D0%BB%D0%B8%D0%B2%D0%B8%D1%82%D0%B5-scaled.jpg?resize=2048%2C1024&amp;ssl=1 2048w, https:\/\/i0.wp.com\/historiografija.hr\/wp-content\/uploads\/2021\/10\/%D0%90%D1%80%D1%85%D0%B8%D0%B2%D0%B8-%D0%BD%D0%B0-%D0%BD%D0%B5%D0%B2%D0%B8%D0%B4%D0%BB%D0%B8%D0%B2%D0%B8%D1%82%D0%B5-scaled.jpg?resize=420%2C210&amp;ssl=1 420w, https:\/\/i0.wp.com\/historiografija.hr\/wp-content\/uploads\/2021\/10\/%D0%90%D1%80%D1%85%D0%B8%D0%B2%D0%B8-%D0%BD%D0%B0-%D0%BD%D0%B5%D0%B2%D0%B8%D0%B4%D0%BB%D0%B8%D0%B2%D0%B8%D1%82%D0%B5-scaled.jpg?w=1720&amp;ssl=1 1720w\" sizes=\"auto, (max-width: 860px) 100vw, 860px\" \/><figcaption>Arhivi nevidljivih<\/figcaption><\/figure>\n\n\n\n<hr class=\"wp-block-separator\"\/>\n\n\n\n<figure class=\"wp-block-image size-large\"><img data-recalc-dims=\"1\" loading=\"lazy\" decoding=\"async\" width=\"860\" height=\"430\" data-attachment-id=\"27995\" data-permalink=\"https:\/\/historiografija.hr\/?attachment_id=27995\" data-orig-file=\"https:\/\/i0.wp.com\/historiografija.hr\/wp-content\/uploads\/2021\/10\/%D0%90%D0%B2%D1%82%D0%BE%D1%80%D0%B8-%D0%BD%D0%B0-%D0%BF%D1%83%D0%B1%D0%BB%D0%B8%D0%BA%D0%B0%D1%86%D0%B8%D1%98%D0%B0-scaled.jpg?fit=2560%2C1280&amp;ssl=1\" data-orig-size=\"2560,1280\" data-comments-opened=\"1\" data-image-meta=\"{&quot;aperture&quot;:&quot;0&quot;,&quot;credit&quot;:&quot;&quot;,&quot;camera&quot;:&quot;&quot;,&quot;caption&quot;:&quot;&quot;,&quot;created_timestamp&quot;:&quot;0&quot;,&quot;copyright&quot;:&quot;&quot;,&quot;focal_length&quot;:&quot;0&quot;,&quot;iso&quot;:&quot;0&quot;,&quot;shutter_speed&quot;:&quot;0&quot;,&quot;title&quot;:&quot;&quot;,&quot;orientation&quot;:&quot;1&quot;}\" data-image-title=\"\u0410\u0432\u0442\u043e\u0440\u0438-\u043d\u0430-\u043f\u0443\u0431\u043b\u0438\u043a\u0430\u0446\u0438\u0458\u0430\" data-image-description=\"\" data-image-caption=\"\" data-large-file=\"https:\/\/i0.wp.com\/historiografija.hr\/wp-content\/uploads\/2021\/10\/%D0%90%D0%B2%D1%82%D0%BE%D1%80%D0%B8-%D0%BD%D0%B0-%D0%BF%D1%83%D0%B1%D0%BB%D0%B8%D0%BA%D0%B0%D1%86%D0%B8%D1%98%D0%B0-scaled.jpg?fit=860%2C430&amp;ssl=1\" src=\"https:\/\/i0.wp.com\/historiografija.hr\/wp-content\/uploads\/2021\/10\/%D0%90%D0%B2%D1%82%D0%BE%D1%80%D0%B8-%D0%BD%D0%B0-%D0%BF%D1%83%D0%B1%D0%BB%D0%B8%D0%BA%D0%B0%D1%86%D0%B8%D1%98%D0%B0.jpg?resize=860%2C430&#038;ssl=1\" alt=\"\" class=\"wp-image-27995\" srcset=\"https:\/\/i0.wp.com\/historiografija.hr\/wp-content\/uploads\/2021\/10\/%D0%90%D0%B2%D1%82%D0%BE%D1%80%D0%B8-%D0%BD%D0%B0-%D0%BF%D1%83%D0%B1%D0%BB%D0%B8%D0%BA%D0%B0%D1%86%D0%B8%D1%98%D0%B0-scaled.jpg?resize=1024%2C512&amp;ssl=1 1024w, https:\/\/i0.wp.com\/historiografija.hr\/wp-content\/uploads\/2021\/10\/%D0%90%D0%B2%D1%82%D0%BE%D1%80%D0%B8-%D0%BD%D0%B0-%D0%BF%D1%83%D0%B1%D0%BB%D0%B8%D0%BA%D0%B0%D1%86%D0%B8%D1%98%D0%B0-scaled.jpg?resize=300%2C150&amp;ssl=1 300w, https:\/\/i0.wp.com\/historiografija.hr\/wp-content\/uploads\/2021\/10\/%D0%90%D0%B2%D1%82%D0%BE%D1%80%D0%B8-%D0%BD%D0%B0-%D0%BF%D1%83%D0%B1%D0%BB%D0%B8%D0%BA%D0%B0%D1%86%D0%B8%D1%98%D0%B0-scaled.jpg?resize=768%2C384&amp;ssl=1 768w, https:\/\/i0.wp.com\/historiografija.hr\/wp-content\/uploads\/2021\/10\/%D0%90%D0%B2%D1%82%D0%BE%D1%80%D0%B8-%D0%BD%D0%B0-%D0%BF%D1%83%D0%B1%D0%BB%D0%B8%D0%BA%D0%B0%D1%86%D0%B8%D1%98%D0%B0-scaled.jpg?resize=1536%2C768&amp;ssl=1 1536w, https:\/\/i0.wp.com\/historiografija.hr\/wp-content\/uploads\/2021\/10\/%D0%90%D0%B2%D1%82%D0%BE%D1%80%D0%B8-%D0%BD%D0%B0-%D0%BF%D1%83%D0%B1%D0%BB%D0%B8%D0%BA%D0%B0%D1%86%D0%B8%D1%98%D0%B0-scaled.jpg?resize=2048%2C1024&amp;ssl=1 2048w, https:\/\/i0.wp.com\/historiografija.hr\/wp-content\/uploads\/2021\/10\/%D0%90%D0%B2%D1%82%D0%BE%D1%80%D0%B8-%D0%BD%D0%B0-%D0%BF%D1%83%D0%B1%D0%BB%D0%B8%D0%BA%D0%B0%D1%86%D0%B8%D1%98%D0%B0-scaled.jpg?resize=420%2C210&amp;ssl=1 420w, https:\/\/i0.wp.com\/historiografija.hr\/wp-content\/uploads\/2021\/10\/%D0%90%D0%B2%D1%82%D0%BE%D1%80%D0%B8-%D0%BD%D0%B0-%D0%BF%D1%83%D0%B1%D0%BB%D0%B8%D0%BA%D0%B0%D1%86%D0%B8%D1%98%D0%B0-scaled.jpg?w=1720&amp;ssl=1 1720w\" sizes=\"auto, (max-width: 860px) 100vw, 860px\" \/><figcaption>Autori publikacije<\/figcaption><\/figure>\n\n\n\n<hr class=\"wp-block-separator\"\/>\n\n\n\n<figure class=\"wp-block-image size-large\"><img data-recalc-dims=\"1\" loading=\"lazy\" decoding=\"async\" width=\"860\" height=\"860\" data-attachment-id=\"27996\" data-permalink=\"https:\/\/historiografija.hr\/?attachment_id=27996\" data-orig-file=\"https:\/\/i0.wp.com\/historiografija.hr\/wp-content\/uploads\/2021\/10\/%D0%A3%D1%87%D0%B5%D1%81%D0%BD%D0%B8%D1%87%D0%BA%D0%B8-%D0%BD%D0%B0-%D0%BA%D0%BE%D0%BD%D1%84%D0%B5%D1%80%D0%B5%D0%BD%D1%86%D0%B8%D1%98%D0%B0.jpg?fit=1080%2C1080&amp;ssl=1\" data-orig-size=\"1080,1080\" data-comments-opened=\"1\" data-image-meta=\"{&quot;aperture&quot;:&quot;0&quot;,&quot;credit&quot;:&quot;&quot;,&quot;camera&quot;:&quot;&quot;,&quot;caption&quot;:&quot;&quot;,&quot;created_timestamp&quot;:&quot;0&quot;,&quot;copyright&quot;:&quot;&quot;,&quot;focal_length&quot;:&quot;0&quot;,&quot;iso&quot;:&quot;0&quot;,&quot;shutter_speed&quot;:&quot;0&quot;,&quot;title&quot;:&quot;&quot;,&quot;orientation&quot;:&quot;1&quot;}\" data-image-title=\"\u0423\u0447\u0435\u0441\u043d\u0438\u0447\u043a\u0438-\u043d\u0430-\u043a\u043e\u043d\u0444\u0435\u0440\u0435\u043d\u0446\u0438\u0458\u0430\" data-image-description=\"\" data-image-caption=\"\" data-large-file=\"https:\/\/i0.wp.com\/historiografija.hr\/wp-content\/uploads\/2021\/10\/%D0%A3%D1%87%D0%B5%D1%81%D0%BD%D0%B8%D1%87%D0%BA%D0%B8-%D0%BD%D0%B0-%D0%BA%D0%BE%D0%BD%D1%84%D0%B5%D1%80%D0%B5%D0%BD%D1%86%D0%B8%D1%98%D0%B0.jpg?fit=860%2C860&amp;ssl=1\" src=\"https:\/\/i0.wp.com\/historiografija.hr\/wp-content\/uploads\/2021\/10\/%D0%A3%D1%87%D0%B5%D1%81%D0%BD%D0%B8%D1%87%D0%BA%D0%B8-%D0%BD%D0%B0-%D0%BA%D0%BE%D0%BD%D1%84%D0%B5%D1%80%D0%B5%D0%BD%D1%86%D0%B8%D1%98%D0%B0.jpg?resize=860%2C860&#038;ssl=1\" alt=\"\" class=\"wp-image-27996\" srcset=\"https:\/\/i0.wp.com\/historiografija.hr\/wp-content\/uploads\/2021\/10\/%D0%A3%D1%87%D0%B5%D1%81%D0%BD%D0%B8%D1%87%D0%BA%D0%B8-%D0%BD%D0%B0-%D0%BA%D0%BE%D0%BD%D1%84%D0%B5%D1%80%D0%B5%D0%BD%D1%86%D0%B8%D1%98%D0%B0.jpg?resize=1024%2C1024&amp;ssl=1 1024w, https:\/\/i0.wp.com\/historiografija.hr\/wp-content\/uploads\/2021\/10\/%D0%A3%D1%87%D0%B5%D1%81%D0%BD%D0%B8%D1%87%D0%BA%D0%B8-%D0%BD%D0%B0-%D0%BA%D0%BE%D0%BD%D1%84%D0%B5%D1%80%D0%B5%D0%BD%D1%86%D0%B8%D1%98%D0%B0.jpg?resize=300%2C300&amp;ssl=1 300w, https:\/\/i0.wp.com\/historiografija.hr\/wp-content\/uploads\/2021\/10\/%D0%A3%D1%87%D0%B5%D1%81%D0%BD%D0%B8%D1%87%D0%BA%D0%B8-%D0%BD%D0%B0-%D0%BA%D0%BE%D0%BD%D1%84%D0%B5%D1%80%D0%B5%D0%BD%D1%86%D0%B8%D1%98%D0%B0.jpg?resize=150%2C150&amp;ssl=1 150w, https:\/\/i0.wp.com\/historiografija.hr\/wp-content\/uploads\/2021\/10\/%D0%A3%D1%87%D0%B5%D1%81%D0%BD%D0%B8%D1%87%D0%BA%D0%B8-%D0%BD%D0%B0-%D0%BA%D0%BE%D0%BD%D1%84%D0%B5%D1%80%D0%B5%D0%BD%D1%86%D0%B8%D1%98%D0%B0.jpg?resize=768%2C768&amp;ssl=1 768w, https:\/\/i0.wp.com\/historiografija.hr\/wp-content\/uploads\/2021\/10\/%D0%A3%D1%87%D0%B5%D1%81%D0%BD%D0%B8%D1%87%D0%BA%D0%B8-%D0%BD%D0%B0-%D0%BA%D0%BE%D0%BD%D1%84%D0%B5%D1%80%D0%B5%D0%BD%D1%86%D0%B8%D1%98%D0%B0.jpg?resize=90%2C90&amp;ssl=1 90w, https:\/\/i0.wp.com\/historiografija.hr\/wp-content\/uploads\/2021\/10\/%D0%A3%D1%87%D0%B5%D1%81%D0%BD%D0%B8%D1%87%D0%BA%D0%B8-%D0%BD%D0%B0-%D0%BA%D0%BE%D0%BD%D1%84%D0%B5%D1%80%D0%B5%D0%BD%D1%86%D0%B8%D1%98%D0%B0.jpg?resize=75%2C75&amp;ssl=1 75w, https:\/\/i0.wp.com\/historiografija.hr\/wp-content\/uploads\/2021\/10\/%D0%A3%D1%87%D0%B5%D1%81%D0%BD%D0%B8%D1%87%D0%BA%D0%B8-%D0%BD%D0%B0-%D0%BA%D0%BE%D0%BD%D1%84%D0%B5%D1%80%D0%B5%D0%BD%D1%86%D0%B8%D1%98%D0%B0.jpg?w=1080&amp;ssl=1 1080w\" sizes=\"auto, (max-width: 860px) 100vw, 860px\" \/><figcaption>Sudionice konferencije<\/figcaption><\/figure>\n\n\n\n<hr class=\"wp-block-separator\"\/>\n","protected":false},"excerpt":{"rendered":"","protected":false},"author":2,"featured_media":27987,"comment_status":"open","ping_status":"open","sticky":false,"template":"","format":"standard","meta":{"_acf_changed":false,"jetpack_post_was_ever_published":false,"_jetpack_newsletter_access":"","_jetpack_dont_email_post_to_subs":false,"_jetpack_newsletter_tier_id":0,"_jetpack_memberships_contains_paywalled_content":false,"_jetpack_memberships_contains_paid_content":false,"footnotes":"","jetpack_publicize_message":"","jetpack_publicize_feature_enabled":true,"jetpack_social_post_already_shared":true,"jetpack_social_options":{"image_generator_settings":{"template":"highway","default_image_id":0,"font":"","enabled":false},"version":2}},"categories":[10,3],"tags":[],"class_list":["post-27986","post","type-post","status-publish","format-standard","has-post-thumbnail","hentry","category-izlozbe","category-novosti"],"acf":{"facebook_opis":""},"jetpack_publicize_connections":[],"jetpack_featured_media_url":"https:\/\/i0.wp.com\/historiografija.hr\/wp-content\/uploads\/2021\/10\/Arhivi-scaled.jpg?fit=2560%2C1280&ssl=1","jetpack_sharing_enabled":true,"jetpack-related-posts":[],"_links":{"self":[{"href":"https:\/\/historiografija.hr\/index.php?rest_route=\/wp\/v2\/posts\/27986","targetHints":{"allow":["GET"]}}],"collection":[{"href":"https:\/\/historiografija.hr\/index.php?rest_route=\/wp\/v2\/posts"}],"about":[{"href":"https:\/\/historiografija.hr\/index.php?rest_route=\/wp\/v2\/types\/post"}],"author":[{"embeddable":true,"href":"https:\/\/historiografija.hr\/index.php?rest_route=\/wp\/v2\/users\/2"}],"replies":[{"embeddable":true,"href":"https:\/\/historiografija.hr\/index.php?rest_route=%2Fwp%2Fv2%2Fcomments&post=27986"}],"version-history":[{"count":6,"href":"https:\/\/historiografija.hr\/index.php?rest_route=\/wp\/v2\/posts\/27986\/revisions"}],"predecessor-version":[{"id":27998,"href":"https:\/\/historiografija.hr\/index.php?rest_route=\/wp\/v2\/posts\/27986\/revisions\/27998"}],"wp:featuredmedia":[{"embeddable":true,"href":"https:\/\/historiografija.hr\/index.php?rest_route=\/wp\/v2\/media\/27987"}],"wp:attachment":[{"href":"https:\/\/historiografija.hr\/index.php?rest_route=%2Fwp%2Fv2%2Fmedia&parent=27986"}],"wp:term":[{"taxonomy":"category","embeddable":true,"href":"https:\/\/historiografija.hr\/index.php?rest_route=%2Fwp%2Fv2%2Fcategories&post=27986"},{"taxonomy":"post_tag","embeddable":true,"href":"https:\/\/historiografija.hr\/index.php?rest_route=%2Fwp%2Fv2%2Ftags&post=27986"}],"curies":[{"name":"wp","href":"https:\/\/api.w.org\/{rel}","templated":true}]}}