{"id":27980,"date":"2021-10-28T11:22:37","date_gmt":"2021-10-28T11:22:37","guid":{"rendered":"http:\/\/historiografija.hr\/?p=27980"},"modified":"2021-10-28T11:22:37","modified_gmt":"2021-10-28T11:22:37","slug":"domagoj-tomas-ideologija-krivnja-i-odmazda-vlaho-lovric-i-diskontinuiteti-prve-polovice-20-stoljeca","status":"publish","type":"post","link":"https:\/\/historiografija.hr\/?p=27980","title":{"rendered":"Domagoj Tomas, \u201cIdeologija, krivnja i odmazda &#8211; Vlaho Lovri\u0107 i (dis)kontinuiteti prve polovice 20. stolje\u0107a\u201d"},"content":{"rendered":"\n<p>Nastalo kao rezultat pretra\u017eivanja izvornoga arhivskog gradiva i dosljedne primjene metodolo\u0161kog pristupa intelektualne povijesti, ovo djelo, temeljito provedenom znanstvenom analizom javnoga djelovanja jednoga intelektualca, propituje utjecaje klju\u010dnih, kronolo\u0161ki vrlo zgusnutih, dru\u0161tveno-politi\u010dkih prijelomnica (1939., 1941. i 1945.) na hrvatsko-katoli\u010dku intelektualnu scenu potkraj prve polovice dvadesetoga stolje\u0107a.<\/p>\n\n\n\n<hr class=\"wp-block-separator\"\/>\n\n\n\n<p>&nbsp;&nbsp;&nbsp; Godina izdanja: 2021<\/p>\n\n\n\n<p>&nbsp;&nbsp;&nbsp; Izdanje: 1.<\/p>\n\n\n\n<p>&nbsp;&nbsp;&nbsp; Broj stranica: 451<\/p>\n\n\n\n<p>&nbsp;&nbsp;&nbsp; Te\u017eina: 775 g<\/p>\n\n\n\n<p>&nbsp;&nbsp;&nbsp; Uvez: Meki<\/p>\n\n\n\n<p>\u00a0\u00a0\u00a0 Nakladnik: Alfa d.d.<\/p>\n\n\n\n<hr class=\"wp-block-separator\"\/>\n\n\n\n<p>Izvor: <a href=\"https:\/\/www.alfa.hr\/artikl\/info\/614d8e59dc92ee551a8b466a\">https:\/\/www.alfa.hr\/artikl\/info\/614d8e59dc92ee551a8b466a<\/a><\/p>\n\n\n\n<hr class=\"wp-block-separator\"\/>\n","protected":false},"excerpt":{"rendered":"","protected":false},"author":2,"featured_media":27981,"comment_status":"open","ping_status":"open","sticky":false,"template":"","format":"standard","meta":{"_acf_changed":false,"jetpack_post_was_ever_published":false,"_jetpack_newsletter_access":"","_jetpack_dont_email_post_to_subs":false,"_jetpack_newsletter_tier_id":0,"_jetpack_memberships_contains_paywalled_content":false,"_jetpack_memberships_contains_paid_content":false,"footnotes":"","jetpack_publicize_message":"","jetpack_publicize_feature_enabled":true,"jetpack_social_post_already_shared":true,"jetpack_social_options":{"image_generator_settings":{"template":"highway","default_image_id":0,"font":"","enabled":false},"version":2}},"categories":[8,3],"tags":[],"class_list":["post-27980","post","type-post","status-publish","format-standard","has-post-thumbnail","hentry","category-knjige","category-novosti"],"acf":{"facebook_opis":""},"jetpack_publicize_connections":[],"jetpack_featured_media_url":"https:\/\/i0.wp.com\/historiografija.hr\/wp-content\/uploads\/2021\/10\/Domagoj-Tomas-scaled.jpg?fit=1791%2C2560&ssl=1","jetpack_sharing_enabled":true,"jetpack-related-posts":[],"_links":{"self":[{"href":"https:\/\/historiografija.hr\/index.php?rest_route=\/wp\/v2\/posts\/27980","targetHints":{"allow":["GET"]}}],"collection":[{"href":"https:\/\/historiografija.hr\/index.php?rest_route=\/wp\/v2\/posts"}],"about":[{"href":"https:\/\/historiografija.hr\/index.php?rest_route=\/wp\/v2\/types\/post"}],"author":[{"embeddable":true,"href":"https:\/\/historiografija.hr\/index.php?rest_route=\/wp\/v2\/users\/2"}],"replies":[{"embeddable":true,"href":"https:\/\/historiografija.hr\/index.php?rest_route=%2Fwp%2Fv2%2Fcomments&post=27980"}],"version-history":[{"count":2,"href":"https:\/\/historiografija.hr\/index.php?rest_route=\/wp\/v2\/posts\/27980\/revisions"}],"predecessor-version":[{"id":27983,"href":"https:\/\/historiografija.hr\/index.php?rest_route=\/wp\/v2\/posts\/27980\/revisions\/27983"}],"wp:featuredmedia":[{"embeddable":true,"href":"https:\/\/historiografija.hr\/index.php?rest_route=\/wp\/v2\/media\/27981"}],"wp:attachment":[{"href":"https:\/\/historiografija.hr\/index.php?rest_route=%2Fwp%2Fv2%2Fmedia&parent=27980"}],"wp:term":[{"taxonomy":"category","embeddable":true,"href":"https:\/\/historiografija.hr\/index.php?rest_route=%2Fwp%2Fv2%2Fcategories&post=27980"},{"taxonomy":"post_tag","embeddable":true,"href":"https:\/\/historiografija.hr\/index.php?rest_route=%2Fwp%2Fv2%2Ftags&post=27980"}],"curies":[{"name":"wp","href":"https:\/\/api.w.org\/{rel}","templated":true}]}}