{"id":27974,"date":"2021-10-28T11:06:52","date_gmt":"2021-10-28T11:06:52","guid":{"rendered":"http:\/\/historiografija.hr\/?p=27974"},"modified":"2021-10-28T11:06:52","modified_gmt":"2021-10-28T11:06:52","slug":"6-kongres-hrvatskih-arhivista-split-26-29-listopada-2021","status":"publish","type":"post","link":"https:\/\/historiografija.hr\/?p=27974","title":{"rendered":"6. Kongres hrvatskih arhivista, Split, 26. \u2013 29. listopada 2021."},"content":{"rendered":"\n<p>U suradnji Hrvatskog arhivisti\u010dkog dru\u0161tva i Dr\u017eavnog arhiva u Splitu\u00a0od 26. do 29. listopada 2021. u Splitu\u00a0\u0107e se odr\u017eati 6. Kongres hrvatskih arhivista s temom <em>Na pragu 3. desetlje\u0107a 21. stolje\u0107a \u2013 inkluzivnost kao uvjet<\/em>.<\/p>\n\n\n\n<hr class=\"wp-block-separator\"\/>\n\n\n\n<p><a href=\"https:\/\/www.had-info.hr\/images\/dokumenti\/programi\/Program_6._kongresa_hrvatskih_arhivista_18.10.-za_tisak.pdf\">Program&nbsp;6. Kongresa hrvatskih arhivista<\/a><\/p>\n\n\n\n<p><a href=\"http:\/\/www.arhiv.hr\/Portals\/0\/6_%20kong_%20arh%20plakat%2050x70%20cm.pdf\">Plakat 6. Kongresa hrvatskih arhivista<\/a><\/p>\n\n\n\n<hr class=\"wp-block-separator\"\/>\n\n\n\n<p>Izvor: <a href=\"http:\/\/www.arhiv.hr\/hr-hr\/Izlozbe-i-dogadjanja\/ArticleId\/1502\/oamid\/1633\">http:\/\/www.arhiv.hr\/hr-hr\/Izlozbe-i-dogadjanja\/ArticleId\/1502\/oamid\/1633<\/a><\/p>\n\n\n\n<hr class=\"wp-block-separator\"\/>\n","protected":false},"excerpt":{"rendered":"","protected":false},"author":2,"featured_media":27975,"comment_status":"open","ping_status":"open","sticky":false,"template":"","format":"standard","meta":{"_acf_changed":false,"jetpack_post_was_ever_published":false,"_jetpack_newsletter_access":"","_jetpack_dont_email_post_to_subs":false,"_jetpack_newsletter_tier_id":0,"_jetpack_memberships_contains_paywalled_content":false,"_jetpack_memberships_contains_paid_content":false,"footnotes":"","jetpack_publicize_message":"","jetpack_publicize_feature_enabled":true,"jetpack_social_post_already_shared":true,"jetpack_social_options":{"image_generator_settings":{"template":"highway","default_image_id":0,"font":"","enabled":false},"version":2}},"categories":[3,9],"tags":[],"class_list":["post-27974","post","type-post","status-publish","format-standard","has-post-thumbnail","hentry","category-novosti","category-skupovi"],"acf":{"facebook_opis":""},"jetpack_publicize_connections":[],"jetpack_featured_media_url":"https:\/\/i0.wp.com\/historiografija.hr\/wp-content\/uploads\/2021\/10\/Kongres.png?fit=500%2C500&ssl=1","jetpack_sharing_enabled":true,"jetpack-related-posts":[],"_links":{"self":[{"href":"https:\/\/historiografija.hr\/index.php?rest_route=\/wp\/v2\/posts\/27974","targetHints":{"allow":["GET"]}}],"collection":[{"href":"https:\/\/historiografija.hr\/index.php?rest_route=\/wp\/v2\/posts"}],"about":[{"href":"https:\/\/historiografija.hr\/index.php?rest_route=\/wp\/v2\/types\/post"}],"author":[{"embeddable":true,"href":"https:\/\/historiografija.hr\/index.php?rest_route=\/wp\/v2\/users\/2"}],"replies":[{"embeddable":true,"href":"https:\/\/historiografija.hr\/index.php?rest_route=%2Fwp%2Fv2%2Fcomments&post=27974"}],"version-history":[{"count":1,"href":"https:\/\/historiografija.hr\/index.php?rest_route=\/wp\/v2\/posts\/27974\/revisions"}],"predecessor-version":[{"id":27976,"href":"https:\/\/historiografija.hr\/index.php?rest_route=\/wp\/v2\/posts\/27974\/revisions\/27976"}],"wp:featuredmedia":[{"embeddable":true,"href":"https:\/\/historiografija.hr\/index.php?rest_route=\/wp\/v2\/media\/27975"}],"wp:attachment":[{"href":"https:\/\/historiografija.hr\/index.php?rest_route=%2Fwp%2Fv2%2Fmedia&parent=27974"}],"wp:term":[{"taxonomy":"category","embeddable":true,"href":"https:\/\/historiografija.hr\/index.php?rest_route=%2Fwp%2Fv2%2Fcategories&post=27974"},{"taxonomy":"post_tag","embeddable":true,"href":"https:\/\/historiografija.hr\/index.php?rest_route=%2Fwp%2Fv2%2Ftags&post=27974"}],"curies":[{"name":"wp","href":"https:\/\/api.w.org\/{rel}","templated":true}]}}