{"id":27946,"date":"2021-10-22T20:41:56","date_gmt":"2021-10-22T20:41:56","guid":{"rendered":"http:\/\/historiografija.hr\/?p=27946"},"modified":"2021-10-22T20:44:56","modified_gmt":"2021-10-22T20:44:56","slug":"godina-citanja-2021-135-obljetnica-zbirke-za-povijest-knjiznice-filozofskog-fakulteta-u-zagrebu","status":"publish","type":"post","link":"https:\/\/historiografija.hr\/?p=27946","title":{"rendered":"Godina \u010ditanja 2021. &#8211; 135. obljetnica Zbirke za povijest Knji\u017enice Filozofskog fakulteta u Zagrebu"},"content":{"rendered":"\n<p>Povodom obilje\u017eavanja 135. obljetnice od o\u017eujka su odr\u017eane izlo\u017ebe <em>Pogledaj, posudi i pro\u010ditaj nove knjige u Zbirci za Povijest!<\/em>, <em>Zara\u017eeni povije\u0161\u0107u<\/em> povodom No\u0107i knjige, <em>Opijeni povije\u0161\u0107u<\/em> u sklopu Kliofesta te &nbsp;<em>Harmonija povijesti<\/em> povodom smrti velikog mecene Tadije Smi\u010diklasa). Trenuta\u010dno je otvorena izlo\u017eba <em>Iskustvo povijesti<\/em>&nbsp; povodom Dana Filozofskog fakulteta i Mjeseca knjige. Na obilje\u017eavanju uz voditeljicu Zbirke Silviju Pisk i knji\u017eni\u010darku Stelu Kos volontiraju demonstratori Odsjeka za povijest (Ante Lepur, Vinko Udiljak, Borna Rajzer i Orsat Vukas).<\/p>\n\n\n\n<p>Realizirane izlo\u017ebe 2021.:<\/p>\n\n\n\n<p>Pogledaj, posudi i pro\u010ditaj nove knjige u Zbirci za Povijest! \u2013 izlo\u017eba prinova knjiga u Zbirci za povijest Knji\u017enice Filozofskog fakulteta, 12. \u2013 26. o\u017eujka 2021.<\/p>\n\n\n\n<p>Zara\u017eeni povije\u0161\u0107u \u2013 izlo\u017eba knjiga Zbirke za povijest u sklopu No\u0107i knjige (tema \u2013 Ljekovita mo\u0107 knjige), 23. travnja \u2013 6. svibnja 2021. (Izbor knjiga Zbirke za povijest o pandemijama, bolestima, povijesti medicine i ljekaru\u0161a).<\/p>\n\n\n\n<p>Opijeni povije\u0161\u0107u \u2013&nbsp; izlo\u017eba knjiga Zbirke za povijest u sklopu Kliofesta 2021., 13. \u2013 31. svibnja 2021. (Izbor knjiga Zbirke za povijest o povijesti pi\u0107a, alkohola, opijanja i kulturne povijesti te povijesti svakodnevice).<\/p>\n\n\n\n<p>Harmonija povijesti \u2013 izlo\u017eba knjiga Zbirke za povijest povodom smrti velikog mecene Tadije Smi\u010diklasa, 9. \u2013 30. lipnja 2021. (Izbor knjiga Zbirke za povijest o povijesti glazbe, glazbala, plesa i pjevanja).<\/p>\n\n\n\n<p><a href=\"https:\/\/www.facebook.com\/events\/418994096609223\" target=\"_blank\" rel=\"noreferrer noopener\">Iskustvo povijesti \u2013&nbsp; izlo\u017eba knjiga Zbirke za povijest povodom Dana Filozofskog fakulteta i Mjeseca knjige, 15. 10. \u2013 15. 11. 2021.<\/a> (Izbor knjiga iz metodologije historije (Zbirka za povijest Knji\u017enice Filozofskog fakulteta Sveu\u010dili\u0161ta u Zagrebu sadr\u017ei najva\u017eniju zbirku teorijsko-metodolo\u0161ke literature iz povijesne znanosti u Hrvatskoj). Uz to uronite u iskustvo i svakodnevni \u017eivot jednog povjesni\u010dara).<\/p>\n\n\n\n<p>Vi\u0161e pogledajte na Facebook stranici i profilu Zbirke za povijest: <a href=\"https:\/\/www.facebook.com\/drugi.kat.sna\/\">https:\/\/www.facebook.com\/drugi.kat.sna\/<\/a><\/p>\n\n\n\n<hr class=\"wp-block-separator\"\/>\n\n\n\n<p>Izvor i dodatne informacije:<\/p>\n\n\n\n<figure class=\"wp-block-embed-wordpress wp-block-embed is-type-wp-embed is-provider-godinacitanja\"><div class=\"wp-block-embed__wrapper\">\n<blockquote class=\"wp-embedded-content\" data-secret=\"jqL9M8nADU\"><a href=\"https:\/\/citaj.hr\/vijesti\/135-obljetnica-zbirke-povijest-knjiznice-filozofskog-fakulteta\/\">135. obljetnica Zbirke povijest Knji\u017enice Filozofskog fakulteta<\/a><\/blockquote><iframe loading=\"lazy\" class=\"wp-embedded-content\" sandbox=\"allow-scripts\" security=\"restricted\" style=\"position: absolute; clip: rect(1px, 1px, 1px, 1px);\" title=\"&#8220;135. obljetnica Zbirke povijest Knji\u017enice Filozofskog fakulteta&#8221; &#8212; godinacitanja\" src=\"https:\/\/citaj.hr\/vijesti\/135-obljetnica-zbirke-povijest-knjiznice-filozofskog-fakulteta\/embed\/#?secret=jqL9M8nADU\" data-secret=\"jqL9M8nADU\" width=\"600\" height=\"338\" frameborder=\"0\" marginwidth=\"0\" marginheight=\"0\" scrolling=\"no\"><\/iframe>\n<\/div><\/figure>\n\n\n\n<p>&#8212;<\/p>\n\n\n\n<p>Izlo\u017eba <strong>Iskustvo povijesti<\/strong> (Zbirka za povijest \u2013 FFZG) organizirana je u suradnji s portalom <strong>Historiografija.hr<\/strong>.<\/p>\n\n\n\n<p>Zbirka za povijest Filozofskog fakulteta u Zagrebu \u2013 najva\u017enija zbirka teorijsko-metodolo\u0161ke literature u Hrvatskoj!<\/p>\n\n\n\n<p>Uskoro donosimo dodatne priloge vezane uz izlo\u017ebu <strong>Iskustvo povijesti<\/strong>.<\/p>\n\n\n\n<hr class=\"wp-block-separator\"\/>\n","protected":false},"excerpt":{"rendered":"","protected":false},"author":2,"featured_media":27947,"comment_status":"open","ping_status":"open","sticky":false,"template":"","format":"standard","meta":{"_acf_changed":false,"jetpack_post_was_ever_published":false,"_jetpack_newsletter_access":"","_jetpack_dont_email_post_to_subs":false,"_jetpack_newsletter_tier_id":0,"_jetpack_memberships_contains_paywalled_content":false,"_jetpack_memberships_contains_paid_content":false,"footnotes":"","jetpack_publicize_message":"","jetpack_publicize_feature_enabled":true,"jetpack_social_post_already_shared":true,"jetpack_social_options":{"image_generator_settings":{"template":"highway","default_image_id":0,"font":"","enabled":false},"version":2}},"categories":[10,3],"tags":[],"class_list":["post-27946","post","type-post","status-publish","format-standard","has-post-thumbnail","hentry","category-izlozbe","category-novosti"],"acf":{"facebook_opis":""},"jetpack_publicize_connections":[],"jetpack_featured_media_url":"https:\/\/i0.wp.com\/historiografija.hr\/wp-content\/uploads\/2021\/10\/Iskustvo.jpg?fit=750%2C500&ssl=1","jetpack_sharing_enabled":true,"jetpack-related-posts":[],"_links":{"self":[{"href":"https:\/\/historiografija.hr\/index.php?rest_route=\/wp\/v2\/posts\/27946","targetHints":{"allow":["GET"]}}],"collection":[{"href":"https:\/\/historiografija.hr\/index.php?rest_route=\/wp\/v2\/posts"}],"about":[{"href":"https:\/\/historiografija.hr\/index.php?rest_route=\/wp\/v2\/types\/post"}],"author":[{"embeddable":true,"href":"https:\/\/historiografija.hr\/index.php?rest_route=\/wp\/v2\/users\/2"}],"replies":[{"embeddable":true,"href":"https:\/\/historiografija.hr\/index.php?rest_route=%2Fwp%2Fv2%2Fcomments&post=27946"}],"version-history":[{"count":3,"href":"https:\/\/historiografija.hr\/index.php?rest_route=\/wp\/v2\/posts\/27946\/revisions"}],"predecessor-version":[{"id":27950,"href":"https:\/\/historiografija.hr\/index.php?rest_route=\/wp\/v2\/posts\/27946\/revisions\/27950"}],"wp:featuredmedia":[{"embeddable":true,"href":"https:\/\/historiografija.hr\/index.php?rest_route=\/wp\/v2\/media\/27947"}],"wp:attachment":[{"href":"https:\/\/historiografija.hr\/index.php?rest_route=%2Fwp%2Fv2%2Fmedia&parent=27946"}],"wp:term":[{"taxonomy":"category","embeddable":true,"href":"https:\/\/historiografija.hr\/index.php?rest_route=%2Fwp%2Fv2%2Fcategories&post=27946"},{"taxonomy":"post_tag","embeddable":true,"href":"https:\/\/historiografija.hr\/index.php?rest_route=%2Fwp%2Fv2%2Ftags&post=27946"}],"curies":[{"name":"wp","href":"https:\/\/api.w.org\/{rel}","templated":true}]}}