{"id":27942,"date":"2021-10-22T20:19:08","date_gmt":"2021-10-22T20:19:08","guid":{"rendered":"http:\/\/historiografija.hr\/?p=27942"},"modified":"2022-01-24T12:08:57","modified_gmt":"2022-01-24T12:08:57","slug":"histoire-pour-la-liberte-konferencija-umrezene-istoriografije-u-jugoistocnoj-evropi-i-nemackoj","status":"publish","type":"post","link":"https:\/\/historiografija.hr\/?p=27942","title":{"rendered":"Histoire pour la Libert\u00e9 \u2013 konferencija \u201cUmre\u017eene istoriografije u jugoisto\u010dnoj Evropi i Nema\u010dkoj\u201d"},"content":{"rendered":"\n<p>U utorak, 26. oktobra od 14 \u010dasova na Univerzitetu Humbolt u Berlinu i putem live stream-a, kao jedna od aktivnosti projekta Histoire pour la Libert\u00e9 bi\u0107e odr\u017eana konferencija pod nazivom Umre\u017eene istoriografije u jugoisto\u010dnoj Evropi i Nema\u010dkoj.<\/p>\n\n\n\n<p>Projekat Histoire pour la Libert\u00e9 nastao je nakon uspe\u0161ne realizacije projekta Ko je prvi po\u010deo? \u2013 Istori\u010dari protiv revizionizma koji je okupio neke od najistaknutijih istori\u010dara postjugoslovenskog prostora s namerom da se aktivno bore protiv revizionisti\u010dkih tendencija u regionalnim istoriografijama, a \u010diji je glavni rezultat Deklaracija Odbranimo istoriju.<\/p>\n\n\n\n<p>Kroz obele\u017eavanje doga\u0111aja iz novije evropske istorije, poput ponovnog ujedinjenja Nema\u010dke i demokratske tranzicije zemalja centralne i Isto\u010dne Evrope, ali i njihovim povezivanjem s raspadom SFRJ, projekat Histoire pour la Libert\u00e9 za cilj ima podsticanje diskusije i debate o zajedni\u010dkoj kulturi se\u0107anja, promovisanje mira i tolerancije i razmenu iskustava i perspektiva, kako bi se dodatno istakao dinami\u010dan karakter evropskog pam\u0107enja.<\/p>\n\n\n\n<p>Nakon uspe\u0161nih programa realizovanih u okviru Kilofesta u Zagrebu, History Festa u Sarajevu i festivala KROKODIL u Beogradu, diskusija o va\u017enosti multiperspektivne istoriografije i participativne kulture se\u0107anja bi\u0107e nastavljena kroz konferenciju Umre\u017eene istoriografije u jugoisto\u010dnoj Evropi i Nema\u010dkoj.<\/p>\n\n\n\n<p>U\u010desnici ove konferencije bi\u0107e Marija Vulesica i Hanes Grandits (Nema\u010dka), Dubravka Stojanovi\u0107 i Milivoj Be\u0161lin (Srbija), Branimir Jankovi\u0107 i Damir Agi\u010di\u0107 (Hrvatska), Husnija Kamberovi\u0107 i Dino \u0160akanovi\u0107 (BiH). Razgovore moderiraju Tomas \u0160ad i Ru\u017ea Fotiadis (Nema\u010dka).<\/p>\n\n\n\n<p>Na\u010din realizacije konferencije zavisi\u0107e od aktuelnih epidemiolo\u0161kih mera, dok \u0107e doga\u0111aj biti mogu\u0107e pratiti i putem livestream-a na YouTube kanalu Univerziteta Humboldt.<\/p>\n\n\n\n<p>Projekat Histoire pour la Libert\u00e9 finansiran je u okviru programa Evropa za gra\u0111ane i gra\u0111anke Evropske komisije, a realizuje se u saradnji sa Udru\u017eenjem za modernu historiju (BiH), Udrugom Kliofest (Hrvatska) i Univerzitetom Humbolt (Nema\u010dka).<\/p>\n\n\n\n<hr class=\"wp-block-separator\"\/>\n\n\n\n<p>Izvori:<\/p>\n\n\n\n<p><a href=\"https:\/\/www.facebook.com\/KrokodilEngagingWords\/\">https:\/\/www.facebook.com\/KrokodilEngagingWords\/<\/a><\/p>\n\n\n\n<p><a href=\"https:\/\/historiografija.ba\/article.php?id=717\">https:\/\/historiografija.ba\/article.php?id=717<\/a><\/p>\n\n\n\n<hr class=\"wp-block-separator\"\/>\n\n\n\n<p><strong>Program:<\/strong><\/p>\n\n\n\n<p><a href=\"https:\/\/www.geschichte.hu-berlin.de\/de\/bereiche-und-lehrstuehle\/gesuedosteu\/aktuelles\/krokodil.pdf\">https:\/\/www.geschichte.hu-berlin.de\/de\/bereiche-und-lehrstuehle\/gesuedosteu\/aktuelles\/krokodil.pdf<\/a><\/p>\n\n\n\n<p><a href=\"https:\/\/www.geschichte.hu-berlin.de\/de\/bereiche-und-lehrstuehle\/gesuedosteu\/aktuelles\">https:\/\/www.geschichte.hu-berlin.de\/de\/bereiche-und-lehrstuehle\/gesuedosteu\/aktuelles<\/a><\/p>\n\n\n\n<hr class=\"wp-block-separator\"\/>\n\n\n\n<figure class=\"wp-block-image size-large\"><img data-recalc-dims=\"1\" loading=\"lazy\" decoding=\"async\" width=\"509\" height=\"720\" data-attachment-id=\"27943\" data-permalink=\"https:\/\/historiografija.hr\/?attachment_id=27943\" data-orig-file=\"https:\/\/i0.wp.com\/historiografija.hr\/wp-content\/uploads\/2021\/10\/Berlin.png?fit=509%2C720&amp;ssl=1\" data-orig-size=\"509,720\" data-comments-opened=\"1\" data-image-meta=\"{&quot;aperture&quot;:&quot;0&quot;,&quot;credit&quot;:&quot;&quot;,&quot;camera&quot;:&quot;&quot;,&quot;caption&quot;:&quot;&quot;,&quot;created_timestamp&quot;:&quot;0&quot;,&quot;copyright&quot;:&quot;&quot;,&quot;focal_length&quot;:&quot;0&quot;,&quot;iso&quot;:&quot;0&quot;,&quot;shutter_speed&quot;:&quot;0&quot;,&quot;title&quot;:&quot;&quot;,&quot;orientation&quot;:&quot;0&quot;}\" data-image-title=\"Berlin\" data-image-description=\"\" data-image-caption=\"\" data-large-file=\"https:\/\/i0.wp.com\/historiografija.hr\/wp-content\/uploads\/2021\/10\/Berlin.png?fit=509%2C720&amp;ssl=1\" src=\"https:\/\/i0.wp.com\/historiografija.hr\/wp-content\/uploads\/2021\/10\/Berlin.png?resize=509%2C720&#038;ssl=1\" alt=\"\" class=\"wp-image-27943\" srcset=\"https:\/\/i0.wp.com\/historiografija.hr\/wp-content\/uploads\/2021\/10\/Berlin.png?w=509&amp;ssl=1 509w, https:\/\/i0.wp.com\/historiografija.hr\/wp-content\/uploads\/2021\/10\/Berlin.png?resize=212%2C300&amp;ssl=1 212w\" sizes=\"auto, (max-width: 509px) 100vw, 509px\" \/><\/figure>\n\n\n\n<hr class=\"wp-block-separator\"\/>\n\n\n\n<p><strong>Konferencija histori\u010dara iz Njema\u010dke, Bosne i Hercegovine, Srbije i Hrvatske<\/strong><\/p>\n\n\n\n<p><a href=\"https:\/\/historiografija.ba\/article.php?id=743\">https:\/\/historiografija.ba\/article.php?id=743<\/a><\/p>\n\n\n\n<hr class=\"wp-block-separator\"\/>\n\n\n\n<p><strong><em>Connections. A Journal for Historians and Area Specialists<\/em><\/strong><\/p>\n\n\n\n<p>Conference Report \/ Tagungsbericht<\/p>\n\n\n\n<p><a href=\"https:\/\/www.connections.clio-online.net\/conferencereport\/id\/tagungsberichte-9282?title=round-table-umrezene-historiografije-u-jugoistocnoj-europi-i-njemackoj-networked-historiographies-in-southeast-europe-and-germany-vernetzte-historiographien-in-suedosteuropa-und-deutschland\">https:\/\/www.connections.clio-online.net\/conferencereport\/id\/tagungsberichte-9282?title=round-table-umrezene-historiografije-u-jugoistocnoj-europi-i-njemackoj-networked-historiographies-in-southeast-europe-and-germany-vernetzte-historiographien-in-suedosteuropa-und-deutschland<\/a><\/p>\n\n\n\n<p>(Lucija Bak\u0161i\u0107)<\/p>\n\n\n\n<hr class=\"wp-block-separator\"\/>\n\n\n\n<p><\/p>\n","protected":false},"excerpt":{"rendered":"","protected":false},"author":2,"featured_media":27943,"comment_status":"open","ping_status":"open","sticky":false,"template":"","format":"standard","meta":{"_acf_changed":false,"jetpack_post_was_ever_published":false,"_jetpack_newsletter_access":"","_jetpack_dont_email_post_to_subs":false,"_jetpack_newsletter_tier_id":0,"_jetpack_memberships_contains_paywalled_content":false,"_jetpack_memberships_contains_paid_content":false,"footnotes":"","jetpack_publicize_message":"","jetpack_publicize_feature_enabled":true,"jetpack_social_post_already_shared":true,"jetpack_social_options":{"image_generator_settings":{"template":"highway","default_image_id":0,"font":"","enabled":false},"version":2}},"categories":[3,9],"tags":[],"class_list":["post-27942","post","type-post","status-publish","format-standard","has-post-thumbnail","hentry","category-novosti","category-skupovi"],"acf":{"facebook_opis":""},"jetpack_publicize_connections":[],"jetpack_featured_media_url":"https:\/\/i0.wp.com\/historiografija.hr\/wp-content\/uploads\/2021\/10\/Berlin.png?fit=509%2C720&ssl=1","jetpack_sharing_enabled":true,"jetpack-related-posts":[],"_links":{"self":[{"href":"https:\/\/historiografija.hr\/index.php?rest_route=\/wp\/v2\/posts\/27942","targetHints":{"allow":["GET"]}}],"collection":[{"href":"https:\/\/historiografija.hr\/index.php?rest_route=\/wp\/v2\/posts"}],"about":[{"href":"https:\/\/historiografija.hr\/index.php?rest_route=\/wp\/v2\/types\/post"}],"author":[{"embeddable":true,"href":"https:\/\/historiografija.hr\/index.php?rest_route=\/wp\/v2\/users\/2"}],"replies":[{"embeddable":true,"href":"https:\/\/historiografija.hr\/index.php?rest_route=%2Fwp%2Fv2%2Fcomments&post=27942"}],"version-history":[{"count":4,"href":"https:\/\/historiografija.hr\/index.php?rest_route=\/wp\/v2\/posts\/27942\/revisions"}],"predecessor-version":[{"id":29357,"href":"https:\/\/historiografija.hr\/index.php?rest_route=\/wp\/v2\/posts\/27942\/revisions\/29357"}],"wp:featuredmedia":[{"embeddable":true,"href":"https:\/\/historiografija.hr\/index.php?rest_route=\/wp\/v2\/media\/27943"}],"wp:attachment":[{"href":"https:\/\/historiografija.hr\/index.php?rest_route=%2Fwp%2Fv2%2Fmedia&parent=27942"}],"wp:term":[{"taxonomy":"category","embeddable":true,"href":"https:\/\/historiografija.hr\/index.php?rest_route=%2Fwp%2Fv2%2Fcategories&post=27942"},{"taxonomy":"post_tag","embeddable":true,"href":"https:\/\/historiografija.hr\/index.php?rest_route=%2Fwp%2Fv2%2Ftags&post=27942"}],"curies":[{"name":"wp","href":"https:\/\/api.w.org\/{rel}","templated":true}]}}