{"id":27938,"date":"2021-10-22T20:00:32","date_gmt":"2021-10-22T20:00:32","guid":{"rendered":"http:\/\/historiografija.hr\/?p=27938"},"modified":"2021-10-22T20:00:53","modified_gmt":"2021-10-22T20:00:53","slug":"breaking-down-bipolarity-yugoslavias-foreign-relations-during-the-cold-war","status":"publish","type":"post","link":"https:\/\/historiografija.hr\/?p=27938","title":{"rendered":"Breaking Down Bipolarity: Yugoslavia&#8217;s Foreign Relations during the Cold War"},"content":{"rendered":"\n<p>Edited by Martin Previ\u0161i\u0107<\/p>\n\n\n\n<hr class=\"wp-block-separator\"\/>\n\n\n\n<p>Volume 11 in the series <em>Rethinking the Cold War<\/em><\/p>\n\n\n\n<hr class=\"wp-block-separator\"\/>\n\n\n\n<p><strong>About this book<\/strong><\/p>\n\n\n\n<p>This book is aimed at presenting fresh views, interpretations, and reinterpretations of some already researched issues relating to the Yugoslav foreign policy and international relations up to year 1991. Yugoslavia positioned itself as a communist state that was not under the heel of the Soviet diplomacy and policy and as such was perceived by the West as an acceptable partner and useful tool in counteracting the Soviet influence.<\/p>\n\n\n\n<hr class=\"wp-block-separator\"\/>\n\n\n\n<p><strong>Author information<\/strong><\/p>\n\n\n\n<p>Martin Previ\u0161i\u0107, University of Zagreb, Croatia.<\/p>\n\n\n\n<hr class=\"wp-block-separator\"\/>\n\n\n\n<p><strong>Contents<\/strong><\/p>\n\n\n\n<p>Socialist Yugoslavia: A Cold War Crossroads<\/p>\n\n\n\n<p>Martin Previ\u0161i\u0107<\/p>\n\n\n\n<hr class=\"wp-block-separator\"\/>\n\n\n\n<p>Soviet Perceptions and Evaluations of Yugoslav Domestic and Foreign Policy during the Years of the Soviet-Yugoslav Conflict<\/p>\n\n\n\n<p>Anatolii Anikeev<\/p>\n\n\n\n<hr class=\"wp-block-separator\"\/>\n\n\n\n<p>A Cold War in the Neighbourhood: Yugoslav-Albanian Relations after World War II<\/p>\n\n\n\n<p>Jurij Hadalin<\/p>\n\n\n\n<hr class=\"wp-block-separator\"\/>\n\n\n\n<p>Coping with the Regional Cold War: The Yugoslav-Greek Connection, 1944\u20131980<\/p>\n\n\n\n<p>Evanthis Hatzivassiliou<\/p>\n\n\n\n<hr class=\"wp-block-separator\"\/>\n\n\n\n<p>Shaping Afro-Asia and Non-Alignment: The Sino-Yugoslav Struggle for Leadership in the Third World during the 1950s and 1960s<\/p>\n\n\n\n<p>Jovan \u010cavo\u0161ki<\/p>\n\n\n\n<hr class=\"wp-block-separator\"\/>\n\n\n\n<p>In the Shadow of Transition: U.S.-Yugoslav Relations, 1966 to 1980<\/p>\n\n\n\n<p>Robert Niebuhr<\/p>\n\n\n\n<hr class=\"wp-block-separator\"\/>\n\n\n\n<p>In the Aftermath of the Prague Spring: Yugoslavia and Czechoslovakia 1969\u20131973<\/p>\n\n\n\n<p>Jan Pelik\u00e1n and Ond\u0159ej Vojt\u011bchovsk\u00fd<\/p>\n\n\n\n<hr class=\"wp-block-separator\"\/>\n\n\n\n<p>Austria and Yugoslavia in the Cold War, 1945\u20131991: From Postwar Cold War to D\u00e9tente and Dissolution<\/p>\n\n\n\n<p>Maximilian Graf and Petra Mayrhofer<\/p>\n\n\n\n<hr class=\"wp-block-separator\"\/>\n\n\n\n<p>The Adriatic Section of the Iron Curtain: Italy, Yugoslavia, and the Question of Trieste during the Cold War<\/p>\n\n\n\n<p>Massimo Bucarelli<\/p>\n\n\n\n<hr class=\"wp-block-separator\"\/>\n\n\n\n<p>The Path to Interregional Cooperation in Cold War Europe: The Alps-Adriatic Region<\/p>\n\n\n\n<p>Karlo Ruzicic-Kessler<\/p>\n\n\n\n<hr class=\"wp-block-separator\"\/>\n\n\n\n<p>In Search of Modus Vivendi: Yugoslavia and the Holy See 1963\u20131971<\/p>\n\n\n\n<p>Petar Dragi\u0161i\u0107<\/p>\n\n\n\n<hr class=\"wp-block-separator\"\/>\n\n\n\n<p>Cooperation despite Stark Scepticism: The European Economic Community and Socialist Yugoslavia in the 1970s<\/p>\n\n\n\n<p>Branislav Radelji\u0107<\/p>\n\n\n\n<hr class=\"wp-block-separator\"\/>\n\n\n\n<p>A Failed Transition: Ante Markovi\u0107, the European Commission, and the End of the Cold War (1989\u20131990)<\/p>\n\n\n\n<p>Benedetto Zaccaria<\/p>\n\n\n\n<hr class=\"wp-block-separator\"\/>\n\n\n\n<p>Yugoslavia in the Cold War: Afterword<\/p>\n\n\n\n<p>Norman M. Naimark<\/p>\n\n\n\n<hr class=\"wp-block-separator\"\/>\n\n\n\n<p>Notes on Contributors<\/p>\n\n\n\n<hr class=\"wp-block-separator\"\/>\n\n\n\n<p>Name Index<\/p>\n\n\n\n<hr class=\"wp-block-separator\"\/>\n\n\n\n<p>&nbsp;&nbsp; Language: English<\/p>\n\n\n\n<p>&nbsp;&nbsp; Publisher: De Gruyter Oldenbourg<\/p>\n\n\n\n<p>&nbsp;&nbsp; Copyright year: 2021<\/p>\n\n\n\n<p>&nbsp;&nbsp; Pages<\/p>\n\n\n\n<p>&nbsp;&nbsp;&nbsp;&nbsp;&nbsp;&nbsp;&nbsp; Front matter: 11<\/p>\n\n\n\n<p>\u00a0\u00a0\u00a0\u00a0\u00a0\u00a0\u00a0 Main content: 286<\/p>\n\n\n\n<hr class=\"wp-block-separator\"\/>\n\n\n\n<p><a href=\"https:\/\/www.degruyter.com\/document\/doi\/10.1515\/9783110658972\/html\">https:\/\/www.degruyter.com\/document\/doi\/10.1515\/9783110658972\/html<\/a><\/p>\n\n\n\n<hr class=\"wp-block-separator\"\/>\n","protected":false},"excerpt":{"rendered":"","protected":false},"author":2,"featured_media":27939,"comment_status":"open","ping_status":"open","sticky":false,"template":"","format":"standard","meta":{"_acf_changed":false,"jetpack_post_was_ever_published":false,"_jetpack_newsletter_access":"","_jetpack_dont_email_post_to_subs":false,"_jetpack_newsletter_tier_id":0,"_jetpack_memberships_contains_paywalled_content":false,"_jetpack_memberships_contains_paid_content":false,"footnotes":"","jetpack_publicize_message":"","jetpack_publicize_feature_enabled":true,"jetpack_social_post_already_shared":true,"jetpack_social_options":{"image_generator_settings":{"template":"highway","default_image_id":0,"font":"","enabled":false},"version":2}},"categories":[8,3],"tags":[],"class_list":["post-27938","post","type-post","status-publish","format-standard","has-post-thumbnail","hentry","category-knjige","category-novosti"],"acf":{"facebook_opis":""},"jetpack_publicize_connections":[],"jetpack_featured_media_url":"https:\/\/i0.wp.com\/historiografija.hr\/wp-content\/uploads\/2021\/10\/Bipolarity.jpg?fit=200%2C297&ssl=1","jetpack_sharing_enabled":true,"jetpack-related-posts":[],"_links":{"self":[{"href":"https:\/\/historiografija.hr\/index.php?rest_route=\/wp\/v2\/posts\/27938","targetHints":{"allow":["GET"]}}],"collection":[{"href":"https:\/\/historiografija.hr\/index.php?rest_route=\/wp\/v2\/posts"}],"about":[{"href":"https:\/\/historiografija.hr\/index.php?rest_route=\/wp\/v2\/types\/post"}],"author":[{"embeddable":true,"href":"https:\/\/historiografija.hr\/index.php?rest_route=\/wp\/v2\/users\/2"}],"replies":[{"embeddable":true,"href":"https:\/\/historiografija.hr\/index.php?rest_route=%2Fwp%2Fv2%2Fcomments&post=27938"}],"version-history":[{"count":2,"href":"https:\/\/historiografija.hr\/index.php?rest_route=\/wp\/v2\/posts\/27938\/revisions"}],"predecessor-version":[{"id":27941,"href":"https:\/\/historiografija.hr\/index.php?rest_route=\/wp\/v2\/posts\/27938\/revisions\/27941"}],"wp:featuredmedia":[{"embeddable":true,"href":"https:\/\/historiografija.hr\/index.php?rest_route=\/wp\/v2\/media\/27939"}],"wp:attachment":[{"href":"https:\/\/historiografija.hr\/index.php?rest_route=%2Fwp%2Fv2%2Fmedia&parent=27938"}],"wp:term":[{"taxonomy":"category","embeddable":true,"href":"https:\/\/historiografija.hr\/index.php?rest_route=%2Fwp%2Fv2%2Fcategories&post=27938"},{"taxonomy":"post_tag","embeddable":true,"href":"https:\/\/historiografija.hr\/index.php?rest_route=%2Fwp%2Fv2%2Ftags&post=27938"}],"curies":[{"name":"wp","href":"https:\/\/api.w.org\/{rel}","templated":true}]}}