{"id":27916,"date":"2021-10-21T07:23:50","date_gmt":"2021-10-21T07:23:50","guid":{"rendered":"http:\/\/historiografija.hr\/?p=27916"},"modified":"2021-10-21T07:38:39","modified_gmt":"2021-10-21T07:38:39","slug":"prikazivanje-filma-oktobar-u-parizu-1962","status":"publish","type":"post","link":"https:\/\/historiografija.hr\/?p=27916","title":{"rendered":"Prikazivanje filma \u201cOktobar u Parizu\u201d (1962)"},"content":{"rendered":"\n<p>Iako razvijene zemlje Zapada vole u\u017eivati u samoodr\u017eavaju\u0107em mitu vlastite progresivnosti i slobode, mnogo je poglavlja i grijeha iz pro\u0161losti koje bi radije zatrpale. No filmski medij ima sna\u017ean potencijal, pa i mo\u017eda naj\u017eivopisniji me\u0111u svima, da svijetu ne dozvoli zaborav. Stoga ovomjese\u010dno izdanje programa&nbsp;<em>Hall of Fame \u2013 vodi\u010d kroz povijest dokumentarnog filma&nbsp;<\/em>posve\u0107ujemo jednom zastra\u0161uju\u0107em listopadu iz europske povijesti i kultnom dokumentarcu koji je bio nedostupan javnosti zbog cenzure<em> Oktobar u Parizu<\/em> iz 1962. filmskog scenarista i redatelja Jacquesa Panijela. Na programu je <strong>u \u010detvrtak 21. listopada<\/strong> u 19 sati (Dokukino KIC, Preradovi\u0107eva 5, Zagreb).<\/p>\n\n\n\n<p>Panijelov unikatni povijesni dokument vra\u0107a nas u Pariz na po\u010detku \u201960-ih godina, u vrijeme velikih tenzija, pri kraju Al\u017eirskog rata za dekolonizaciju i nezavisnost, kada policija uvodi policijski sat koji je usmjeren isklju\u010divo na al\u017eirske muslimane u Francuskoj. Mjera odmah izaziva reakciju; gotovo trideset tisu\u0107a Al\u017eiraca u no\u0107i 17. listopada 1961. okuplja se u organizaciji Fronte narodnog oslobo\u0111enja i mar\u0161ira Parizom za svoje pravo na jednakost. Mirna demonstracija zavr\u0161ava krvavo, s naredbom prefekta pari\u0161ke policije Mauricea Papona (kasnije osu\u0111enog za zlo\u010dine protiv \u010dovje\u010dnosti) da se al\u017eirski duh slomi nasilnim sredstvima, \u0161to dovodi do tzv. Pari\u0161kog masakra. Uvodnu rije\u010d u film odr\u017eat \u0107e novinar i biv\u0161i Veleposlanik RH u Al\u017eiru <strong>Mirko Bolfek<\/strong>.<\/p>\n\n\n\n<hr class=\"wp-block-separator\"\/>\n\n\n\n<p><strong>Hall of Fame: Oktobar u Parizu<\/strong><\/p>\n\n\n\n<p>Octobre \u00e0 Paris \/ re\u017eija: Jacques Panijel \/ Francuska \/ 1962. \/ 70&#8242;<\/p>\n\n\n\n<p>jezik: francuski, arapski, titlovi: engleski<\/p>\n\n\n\n<p>Dana 5. listopada 1961., prefekt pari\u0161ke policije Maurice Papon uveo je diskriminatorni policijski sat, usmjeren isklju\u010divo na sve al\u017eirske muslimane u Francuskoj. Ova mjera odmah izaziva reakciju. U ve\u010dernjim satima 17. listopada, u obliku velikih mirnih demonstracija u organizaciji FLN-a (Fronta narodnog oslobo\u0111enja), gotovo trideset tisu\u0107a Al\u017eiraca mar\u0161iralo je Parizom podsje\u0107aju\u0107i na svoje pravo na jednakost i neovisnost svoje zemlje. Uslijedila je \u017eestoka represija, dugo godina skrivena od pogleda javnosti. Nakon 17. listopada, kolektiv okupljen oko Audinova odbora i Manifesta 121-og shvatio je potrebu bilje\u017eenja svjedo\u010danstava pre\u017eivjelih. Jedan od \u010delnika odbora, povjesni\u010dar Pierre Vidal Naquet tada prihva\u0107a ideju Jacquesa Panijela o snimanju filmskog testamenta u tajnosti. Isprva zabranjen, tek 1973., nakon \u0161trajka gla\u0111u filma\u0161a i biv\u0161eg borca pokreta \u200b\u200botpora Ren\u00e9a Vautiera zbog filmske cenzure, <em>Oktobar u Parizu<\/em> kona\u010dno je prikazan u Francuskoj. Ovaj unikatan i iznimno vrijedan povijesni dokument snimljen je u nesigurnim materijalnim okolnostima i posve\u0107en je borbi za nacionalno oslobo\u0111enje od kolonijalizma. Pari\u0161ki masakr iz 1961. jo\u0161 uvijek je kontroverzan i potiskivan u francuskoj javnosti, a francuska vlada prikriva stvarni broj \u017ertava i razmjere prakse mu\u010denja u francuskoj vojsci i policiji tijekom Al\u017eirskog rata za neovisnost (1954. \u2013 1962.).<\/p>\n\n\n\n<p>Hall of Fame \u2013 vodi\u010d kroz povijest dokumentarnog filma serija je predstavljanja najzna\u010dajnijih dokumentaraca koji su svojim inovativnim pristupom utjecali na razvoj dokumentarizma. Novu sezonu programa Hall of Fame posve\u0107ujemo filmskim pobunama i politi\u010dki anga\u017eiranom dokumentarnom filmu. Uvodnu rije\u010d u film odr\u017eat \u0107e novinar i biv\u0161i Veleposlanik RH u Al\u017eiru <strong>Mirko Bolfek<\/strong>.<\/p>\n\n\n\n<hr class=\"wp-block-separator\"\/>\n\n\n\n<p>Izvor:<\/p>\n\n\n\n<figure class=\"wp-block-embed-wordpress wp-block-embed is-type-wp-embed is-provider-dokukino-kic-kino-sa-stavom\"><div class=\"wp-block-embed__wrapper\">\n<blockquote class=\"wp-embedded-content\" data-secret=\"aaDJwbWZrj\"><a href=\"https:\/\/dokukino.net\/novosti\/kultni-dokumentarac-o-nasilnom-oktobru-u-gradu-ljubavi\/\">Kultni dokumentarac o nasilnom oktobru u gradu ljubavi<\/a><\/blockquote><iframe loading=\"lazy\" class=\"wp-embedded-content\" sandbox=\"allow-scripts\" security=\"restricted\" style=\"position: absolute; clip: rect(1px, 1px, 1px, 1px);\" title=\"&#8220;Kultni dokumentarac o nasilnom oktobru u gradu ljubavi&#8221; &#8212; Dokukino KIC - Kino sa stavom\" src=\"https:\/\/dokukino.net\/novosti\/kultni-dokumentarac-o-nasilnom-oktobru-u-gradu-ljubavi\/embed\/#?secret=aaDJwbWZrj\" data-secret=\"aaDJwbWZrj\" width=\"600\" height=\"338\" frameborder=\"0\" marginwidth=\"0\" marginheight=\"0\" scrolling=\"no\"><\/iframe>\n<\/div><\/figure>\n\n\n\n<figure class=\"wp-block-embed-wordpress wp-block-embed is-type-wp-embed is-provider-dokukino-kic-kino-sa-stavom\"><div class=\"wp-block-embed__wrapper\">\n<blockquote class=\"wp-embedded-content\" data-secret=\"OWUv5EVphz\"><a href=\"https:\/\/dokukino.net\/film\/hall-of-fame-oktobar-u-parizu\/\">Hall of Fame: Oktobar u Parizu<\/a><\/blockquote><iframe loading=\"lazy\" class=\"wp-embedded-content\" sandbox=\"allow-scripts\" security=\"restricted\" style=\"position: absolute; clip: rect(1px, 1px, 1px, 1px);\" title=\"&#8220;Hall of Fame: Oktobar u Parizu&#8221; &#8212; Dokukino KIC - Kino sa stavom\" src=\"https:\/\/dokukino.net\/film\/hall-of-fame-oktobar-u-parizu\/embed\/#?secret=OWUv5EVphz\" data-secret=\"OWUv5EVphz\" width=\"600\" height=\"338\" frameborder=\"0\" marginwidth=\"0\" marginheight=\"0\" scrolling=\"no\"><\/iframe>\n<\/div><\/figure>\n","protected":false},"excerpt":{"rendered":"","protected":false},"author":2,"featured_media":27917,"comment_status":"open","ping_status":"open","sticky":false,"template":"","format":"standard","meta":{"_acf_changed":false,"jetpack_post_was_ever_published":false,"_jetpack_newsletter_access":"","_jetpack_dont_email_post_to_subs":false,"_jetpack_newsletter_tier_id":0,"_jetpack_memberships_contains_paywalled_content":false,"_jetpack_memberships_contains_paid_content":false,"footnotes":"","jetpack_publicize_message":"","jetpack_publicize_feature_enabled":true,"jetpack_social_post_already_shared":true,"jetpack_social_options":{"image_generator_settings":{"template":"highway","default_image_id":0,"font":"","enabled":false},"version":2}},"categories":[13,3],"tags":[],"class_list":["post-27916","post","type-post","status-publish","format-standard","has-post-thumbnail","hentry","category-filmovi-i-serije","category-novosti"],"acf":{"facebook_opis":""},"jetpack_publicize_connections":[],"jetpack_featured_media_url":"https:\/\/i0.wp.com\/historiografija.hr\/wp-content\/uploads\/2021\/10\/Octobre-a-Paris.jpg?fit=300%2C450&ssl=1","jetpack_sharing_enabled":true,"jetpack-related-posts":[],"_links":{"self":[{"href":"https:\/\/historiografija.hr\/index.php?rest_route=\/wp\/v2\/posts\/27916","targetHints":{"allow":["GET"]}}],"collection":[{"href":"https:\/\/historiografija.hr\/index.php?rest_route=\/wp\/v2\/posts"}],"about":[{"href":"https:\/\/historiografija.hr\/index.php?rest_route=\/wp\/v2\/types\/post"}],"author":[{"embeddable":true,"href":"https:\/\/historiografija.hr\/index.php?rest_route=\/wp\/v2\/users\/2"}],"replies":[{"embeddable":true,"href":"https:\/\/historiografija.hr\/index.php?rest_route=%2Fwp%2Fv2%2Fcomments&post=27916"}],"version-history":[{"count":3,"href":"https:\/\/historiografija.hr\/index.php?rest_route=\/wp\/v2\/posts\/27916\/revisions"}],"predecessor-version":[{"id":27924,"href":"https:\/\/historiografija.hr\/index.php?rest_route=\/wp\/v2\/posts\/27916\/revisions\/27924"}],"wp:featuredmedia":[{"embeddable":true,"href":"https:\/\/historiografija.hr\/index.php?rest_route=\/wp\/v2\/media\/27917"}],"wp:attachment":[{"href":"https:\/\/historiografija.hr\/index.php?rest_route=%2Fwp%2Fv2%2Fmedia&parent=27916"}],"wp:term":[{"taxonomy":"category","embeddable":true,"href":"https:\/\/historiografija.hr\/index.php?rest_route=%2Fwp%2Fv2%2Fcategories&post=27916"},{"taxonomy":"post_tag","embeddable":true,"href":"https:\/\/historiografija.hr\/index.php?rest_route=%2Fwp%2Fv2%2Ftags&post=27916"}],"curies":[{"name":"wp","href":"https:\/\/api.w.org\/{rel}","templated":true}]}}