{"id":27901,"date":"2021-10-21T06:33:30","date_gmt":"2021-10-21T06:33:30","guid":{"rendered":"http:\/\/historiografija.hr\/?p=27901"},"modified":"2021-10-21T06:33:30","modified_gmt":"2021-10-21T06:33:30","slug":"projekcija-kratkog-filma-srednjovjekovna-fortifikacijska-arhitektura-branic-kule","status":"publish","type":"post","link":"https:\/\/historiografija.hr\/?p=27901","title":{"rendered":"Projekcija kratkog filma &#8216;Srednjovjekovna fortifikacijska arhitektura \u2013 brani\u010d kule&#8217;"},"content":{"rendered":"\n<p>Projekcija kratkog filma <strong>&#8216;Srednjovjekovna fortifikacijska arhitektura \u2013 brani\u010d kule&#8217;<\/strong> odr\u017eat \u0107e se u \u010detvrtak, 21. listopada 2021. s po\u010detkom u 12 sati, u Arheolo\u0161kom muzeju Osijek, a u povodu Dana europske ba\u0161tine.<\/p>\n\n\n\n<p><br>Autori filma:<br>Ratko Ivanu\u0161ec, dipl.pov.umjetnosti i povijesti- konzervator za nepokretna kulturna dobra<br>Konzervatorski odjel Slavonski Brod<br>dr.sc. Zorislav Horvat, dipl.ing.arh.- vanjski suradnik<\/p>\n\n\n\n<p><strong>url:<\/strong>\u00a0<a rel=\"noreferrer noopener\" href=\"https:\/\/www.facebook.com\/arheoloskiosijek\/\" target=\"_blank\">https:\/\/www.facebook.com\/arheoloskiosijek\/<\/a><\/p>\n\n\n\n<hr class=\"wp-block-separator\"\/>\n\n\n\n<p>Izvor:<\/p>\n\n\n\n<p><a href=\"https:\/\/www.mdc.hr\/\">https:\/\/www.mdc.hr\/<\/a><\/p>\n\n\n\n<hr class=\"wp-block-separator\"\/>\n","protected":false},"excerpt":{"rendered":"","protected":false},"author":2,"featured_media":27902,"comment_status":"open","ping_status":"open","sticky":false,"template":"","format":"standard","meta":{"_acf_changed":false,"jetpack_post_was_ever_published":false,"_jetpack_newsletter_access":"","_jetpack_dont_email_post_to_subs":false,"_jetpack_newsletter_tier_id":0,"_jetpack_memberships_contains_paywalled_content":false,"_jetpack_memberships_contains_paid_content":false,"footnotes":"","jetpack_publicize_message":"","jetpack_publicize_feature_enabled":true,"jetpack_social_post_already_shared":true,"jetpack_social_options":{"image_generator_settings":{"template":"highway","default_image_id":0,"font":"","enabled":false},"version":2}},"categories":[13,3],"tags":[],"class_list":["post-27901","post","type-post","status-publish","format-standard","has-post-thumbnail","hentry","category-filmovi-i-serije","category-novosti"],"acf":{"facebook_opis":""},"jetpack_publicize_connections":[],"jetpack_featured_media_url":"https:\/\/i0.wp.com\/historiografija.hr\/wp-content\/uploads\/2021\/10\/kula.jpg?fit=843%2C1124&ssl=1","jetpack_sharing_enabled":true,"jetpack-related-posts":[],"_links":{"self":[{"href":"https:\/\/historiografija.hr\/index.php?rest_route=\/wp\/v2\/posts\/27901","targetHints":{"allow":["GET"]}}],"collection":[{"href":"https:\/\/historiografija.hr\/index.php?rest_route=\/wp\/v2\/posts"}],"about":[{"href":"https:\/\/historiografija.hr\/index.php?rest_route=\/wp\/v2\/types\/post"}],"author":[{"embeddable":true,"href":"https:\/\/historiografija.hr\/index.php?rest_route=\/wp\/v2\/users\/2"}],"replies":[{"embeddable":true,"href":"https:\/\/historiografija.hr\/index.php?rest_route=%2Fwp%2Fv2%2Fcomments&post=27901"}],"version-history":[{"count":1,"href":"https:\/\/historiografija.hr\/index.php?rest_route=\/wp\/v2\/posts\/27901\/revisions"}],"predecessor-version":[{"id":27903,"href":"https:\/\/historiografija.hr\/index.php?rest_route=\/wp\/v2\/posts\/27901\/revisions\/27903"}],"wp:featuredmedia":[{"embeddable":true,"href":"https:\/\/historiografija.hr\/index.php?rest_route=\/wp\/v2\/media\/27902"}],"wp:attachment":[{"href":"https:\/\/historiografija.hr\/index.php?rest_route=%2Fwp%2Fv2%2Fmedia&parent=27901"}],"wp:term":[{"taxonomy":"category","embeddable":true,"href":"https:\/\/historiografija.hr\/index.php?rest_route=%2Fwp%2Fv2%2Fcategories&post=27901"},{"taxonomy":"post_tag","embeddable":true,"href":"https:\/\/historiografija.hr\/index.php?rest_route=%2Fwp%2Fv2%2Ftags&post=27901"}],"curies":[{"name":"wp","href":"https:\/\/api.w.org\/{rel}","templated":true}]}}