{"id":27898,"date":"2021-10-21T06:31:56","date_gmt":"2021-10-21T06:31:56","guid":{"rendered":"http:\/\/historiografija.hr\/?p=27898"},"modified":"2021-10-21T06:31:56","modified_gmt":"2021-10-21T06:31:56","slug":"izlozba-utvrda-nutjak-proslost-sadasnjost-i-buducnost","status":"publish","type":"post","link":"https:\/\/historiografija.hr\/?p=27898","title":{"rendered":"Izlo\u017eba \u201cUtvrda Nutjak \u2013 pro\u0161lost, sada\u0161njost i budu\u0107nost\u201d"},"content":{"rendered":"\n<p>Zadovoljstvo nam je pozvati Vas na otvorenje izlo\u017ebe koje \u0107e se uprili\u010diti u Muzeju triljskog kraja 21. listopada 2021. u 18 sati.<\/p>\n\n\n\n<p>Izlo\u017eba \u201eUtvrda Nutjak \u2013 pro\u0161lost, sada\u0161njost i budu\u0107nost\u201c prezentira rezultate arheolo\u0161kih istra\u017eivanja koja je Muzej triljskog kraja provodio u nekoliko kampanja od 2009. do 2011. godine, a koji \u0107e po prvi put biti predstavljeni \u0161iroj javnosti. Uz izlo\u017ebu \u0107e biti predstavljen i istoimeni katalog.<\/p>\n\n\n\n<p>Utvrda Nutjak smje\u0161tena je na litici iznad kanjona rijeke Cetine kod Trilja, a izgradio ju je polji\u010dki knez \u017darko Dra\u017eojevi\u0107 krajem 15. stolje\u0107a. Danas je za\u0161ti\u0107eno kulturno dobro Republike Hrvatske upisano u Registar.<\/p>\n\n\n\n<p>Koncepcija izlo\u017ebe sadr\u017ei tri tematske cjeline koje premo\u0161\u0107uju prostorni i vremenski razmak izme\u0111u primarnog i sekundarnog konteksta nalaza, te komuniciraju njegov put od arheolo\u0161kog nalaza do muzejskog predmeta. Naglasak je stavljen i na povijesni zna\u010daj utvrde u vremenu prodora Osmanlija, te njenu ulogu u oblikovanju lokalnih mitova i legendi sa\u010duvanih u narodnoj predaji.<\/p>\n\n\n\n<p>Izlo\u017eba \u0107e ostati otvorena do 21. prosinca 2021. godine.<\/p>\n\n\n\n<p><br>Autorice izlo\u017ebe i kataloga:<\/p>\n\n\n\n<p>Sanja Budi\u0107 Leto, Muzej triljskog kraja<\/p>\n\n\n\n<p>Danijela Petri\u010devi\u0107 Banovi\u0107, Muzej Cetinske krajine \u2013 Sinj<\/p>\n\n\n\n<p>Angela Tabak, Gradski muzej Omi\u0161<\/p>\n\n\n\n<hr class=\"wp-block-separator\"\/>\n\n\n\n<p>Izvor:<\/p>\n\n\n\n<figure class=\"wp-block-embed-wordpress wp-block-embed is-type-wp-embed is-provider-muzej-triljskog-kraja\"><div class=\"wp-block-embed__wrapper\">\n<blockquote class=\"wp-embedded-content\" data-secret=\"3lxuEUgIh7\"><a href=\"https:\/\/muzejtriljskogkraja.hr\/otvorenje-izlozbe-utvrda-nutjak-proslost-sadasnjost-i-buducnost\/\">Otvorenje izlo\u017ebe &#8220;Utvrda Nutjak &#8211; pro\u0161lost, sada\u0161njost i budu\u0107nost&#8221;<\/a><\/blockquote><iframe loading=\"lazy\" class=\"wp-embedded-content\" sandbox=\"allow-scripts\" security=\"restricted\" style=\"position: absolute; clip: rect(1px, 1px, 1px, 1px);\" title=\"&#8220;Otvorenje izlo\u017ebe &#8220;Utvrda Nutjak &#8211; pro\u0161lost, sada\u0161njost i budu\u0107nost&#8221;&#8221; &#8212; Muzej Triljskog Kraja\" src=\"https:\/\/muzejtriljskogkraja.hr\/otvorenje-izlozbe-utvrda-nutjak-proslost-sadasnjost-i-buducnost\/embed\/#?secret=3lxuEUgIh7\" data-secret=\"3lxuEUgIh7\" width=\"600\" height=\"338\" frameborder=\"0\" marginwidth=\"0\" marginheight=\"0\" scrolling=\"no\"><\/iframe>\n<\/div><\/figure>\n\n\n\n<hr class=\"wp-block-separator\"\/>\n","protected":false},"excerpt":{"rendered":"","protected":false},"author":2,"featured_media":27899,"comment_status":"open","ping_status":"open","sticky":false,"template":"","format":"standard","meta":{"_acf_changed":false,"jetpack_post_was_ever_published":false,"_jetpack_newsletter_access":"","_jetpack_dont_email_post_to_subs":false,"_jetpack_newsletter_tier_id":0,"_jetpack_memberships_contains_paywalled_content":false,"_jetpack_memberships_contains_paid_content":false,"footnotes":"","jetpack_publicize_message":"","jetpack_publicize_feature_enabled":true,"jetpack_social_post_already_shared":true,"jetpack_social_options":{"image_generator_settings":{"template":"highway","default_image_id":0,"font":"","enabled":false},"version":2}},"categories":[10,3],"tags":[],"class_list":["post-27898","post","type-post","status-publish","format-standard","has-post-thumbnail","hentry","category-izlozbe","category-novosti"],"acf":{"facebook_opis":""},"jetpack_publicize_connections":[],"jetpack_featured_media_url":"https:\/\/i0.wp.com\/historiografija.hr\/wp-content\/uploads\/2021\/10\/pozivnica-nutjak.png?fit=979%2C984&ssl=1","jetpack_sharing_enabled":true,"jetpack-related-posts":[],"_links":{"self":[{"href":"https:\/\/historiografija.hr\/index.php?rest_route=\/wp\/v2\/posts\/27898","targetHints":{"allow":["GET"]}}],"collection":[{"href":"https:\/\/historiografija.hr\/index.php?rest_route=\/wp\/v2\/posts"}],"about":[{"href":"https:\/\/historiografija.hr\/index.php?rest_route=\/wp\/v2\/types\/post"}],"author":[{"embeddable":true,"href":"https:\/\/historiografija.hr\/index.php?rest_route=\/wp\/v2\/users\/2"}],"replies":[{"embeddable":true,"href":"https:\/\/historiografija.hr\/index.php?rest_route=%2Fwp%2Fv2%2Fcomments&post=27898"}],"version-history":[{"count":1,"href":"https:\/\/historiografija.hr\/index.php?rest_route=\/wp\/v2\/posts\/27898\/revisions"}],"predecessor-version":[{"id":27900,"href":"https:\/\/historiografija.hr\/index.php?rest_route=\/wp\/v2\/posts\/27898\/revisions\/27900"}],"wp:featuredmedia":[{"embeddable":true,"href":"https:\/\/historiografija.hr\/index.php?rest_route=\/wp\/v2\/media\/27899"}],"wp:attachment":[{"href":"https:\/\/historiografija.hr\/index.php?rest_route=%2Fwp%2Fv2%2Fmedia&parent=27898"}],"wp:term":[{"taxonomy":"category","embeddable":true,"href":"https:\/\/historiografija.hr\/index.php?rest_route=%2Fwp%2Fv2%2Fcategories&post=27898"},{"taxonomy":"post_tag","embeddable":true,"href":"https:\/\/historiografija.hr\/index.php?rest_route=%2Fwp%2Fv2%2Ftags&post=27898"}],"curies":[{"name":"wp","href":"https:\/\/api.w.org\/{rel}","templated":true}]}}