{"id":27892,"date":"2021-10-20T13:10:12","date_gmt":"2021-10-20T13:10:12","guid":{"rendered":"http:\/\/historiografija.hr\/?p=27892"},"modified":"2021-10-20T13:10:12","modified_gmt":"2021-10-20T13:10:12","slug":"susret-sjecanja-seminar-za-nastavnike-i-osobe-koje-rade-s-mladima-12-15-11-ljubljana-slovenija-poziv-za-sudionike","status":"publish","type":"post","link":"https:\/\/historiografija.hr\/?p=27892","title":{"rendered":",,Susret sje\u0107anja\u201d: seminar za nastavnike i osobe koje rade s mladima \u2013 12.\/15. 11., Ljubljana, Slovenija \/ Poziv za sudionike"},"content":{"rendered":"\n<p>Me\u0111unarodni seminar <strong>\u201eSusret sje\u0107anja\u201c<\/strong> nudi prostor sudionicima iz cijele Europe za susrete i razgovore <strong>o temama obrazovanja o Holokaustu i kulturi sje\u0107anja, te o njihovim praksama i izazovima<\/strong>. Tijekom seminara polaznici \u0107e nau\u010diti nove formalne i neformalne obrazovne metode, razmjenjivati \u0107e dobre prakse, razvijati nove materijale o tome kako pristupiti temi u \u0161kolama i radu s mladima te \u0107e sura\u0111ivati i umre\u017eavati se na me\u0111unarodnom prostoru.<\/p>\n\n\n\n<p>Seminar \u0107e se organizirati <strong>od 12. do 15. studenog 2021. godine u Ljubljani, Sloveniji.<\/strong><\/p>\n\n\n\n<p>Na seminaru mo\u017eete sudjelovati ako imate vi\u0161e od 18 godina i ako se bavite edukacijom ili radom s mladima, ili imate interes za temu obrazovanja.<\/p>\n\n\n\n<p>Ako \u017eelite saznati vi\u0161e i prijaviti se na seminar, <strong>preuzmite info paket i poziv u prilogu!<\/strong><\/p>\n\n\n\n<p>Projekt je sufinanciran iz programa Europske Unije Europe za gra\u0111ane.<\/p>\n\n\n\n<p>Fotografija: \u201cBlooming Avenue\u201d <a href=\"https:\/\/www.instagram.com\/saldacani\/\">@saldacani<\/a> \/\/ Izvorne fotografije iz: <em>Epoca<\/em>. Sv. 706. Arnoldo Mondadori Editore, 1964. 55. i Muench, David. <em>Desert Springscape<\/em>. U The Desert Realm. National Geographic Society, 1982. str. 64. Talijansko izdanje, 1987.<\/p>\n\n\n\n<hr class=\"wp-block-separator\"\/>\n\n\n\n<p>Izvor i dodatne informacije:<\/p>\n\n\n\n<figure class=\"wp-block-embed-wordpress wp-block-embed is-type-wp-embed is-provider-documenta\"><div class=\"wp-block-embed__wrapper\">\n<blockquote class=\"wp-embedded-content\" data-secret=\"vpVXSw7aCy\"><a href=\"https:\/\/documenta.hr\/novosti\/susret-sjecanja-seminar-za-nastavnike-i-osobe-koje-rade-s-mladima-12-15-11-ljubljana-slovenija-poziv-za-sudionike\/\">,,Susret sje\u0107anja&#8221;: seminar za nastavnike i osobe koje rade s mladima \u2013 12.\/15. 11., Ljubljana, Slovenija \/ Poziv za sudionike<\/a><\/blockquote><iframe loading=\"lazy\" class=\"wp-embedded-content\" sandbox=\"allow-scripts\" security=\"restricted\" style=\"position: absolute; clip: rect(1px, 1px, 1px, 1px);\" title=\"&#8220;,,Susret sje\u0107anja&#8221;: seminar za nastavnike i osobe koje rade s mladima \u2013 12.\/15. 11., Ljubljana, Slovenija \/ Poziv za sudionike&#8221; &#8212; Documenta\" src=\"https:\/\/documenta.hr\/novosti\/susret-sjecanja-seminar-za-nastavnike-i-osobe-koje-rade-s-mladima-12-15-11-ljubljana-slovenija-poziv-za-sudionike\/embed\/#?secret=vpVXSw7aCy\" data-secret=\"vpVXSw7aCy\" width=\"600\" height=\"338\" frameborder=\"0\" marginwidth=\"0\" marginheight=\"0\" scrolling=\"no\"><\/iframe>\n<\/div><\/figure>\n\n\n\n<hr class=\"wp-block-separator\"\/>\n","protected":false},"excerpt":{"rendered":"","protected":false},"author":2,"featured_media":27893,"comment_status":"open","ping_status":"open","sticky":false,"template":"","format":"standard","meta":{"_acf_changed":false,"jetpack_post_was_ever_published":false,"_jetpack_newsletter_access":"","_jetpack_dont_email_post_to_subs":false,"_jetpack_newsletter_tier_id":0,"_jetpack_memberships_contains_paywalled_content":false,"_jetpack_memberships_contains_paid_content":false,"footnotes":"","jetpack_publicize_message":"","jetpack_publicize_feature_enabled":true,"jetpack_social_post_already_shared":true,"jetpack_social_options":{"image_generator_settings":{"template":"highway","default_image_id":0,"font":"","enabled":false},"version":2}},"categories":[3,9],"tags":[],"class_list":["post-27892","post","type-post","status-publish","format-standard","has-post-thumbnail","hentry","category-novosti","category-skupovi"],"acf":{"facebook_opis":""},"jetpack_publicize_connections":[],"jetpack_featured_media_url":"https:\/\/i0.wp.com\/historiografija.hr\/wp-content\/uploads\/2021\/10\/fotka.png?fit=625%2C484&ssl=1","jetpack_sharing_enabled":true,"jetpack-related-posts":[],"_links":{"self":[{"href":"https:\/\/historiografija.hr\/index.php?rest_route=\/wp\/v2\/posts\/27892","targetHints":{"allow":["GET"]}}],"collection":[{"href":"https:\/\/historiografija.hr\/index.php?rest_route=\/wp\/v2\/posts"}],"about":[{"href":"https:\/\/historiografija.hr\/index.php?rest_route=\/wp\/v2\/types\/post"}],"author":[{"embeddable":true,"href":"https:\/\/historiografija.hr\/index.php?rest_route=\/wp\/v2\/users\/2"}],"replies":[{"embeddable":true,"href":"https:\/\/historiografija.hr\/index.php?rest_route=%2Fwp%2Fv2%2Fcomments&post=27892"}],"version-history":[{"count":1,"href":"https:\/\/historiografija.hr\/index.php?rest_route=\/wp\/v2\/posts\/27892\/revisions"}],"predecessor-version":[{"id":27894,"href":"https:\/\/historiografija.hr\/index.php?rest_route=\/wp\/v2\/posts\/27892\/revisions\/27894"}],"wp:featuredmedia":[{"embeddable":true,"href":"https:\/\/historiografija.hr\/index.php?rest_route=\/wp\/v2\/media\/27893"}],"wp:attachment":[{"href":"https:\/\/historiografija.hr\/index.php?rest_route=%2Fwp%2Fv2%2Fmedia&parent=27892"}],"wp:term":[{"taxonomy":"category","embeddable":true,"href":"https:\/\/historiografija.hr\/index.php?rest_route=%2Fwp%2Fv2%2Fcategories&post=27892"},{"taxonomy":"post_tag","embeddable":true,"href":"https:\/\/historiografija.hr\/index.php?rest_route=%2Fwp%2Fv2%2Ftags&post=27892"}],"curies":[{"name":"wp","href":"https:\/\/api.w.org\/{rel}","templated":true}]}}