{"id":27889,"date":"2021-10-20T13:06:12","date_gmt":"2021-10-20T13:06:12","guid":{"rendered":"http:\/\/historiografija.hr\/?p=27889"},"modified":"2021-10-20T13:06:12","modified_gmt":"2021-10-20T13:06:12","slug":"ian-baxter-hitlerovi-logori-smrti-u-okupiranoj-poljskoj","status":"publish","type":"post","link":"https:\/\/historiografija.hr\/?p=27889","title":{"rendered":"Ian Baxter, \u201cHitlerovi logori smrti u okupiranoj Poljskoj\u201d"},"content":{"rendered":"\n<p>Ve\u0107 gotovo 80 godina koncept i razmjeri nacisti\u010dkog programa genocida ostaju neizbrisiva mrlja na ljudskoj vrsti. To je stravi\u010dna stvarnost na koju podsje\u0107a ova knjiga kroz 250 rijetkih fotografija iz ratnih arhiva. Procjenjuje se da je izme\u0111u 1941. i 1945. godine tri i pol milijuna \u017didova i nepoznat broj drugih nearijskih naroda, uklju\u010duju\u0107i sovjetske ratne zarobljenike i Rome, ubijeno u \u0161est koncentracijskih logora podignutih u Poljskoj: Auschwitz-Birkenauu, Belzecu, Chelmnu, Majdaneku, Sobiboru i Treblinki. Koliko god te fotografije bile jezive, dana\u0161nje generacije valja podsje\u0107ati na ne\u010dovje\u010dnost o kojoj svjedo\u010de, ako ni zbog \u010dega drugog onda radi toga da se takvi stravi\u010dni zlo\u010dini vi\u0161e nikad ne ponove. Ova knjiga \u017eeli posti\u0107i upravo to, prikazuju\u0107i povijest tzv. <em>kona\u010dnog rje\u0161enja<\/em> te podizanje logora u sklopu Operacije Reinhard, najsmrtonosnijeg dijela holokausta, pokrenutog na Hitlerov zahtjev da se ubrza <em>kona\u010dno rje\u0161enje \u017eidovskog pitanja<\/em>, \u010dija je jedina svrha bila masovno ubijanje i genocid.<\/p>\n\n\n\n<hr class=\"wp-block-separator\"\/>\n\n\n\n<p>\u201eMnogobrojne izvorne fotografije iscrpno opisuju sve aspekte funkcioniranja nacisti\u010dkih logora smrti u okupiranoj Poljskoj na na\u010din koji je jedinstven \u010dak i u svjetskim razmjerima, pogotovo zbog dijela kori\u0161tenih fotografija koje su otkrivene i znanstveno obra\u0111ene tek u posljednjih nekoliko godina. Njihov redoslijed, legende i prate\u0107i tekst u potpunosti obja\u0161njavaju taj povijesni proces, u skladu s trenutnim znanstvenim spoznajama.\u201c<\/p>\n\n\n\n<p>&#8211; Iz recenzije Gorana Hutinca<\/p>\n\n\n\n<p>\u201eIako Baxter donosi i kra\u0107e tekstualne analize djelovanja najve\u0107ih nacisti\u010dkih logora na podru\u010dju okupirane Poljske \u2013 Auschwitza, Chelmna, Majdaneka, Belzeca, Sobibora i Treblinke \u2013 ono \u0161to ovu knjigu \u010dini posebno zanimljivom je vizualni sadr\u017eaj. Fraza da slika govori vi\u0161e od tisu\u0107u rije\u010di s pravom je potvr\u0111ena u Baxterovoj knjizi. S jedne strane to su fotografije stradanja uglavnom \u017didova, ali i ruskih vojnih zarobljenika, a s druge fotografije bezbri\u017ene, opu\u0161tene pa \u010dak i vesele atmosfere u kakvoj su svoj boravak u spomenutim logorima provodili njema\u010dki oficiri i vojnici. Upravo taj kontrast najbolji je opis one poznate teze Hannah Arendt o \u201ebanalnosti zla\u201d.<\/p>\n\n\n\n<p>&#8211;\u00a0Iz recenzije Hrvoja Klasi\u0107a<\/p>\n\n\n\n<hr class=\"wp-block-separator\"\/>\n\n\n\n<p><strong>O autoru<\/strong><\/p>\n\n\n\n<p>Ian Baxter vojni je povjesni\u010dar specijaliziran za njema\u010dku vojnu povijest 20. stolje\u0107a. Napisao je vi\u0161e od pedeset knjiga, me\u0111u kojima su: Poljska \u2013 osamnaestodnevni pobjedni\u010dki mar\u0161, Panzeri u sjevernoj Africi, Ardenska ofenziva, Zapadna kampanja, Crvena armija u Staljingradu, Elitne njema\u010dke snage u Drugom svjetskom ratu, Oklopnja\u010dko ratovanje, Njema\u010dki ratni tenkovi, Blitzkrieg, Oklopne divizije u ratu, Hitlerovi Panzeri, Njema\u010dka oklopna vozila iz Drugog svjetskog rata, Posljednje dvije godine Waffen-SS-a u ratu, Operacija Bagration \u2013 uni\u0161tenje Grupe armija Centar, Rommel i afri\u010dki korpus, Podmorni\u010dki rat te najnovija \u0160esta armija i put u Staljingrad. Napisao je vi\u0161e od stotinu \u010dlanaka, uklju\u010duju\u0107i \u00bbPosljednji Hitlerovi dani\u00ab, \u00bbVu\u010dja jazbina\u00ab, \u00bbPri\u010da o raketnom programu V1 i V2\u00ab, \u00bbTajna letjelica iz Drugog svjetskog rata\u00ab, \u00bbRommel u Tobruku\u00ab, \u00bbTajni britanski planovi za atentat na Hitlera\u00ab i mnoge druge. Tako\u0111er je za objavljivanje recenzirao brojne vojne studije, pribavio tisu\u0107e fotografija i va\u017enih dokumenata raznim nakladnicima i filmskim kompanijama diljem svijeta kao i dr\u017eao predavanja u raznim \u0161kolama, na koled\u017eima i sveu\u010dili\u0161tima \u0161irom Ujedinjenog Kraljevstva i Republike Irske.<\/p>\n\n\n\n<hr class=\"wp-block-separator\"\/>\n\n\n\n<p>Nakladnik: Naklada Ljevak<\/p>\n\n\n\n<p>Biblioteka: Biblioteka Kultura i civilizacija<\/p>\n\n\n\n<p>Broj stranica: 144<\/p>\n\n\n\n<p>Godina izdanja: 2021<\/p>\n\n\n\n<p>Prevoditelj: Igor Buljan<\/p>\n\n\n\n<hr class=\"wp-block-separator\"\/>\n\n\n\n<p>Izvor: <a href=\"https:\/\/www.ljevak.hr\/publicistika\/27088-hitlerovi-logori-smrti-u-okupiranoj-poljskoj.html\">https:\/\/www.ljevak.hr\/publicistika\/27088-hitlerovi-logori-smrti-u-okupiranoj-poljskoj.html<\/a><\/p>\n\n\n\n<hr class=\"wp-block-separator\"\/>\n","protected":false},"excerpt":{"rendered":"","protected":false},"author":2,"featured_media":27890,"comment_status":"open","ping_status":"open","sticky":false,"template":"","format":"standard","meta":{"_acf_changed":false,"jetpack_post_was_ever_published":false,"_jetpack_newsletter_access":"","_jetpack_dont_email_post_to_subs":false,"_jetpack_newsletter_tier_id":0,"_jetpack_memberships_contains_paywalled_content":false,"_jetpack_memberships_contains_paid_content":false,"footnotes":"","jetpack_publicize_message":"","jetpack_publicize_feature_enabled":true,"jetpack_social_post_already_shared":true,"jetpack_social_options":{"image_generator_settings":{"template":"highway","default_image_id":0,"font":"","enabled":false},"version":2}},"categories":[8,3],"tags":[],"class_list":["post-27889","post","type-post","status-publish","format-standard","has-post-thumbnail","hentry","category-knjige","category-novosti"],"acf":{"facebook_opis":""},"jetpack_publicize_connections":[],"jetpack_featured_media_url":"https:\/\/i0.wp.com\/historiografija.hr\/wp-content\/uploads\/2021\/10\/hitlerovi-logori-smrti.jpg?fit=570%2C678&ssl=1","jetpack_sharing_enabled":true,"jetpack-related-posts":[],"_links":{"self":[{"href":"https:\/\/historiografija.hr\/index.php?rest_route=\/wp\/v2\/posts\/27889","targetHints":{"allow":["GET"]}}],"collection":[{"href":"https:\/\/historiografija.hr\/index.php?rest_route=\/wp\/v2\/posts"}],"about":[{"href":"https:\/\/historiografija.hr\/index.php?rest_route=\/wp\/v2\/types\/post"}],"author":[{"embeddable":true,"href":"https:\/\/historiografija.hr\/index.php?rest_route=\/wp\/v2\/users\/2"}],"replies":[{"embeddable":true,"href":"https:\/\/historiografija.hr\/index.php?rest_route=%2Fwp%2Fv2%2Fcomments&post=27889"}],"version-history":[{"count":1,"href":"https:\/\/historiografija.hr\/index.php?rest_route=\/wp\/v2\/posts\/27889\/revisions"}],"predecessor-version":[{"id":27891,"href":"https:\/\/historiografija.hr\/index.php?rest_route=\/wp\/v2\/posts\/27889\/revisions\/27891"}],"wp:featuredmedia":[{"embeddable":true,"href":"https:\/\/historiografija.hr\/index.php?rest_route=\/wp\/v2\/media\/27890"}],"wp:attachment":[{"href":"https:\/\/historiografija.hr\/index.php?rest_route=%2Fwp%2Fv2%2Fmedia&parent=27889"}],"wp:term":[{"taxonomy":"category","embeddable":true,"href":"https:\/\/historiografija.hr\/index.php?rest_route=%2Fwp%2Fv2%2Fcategories&post=27889"},{"taxonomy":"post_tag","embeddable":true,"href":"https:\/\/historiografija.hr\/index.php?rest_route=%2Fwp%2Fv2%2Ftags&post=27889"}],"curies":[{"name":"wp","href":"https:\/\/api.w.org\/{rel}","templated":true}]}}