{"id":27886,"date":"2021-10-20T12:52:53","date_gmt":"2021-10-20T12:52:53","guid":{"rendered":"http:\/\/historiografija.hr\/?p=27886"},"modified":"2021-10-20T12:52:53","modified_gmt":"2021-10-20T12:52:53","slug":"marie-anne-matard-bonucci-fasisticki-totalitarizam","status":"publish","type":"post","link":"https:\/\/historiografija.hr\/?p=27886","title":{"rendered":"Marie-Anne Matard-Bonucci, &#8220;Fa\u0161isti\u010dki totalitarizam&#8221;"},"content":{"rendered":"\n<p>Fa\u0161isti\u010dki totalitarizam nije bio samo san nego i zbilja koja je promijenila i tijekom dvadesetak godina u\u010destalo potresala \u017eivote stanovnika Italije, Europe i svijeta. Talijanski je re\u017eim osmislio projekt koji je vje\u0161to pronalazio sljedbenike u zemlji, ali i izvan njezinih granica. Povijest tog totalitarizma, koja je po\u010dela jednako kao \u0161to je i zavr\u0161ila \u2012 u lokvama krvi \u2012 povijest je stalnog bje\u017eanja od problema, kolektivnog i pojedina\u010dnog: bje\u017eanja od problema nasiljem i represijom; bje\u017eanja od problema kontrolom mi\u0161ljenja, pona\u0161anja, obi\u010daja, spolnosti, upotrebe jezika i smijeha; bje\u017eanja od problema borbom protiv unutarnjeg neprijatelja, osobito \u017didova kao \u017ertava vrlo stroge politike isklju\u010divanja. Knjiga se bavi razli\u010ditim vidovima fa\u0161isti\u010dkih te\u017enji i postupaka u odnosu prema nasilju, ideologiji i kulturi.<br>Razumjeti fa\u0161izam, smatra autorica, zna\u010di ne ograni\u010diti se samo na doktrinu, nego prou\u010diti cjelokupnu praksu i razvojni karakter re\u017eima gurnutog u radikalizaciju. U sredi\u0161tu toga politi\u010dkog projekta nalazimo \u017eelju za novim utemeljenjem talijanskog dru\u0161tva i preobrazbom pojedinaca, oslobo\u0111enih ideolo\u0161kih obmana koje su proistekle iz kr\u0161\u0107anskog morala i prosvjetiteljstva. Da bi se to postiglo, dopu\u0161tena su sva, \u010dak i ona najekstremnija sredstva, tako da nasilje vi\u0161e nije zabranjeno, nego se naprotiv vrednuje u programu koji \u0107e oblikovati novog \u010dovjeka, odanog fa\u0161izmu. U tom snu, bolje re\u0107i ko\u0161maru, o totalnom preustroju pojedinca i dru\u0161tva te u sredstvima koja su upotrijebljena kako bi se on ostvario, po\u010diva totalitarna dimenzija fa\u0161isti\u010dkog re\u017eima.<\/p>\n\n\n\n<p><br>* * *<\/p>\n\n\n\n<p><br>Marie-Anne Matard-Bonucci predaje suvremenu povijest na Sveu\u010dili\u0161tu u Parizu i aktivna je \u010dlanica nekoliko centara za istra\u017eivanje \u2012 istra\u017eiva\u010dica je u Centru za povijest politi\u010dkih znanosti i supredsjeda GRIC-om (Groupe de recherche sur l&#8217;Italie contemporaine).<br>Njezino istra\u017eivanje povijesti fa\u0161izma na Siciliji rezultiralo je objavljivanjem knjige <em>Histoire de la mafia<\/em>. U suradnji s Marcom Lazarom, tako\u0111er stru\u010dnjakom za suvremenu talijansku politi\u010dku povijest, napisala je knjigu <em>L&#8217;Italie des ann\u00e9es de plomb<\/em>. Matard-Bonucci se bavi i pitanjem antisemitizma tijekom dvadesetog stolje\u0107a u Francuskoj i Italiji, a knjiga <em>L\u2019Italie fasciste et la pers\u00e9cution des juifs<\/em> jedno je od nekoliko njezinih djela s tom tematikom.<br><em>Fa\u0161isti\u010dki totalitarizam<\/em> prva je autori\u010dina knjiga objavljena na hrvatskom jeziku.<\/p>\n\n\n\n<ul class=\"wp-block-list\"><li><strong>ISBN:<\/strong> 978-953-8075-97-1<\/li><li><strong>Dimenzije:<\/strong> 155 x 240 mm<\/li><li><strong>Broj stranica:<\/strong> 288<\/li><li><strong>Uvez:<\/strong> tvrdi<\/li><li><strong>Godina izdanja:<\/strong> 2021.<\/li><li><strong>Naslov izvornika:<\/strong> Totalitarisme fasciste<\/li><li><strong>Jezik izvornika:<\/strong> francuski<\/li><li><strong>Prijevod:<\/strong> Dubravka Celebrini<\/li><\/ul>\n\n\n\n<hr class=\"wp-block-separator\"\/>\n\n\n\n<p>Prelistaj uzorak:<\/p>\n\n\n\n<p><a href=\"https:\/\/tim-press.hr\/hr\/knjige\/fasisticki-totalitarizam\/\">https:\/\/tim-press.hr\/hr\/knjige\/fasisticki-totalitarizam\/<\/a><\/p>\n\n\n\n<hr class=\"wp-block-separator\"\/>\n","protected":false},"excerpt":{"rendered":"","protected":false},"author":2,"featured_media":27887,"comment_status":"open","ping_status":"open","sticky":false,"template":"","format":"standard","meta":{"_acf_changed":false,"jetpack_post_was_ever_published":false,"_jetpack_newsletter_access":"","_jetpack_dont_email_post_to_subs":false,"_jetpack_newsletter_tier_id":0,"_jetpack_memberships_contains_paywalled_content":false,"_jetpack_memberships_contains_paid_content":false,"footnotes":"","jetpack_publicize_message":"","jetpack_publicize_feature_enabled":true,"jetpack_social_post_already_shared":true,"jetpack_social_options":{"image_generator_settings":{"template":"highway","default_image_id":0,"font":"","enabled":false},"version":2}},"categories":[8,3],"tags":[],"class_list":["post-27886","post","type-post","status-publish","format-standard","has-post-thumbnail","hentry","category-knjige","category-novosti"],"acf":{"facebook_opis":""},"jetpack_publicize_connections":[],"jetpack_featured_media_url":"https:\/\/i0.wp.com\/historiografija.hr\/wp-content\/uploads\/2021\/10\/fasisticki_totalitarizam.jpg?fit=300%2C465&ssl=1","jetpack_sharing_enabled":true,"jetpack-related-posts":[],"_links":{"self":[{"href":"https:\/\/historiografija.hr\/index.php?rest_route=\/wp\/v2\/posts\/27886","targetHints":{"allow":["GET"]}}],"collection":[{"href":"https:\/\/historiografija.hr\/index.php?rest_route=\/wp\/v2\/posts"}],"about":[{"href":"https:\/\/historiografija.hr\/index.php?rest_route=\/wp\/v2\/types\/post"}],"author":[{"embeddable":true,"href":"https:\/\/historiografija.hr\/index.php?rest_route=\/wp\/v2\/users\/2"}],"replies":[{"embeddable":true,"href":"https:\/\/historiografija.hr\/index.php?rest_route=%2Fwp%2Fv2%2Fcomments&post=27886"}],"version-history":[{"count":1,"href":"https:\/\/historiografija.hr\/index.php?rest_route=\/wp\/v2\/posts\/27886\/revisions"}],"predecessor-version":[{"id":27888,"href":"https:\/\/historiografija.hr\/index.php?rest_route=\/wp\/v2\/posts\/27886\/revisions\/27888"}],"wp:featuredmedia":[{"embeddable":true,"href":"https:\/\/historiografija.hr\/index.php?rest_route=\/wp\/v2\/media\/27887"}],"wp:attachment":[{"href":"https:\/\/historiografija.hr\/index.php?rest_route=%2Fwp%2Fv2%2Fmedia&parent=27886"}],"wp:term":[{"taxonomy":"category","embeddable":true,"href":"https:\/\/historiografija.hr\/index.php?rest_route=%2Fwp%2Fv2%2Fcategories&post=27886"},{"taxonomy":"post_tag","embeddable":true,"href":"https:\/\/historiografija.hr\/index.php?rest_route=%2Fwp%2Fv2%2Ftags&post=27886"}],"curies":[{"name":"wp","href":"https:\/\/api.w.org\/{rel}","templated":true}]}}