{"id":27876,"date":"2021-10-19T12:08:05","date_gmt":"2021-10-19T12:08:05","guid":{"rendered":"http:\/\/historiografija.hr\/?p=27876"},"modified":"2021-10-19T12:08:05","modified_gmt":"2021-10-19T12:08:05","slug":"tribina-i-izlozba-fotografija-zivot-partizanske-bolnice","status":"publish","type":"post","link":"https:\/\/historiografija.hr\/?p=27876","title":{"rendered":"Tribina i izlo\u017eba fotografija: \u017divot partizanske bolnice"},"content":{"rendered":"\n<p>U&nbsp; povodu 80. obljetnice utemeljenja Partizanske bolnice na Petrovoj gori, Savez antifa\u0161isti\u010dkih boraca i antifa\u0161ista RH organizira u sklopu EACEA projekta Europsko antifa\u0161isti\u010dko naslje\u0111e<\/p>\n\n\n\n<p>Tribinu i izlo\u017ebu fotografija: <strong><em>\u017dIVOT PARTIZANSKE BOLNICE<\/em><\/strong><\/p>\n\n\n\n<p><strong>Tribina \u0107e se odr\u017eati u srijedu, 20. listopada 2021., u dvorani Ureda SABA RH, Ulica P. Hatza 16, u Zagrebu, s po\u010detkom u 10 sati<\/strong><\/p>\n\n\n\n<p>Uvodna izlaganja:<\/p>\n\n\n\n<ul class=\"wp-block-list\"><li><strong>dr.sc. Nata\u0161a Matau\u0161i\u0107: <em>Partizanska bolnica na Petrovoj gori \u2013 od konstrukcije do rekonstrukcije pam\u0107enja<\/em>,<\/strong><\/li><li><strong>Sanja Horvatin\u010di\u0107: <em>Spomeni\u010dka ba\u0161tina na Petrovoj gori<\/em>,<\/strong><\/li><li><strong>Tatjana Vla\u010di\u0107, predsjednica Udruge Korduna\u0161ica i Tatjana Protulipac, prof. povijesti: <em>\u010cuvari antifa\u0161isti\u010dke ba\u0161tine<\/em>,<\/strong><\/li><li><strong>Mile Kne\u017eevi\u0107, sudionik NOB-a: <em>Partizanska sanitetska slu\u017eba u NOB-u,<\/em><\/strong><\/li><li><strong>Rade Pavlovi\u0107, voditelj izgradnje spomenika na Petrovcu (djelo Voijna Baki\u0107a).<\/strong><\/li><\/ul>\n\n\n\n<p><strong>U sklopu Tribine organizira se posjet Partizanskoj bolnici na Petrovoj gori, u subotu, 23. listopada 2021, s polaskom autobusa u 9 sati.<\/strong><\/p>\n\n\n\n<p>Za vi\u0161e informacija i prijave obratite se na kontakte SABA RH. Zbog epidemiolo\u0161kih mjera broj sudionika je ograni\u010den.<\/p>\n\n\n\n<hr class=\"wp-block-separator\"\/>\n\n\n\n<p>Izvor:<\/p>\n\n\n\n<figure class=\"wp-block-embed-wordpress wp-block-embed is-type-wp-embed is-provider-savez-antifasistickih-boraca-i-antifasista-republike-hrvatske\"><div class=\"wp-block-embed__wrapper\">\n<blockquote class=\"wp-embedded-content\" data-secret=\"cr8MkSHDd0\"><a href=\"https:\/\/sabh.hr\/tribina-i-izlozba-fotografija-zivot-partizanske-bolnice\/\">Tribina i izlo\u017eba fotografija: \u017dIVOT PARTIZANSKE BOLNICE<\/a><\/blockquote><iframe loading=\"lazy\" class=\"wp-embedded-content\" sandbox=\"allow-scripts\" security=\"restricted\" style=\"position: absolute; clip: rect(1px, 1px, 1px, 1px);\" title=\"&#8220;Tribina i izlo\u017eba fotografija: \u017dIVOT PARTIZANSKE BOLNICE&#8221; &#8212; Savez antifa\u0161isti\u010dkih boraca i antifa\u0161ista Republike Hrvatske\" src=\"https:\/\/sabh.hr\/tribina-i-izlozba-fotografija-zivot-partizanske-bolnice\/embed\/#?secret=cr8MkSHDd0\" data-secret=\"cr8MkSHDd0\" width=\"600\" height=\"338\" frameborder=\"0\" marginwidth=\"0\" marginheight=\"0\" scrolling=\"no\"><\/iframe>\n<\/div><\/figure>\n\n\n\n<hr class=\"wp-block-separator\"\/>\n","protected":false},"excerpt":{"rendered":"","protected":false},"author":2,"featured_media":27877,"comment_status":"open","ping_status":"open","sticky":false,"template":"","format":"standard","meta":{"_acf_changed":false,"jetpack_post_was_ever_published":false,"_jetpack_newsletter_access":"","_jetpack_dont_email_post_to_subs":false,"_jetpack_newsletter_tier_id":0,"_jetpack_memberships_contains_paywalled_content":false,"_jetpack_memberships_contains_paid_content":false,"footnotes":"","jetpack_publicize_message":"","jetpack_publicize_feature_enabled":true,"jetpack_social_post_already_shared":true,"jetpack_social_options":{"image_generator_settings":{"template":"highway","default_image_id":0,"font":"","enabled":false},"version":2}},"categories":[10,3],"tags":[],"class_list":["post-27876","post","type-post","status-publish","format-standard","has-post-thumbnail","hentry","category-izlozbe","category-novosti"],"acf":{"facebook_opis":""},"jetpack_publicize_connections":[],"jetpack_featured_media_url":"https:\/\/i0.wp.com\/historiografija.hr\/wp-content\/uploads\/2021\/10\/Petrova-gora.jpg?fit=735%2C720&ssl=1","jetpack_sharing_enabled":true,"jetpack-related-posts":[],"_links":{"self":[{"href":"https:\/\/historiografija.hr\/index.php?rest_route=\/wp\/v2\/posts\/27876","targetHints":{"allow":["GET"]}}],"collection":[{"href":"https:\/\/historiografija.hr\/index.php?rest_route=\/wp\/v2\/posts"}],"about":[{"href":"https:\/\/historiografija.hr\/index.php?rest_route=\/wp\/v2\/types\/post"}],"author":[{"embeddable":true,"href":"https:\/\/historiografija.hr\/index.php?rest_route=\/wp\/v2\/users\/2"}],"replies":[{"embeddable":true,"href":"https:\/\/historiografija.hr\/index.php?rest_route=%2Fwp%2Fv2%2Fcomments&post=27876"}],"version-history":[{"count":1,"href":"https:\/\/historiografija.hr\/index.php?rest_route=\/wp\/v2\/posts\/27876\/revisions"}],"predecessor-version":[{"id":27878,"href":"https:\/\/historiografija.hr\/index.php?rest_route=\/wp\/v2\/posts\/27876\/revisions\/27878"}],"wp:featuredmedia":[{"embeddable":true,"href":"https:\/\/historiografija.hr\/index.php?rest_route=\/wp\/v2\/media\/27877"}],"wp:attachment":[{"href":"https:\/\/historiografija.hr\/index.php?rest_route=%2Fwp%2Fv2%2Fmedia&parent=27876"}],"wp:term":[{"taxonomy":"category","embeddable":true,"href":"https:\/\/historiografija.hr\/index.php?rest_route=%2Fwp%2Fv2%2Fcategories&post=27876"},{"taxonomy":"post_tag","embeddable":true,"href":"https:\/\/historiografija.hr\/index.php?rest_route=%2Fwp%2Fv2%2Ftags&post=27876"}],"curies":[{"name":"wp","href":"https:\/\/api.w.org\/{rel}","templated":true}]}}