{"id":27873,"date":"2021-10-19T11:51:50","date_gmt":"2021-10-19T11:51:50","guid":{"rendered":"http:\/\/historiografija.hr\/?p=27873"},"modified":"2021-10-19T11:51:50","modified_gmt":"2021-10-19T11:51:50","slug":"izlozba-mirovni-aktivizam-devedesetih-i-danas-u-osijeku","status":"publish","type":"post","link":"https:\/\/historiografija.hr\/?p=27873","title":{"rendered":"Izlo\u017eba \u201eMirovni aktivizam devedesetih i danas\u201c u Osijeku"},"content":{"rendered":"\n<p>\u0160to nam zna\u010di mir danas, 30 godina nakon za\u010detka mirovnog aktivizma?<\/p>\n\n\n\n<p>Misli i perspektive o ovom i sli\u010dnim pitanjima mo\u017eete pogledati na izlo\u017ebi \u201cMirovni aktivizam devedesetih i danas\u201d. Kroz fotografije i izjave \u010dlanica i \u010dlanova Antiratne kampanje Hrvatske te aktivistkinja i aktivista ro\u0111enih nakon razdoblja devedesetih, izlo\u017eba omogu\u0107uje razmjenu iskustava dvaju generacija mirovnih aktivistkinja i aktivista.<\/p>\n\n\n\n<p>Na eksponatima izlo\u017ebe kao i u svakodnevnom djelovanju, ove dvije grupe vode dijalog o naslje\u0111u mirovnog i antiratnog aktivizma devedesetih, mogu\u0107nostima neformalnog obrazovanja, mirovnim metodama i vje\u0161tinama, mirovnom radu u politi\u010dkoj areni, potencijalu dijaloga i mirnog rje\u0161avanja sukoba te motivaciji za mirovnja\u010dki doprinos.<\/p>\n\n\n\n<p>Izlo\u017ebu organiziraju Inicijativa mladih za ljudska prava i DKolektiv kako bi sa\u010duvali sje\u0107anje na one me\u0111u nama koji su u najte\u017ea vremena aktivno i predano nastojali sa\u010duvati i odr\u017eati mir, ukazali na kontinuitet mirovnog rada od devedesetih do danas, prepoznali sli\u010dnosti i razlike u poimanju mirovnog doprinosa tijekom i nakon ratova me\u0111u generacijama te inspirirali na aktivan doprinos dru\u0161tva i pojedinaca u \u010duvanju i stvaranju mira.<\/p>\n\n\n\n<p>Pridru\u017eite nam se na otvorenju izlo\u017ebe u Kulturnom centru Osijek 22. listopada 2021. godine u 19 sati!<br>PRIJAVE: <a rel=\"noreferrer noopener\" href=\"https:\/\/forms.gle\/3SjfPpfxW5HdNFLu8?fbclid=IwAR2Fp8NwAxN1UlDlgPyie-9V8tks3n1R5ujSkMqE_MQ3DhpWmtebJlOrMzM\" target=\"_blank\">https:\/\/forms.gle\/3SjfPpfxW5HdNFLu8<\/a><\/p>\n\n\n\n<p>Izlo\u017eba \u0107e za posjetitelje biti otvorena do 29. listopada 2021.<\/p>\n\n\n\n<p>Autori izlo\u017ebe: Nikica Torbica i Branka Vierda<\/p>\n\n\n\n<p>Financijski podr\u017eavatelj izlo\u017ebe je National Endowment for Democracy (NED)<\/p>\n\n\n\n<hr class=\"wp-block-separator\"\/>\n\n\n\n<p>Izvor:<\/p>\n\n\n\n<p><a href=\"https:\/\/www.facebook.com\/events\/427343122352027\/\">https:\/\/www.facebook.com\/events\/427343122352027\/<\/a><\/p>\n\n\n\n<hr class=\"wp-block-separator\"\/>\n","protected":false},"excerpt":{"rendered":"","protected":false},"author":2,"featured_media":27874,"comment_status":"open","ping_status":"open","sticky":false,"template":"","format":"standard","meta":{"_acf_changed":false,"jetpack_post_was_ever_published":false,"_jetpack_newsletter_access":"","_jetpack_dont_email_post_to_subs":false,"_jetpack_newsletter_tier_id":0,"_jetpack_memberships_contains_paywalled_content":false,"_jetpack_memberships_contains_paid_content":false,"footnotes":"","jetpack_publicize_message":"","jetpack_publicize_feature_enabled":true,"jetpack_social_post_already_shared":true,"jetpack_social_options":{"image_generator_settings":{"template":"highway","default_image_id":0,"font":"","enabled":false},"version":2}},"categories":[10,3],"tags":[],"class_list":["post-27873","post","type-post","status-publish","format-standard","has-post-thumbnail","hentry","category-izlozbe","category-novosti"],"acf":{"facebook_opis":""},"jetpack_publicize_connections":[],"jetpack_featured_media_url":"https:\/\/i0.wp.com\/historiografija.hr\/wp-content\/uploads\/2021\/10\/Izlozba_OS.jpg?fit=512%2C268&ssl=1","jetpack_sharing_enabled":true,"jetpack-related-posts":[],"_links":{"self":[{"href":"https:\/\/historiografija.hr\/index.php?rest_route=\/wp\/v2\/posts\/27873","targetHints":{"allow":["GET"]}}],"collection":[{"href":"https:\/\/historiografija.hr\/index.php?rest_route=\/wp\/v2\/posts"}],"about":[{"href":"https:\/\/historiografija.hr\/index.php?rest_route=\/wp\/v2\/types\/post"}],"author":[{"embeddable":true,"href":"https:\/\/historiografija.hr\/index.php?rest_route=\/wp\/v2\/users\/2"}],"replies":[{"embeddable":true,"href":"https:\/\/historiografija.hr\/index.php?rest_route=%2Fwp%2Fv2%2Fcomments&post=27873"}],"version-history":[{"count":1,"href":"https:\/\/historiografija.hr\/index.php?rest_route=\/wp\/v2\/posts\/27873\/revisions"}],"predecessor-version":[{"id":27875,"href":"https:\/\/historiografija.hr\/index.php?rest_route=\/wp\/v2\/posts\/27873\/revisions\/27875"}],"wp:featuredmedia":[{"embeddable":true,"href":"https:\/\/historiografija.hr\/index.php?rest_route=\/wp\/v2\/media\/27874"}],"wp:attachment":[{"href":"https:\/\/historiografija.hr\/index.php?rest_route=%2Fwp%2Fv2%2Fmedia&parent=27873"}],"wp:term":[{"taxonomy":"category","embeddable":true,"href":"https:\/\/historiografija.hr\/index.php?rest_route=%2Fwp%2Fv2%2Fcategories&post=27873"},{"taxonomy":"post_tag","embeddable":true,"href":"https:\/\/historiografija.hr\/index.php?rest_route=%2Fwp%2Fv2%2Ftags&post=27873"}],"curies":[{"name":"wp","href":"https:\/\/api.w.org\/{rel}","templated":true}]}}