{"id":27870,"date":"2021-10-19T11:48:22","date_gmt":"2021-10-19T11:48:22","guid":{"rendered":"http:\/\/historiografija.hr\/?p=27870"},"modified":"2021-10-19T11:48:22","modified_gmt":"2021-10-19T11:48:22","slug":"izlozba-wake-up-europe-mobilizacija-podrske-i-solidarnosti-za-bosnu-i-hercegovinu-i-njene-gradane-tokom-rata-1992-1995","status":"publish","type":"post","link":"https:\/\/historiografija.hr\/?p=27870","title":{"rendered":"Izlo\u017eba &#8220;Wake up Europe! Mobilizacija podr\u0161ke i solidarnosti za Bosnu i Hercegovinu i njene gra\u0111ane tokom rata 1992.-1995.\u201c"},"content":{"rendered":"\n<p>U Historijskom muzeju Bosne i Hercegovine \u0107e 20. oktobra u 18:00 sati biti otvorena izlo\u017eba &#8220;Wake up Europe! Mobilizacija podr\u0161ke i solidarnosti za Bosnu i Hercegovinu i njene gra\u0111ane tokom rata 1992.-1995.\u201c<\/p>\n\n\n\n<p>Dok je za ve\u0107inu ljudi u Evropi rat u Bosni i Hercegovini bio samo TV doga\u0111aj, istovremeno, hiljade pojedinaca odlu\u010dili su da ne \u017eele ostati samo posmatra\u010di. Mnogi su bili odlu\u010dni u namjeri da djeluju. Podr\u0161ka i mobilizacija solidarnosti imala je razli\u010dite oblike i nije bila ograni\u010dena samo na profesionalne organizacije za pomo\u0107. Uklju\u010divala je obi\u010dne gra\u0111ane, neformalne grupe, nevladine organizacije, gradove i umjetnike. Cilj izlo\u017ebe je pru\u017eiti historijski pregled ovih mobilizacija u Evropi, koje su manje poznat aspekt rata u Bosni i Hercegovini. U izlo\u017ebi su predstavljeni razli\u010diti oblici inicijativa, koje su ilustrirane kroz konkretne primjere. Osim toga, izlo\u017eba \u017eeli potaknuti razmi\u0161ljanje o klju\u010dnom pitanju sada\u0161njosti: \u0160ta podrazumijevamo pod solidarno\u0161\u0107u? \u010cinimo li dovoljno da poka\u017eemo solidarnost s drugima? \u0160ta ja mogu uraditi?<\/p>\n\n\n\n<p>Izlo\u017eba je projekat Historijskog muzeja Bosne i Hercegovine u saradnji sa Memory Lab-om, koju su podr\u017eali Goethe-Institut Bosnien und Herzegowina i Institut fran\u00e7ais de Bosnie-Herz\u00e9govine\/ Francuski institut u BiH, a realizuje se u sklopu Francusko-njema\u010dkog kulturnog fonda.<\/p>\n\n\n\n<hr class=\"wp-block-separator\"\/>\n\n\n\n<p>Izvor:<\/p>\n\n\n\n<p><a href=\"https:\/\/historiografija.ba\/article.php?id=719\">https:\/\/historiografija.ba\/article.php?id=719<\/a><\/p>\n\n\n\n<hr class=\"wp-block-separator\"\/>\n","protected":false},"excerpt":{"rendered":"","protected":false},"author":2,"featured_media":27871,"comment_status":"open","ping_status":"open","sticky":false,"template":"","format":"standard","meta":{"_acf_changed":false,"jetpack_post_was_ever_published":false,"_jetpack_newsletter_access":"","_jetpack_dont_email_post_to_subs":false,"_jetpack_newsletter_tier_id":0,"_jetpack_memberships_contains_paywalled_content":false,"_jetpack_memberships_contains_paid_content":false,"footnotes":"","jetpack_publicize_message":"","jetpack_publicize_feature_enabled":true,"jetpack_social_post_already_shared":true,"jetpack_social_options":{"image_generator_settings":{"template":"highway","default_image_id":0,"font":"","enabled":false},"version":2}},"categories":[10,3],"tags":[],"class_list":["post-27870","post","type-post","status-publish","format-standard","has-post-thumbnail","hentry","category-izlozbe","category-novosti"],"acf":{"facebook_opis":""},"jetpack_publicize_connections":[],"jetpack_featured_media_url":"https:\/\/i0.wp.com\/historiografija.hr\/wp-content\/uploads\/2021\/10\/Historijski-muzej.jpg?fit=450%2C643&ssl=1","jetpack_sharing_enabled":true,"jetpack-related-posts":[],"_links":{"self":[{"href":"https:\/\/historiografija.hr\/index.php?rest_route=\/wp\/v2\/posts\/27870","targetHints":{"allow":["GET"]}}],"collection":[{"href":"https:\/\/historiografija.hr\/index.php?rest_route=\/wp\/v2\/posts"}],"about":[{"href":"https:\/\/historiografija.hr\/index.php?rest_route=\/wp\/v2\/types\/post"}],"author":[{"embeddable":true,"href":"https:\/\/historiografija.hr\/index.php?rest_route=\/wp\/v2\/users\/2"}],"replies":[{"embeddable":true,"href":"https:\/\/historiografija.hr\/index.php?rest_route=%2Fwp%2Fv2%2Fcomments&post=27870"}],"version-history":[{"count":1,"href":"https:\/\/historiografija.hr\/index.php?rest_route=\/wp\/v2\/posts\/27870\/revisions"}],"predecessor-version":[{"id":27872,"href":"https:\/\/historiografija.hr\/index.php?rest_route=\/wp\/v2\/posts\/27870\/revisions\/27872"}],"wp:featuredmedia":[{"embeddable":true,"href":"https:\/\/historiografija.hr\/index.php?rest_route=\/wp\/v2\/media\/27871"}],"wp:attachment":[{"href":"https:\/\/historiografija.hr\/index.php?rest_route=%2Fwp%2Fv2%2Fmedia&parent=27870"}],"wp:term":[{"taxonomy":"category","embeddable":true,"href":"https:\/\/historiografija.hr\/index.php?rest_route=%2Fwp%2Fv2%2Fcategories&post=27870"},{"taxonomy":"post_tag","embeddable":true,"href":"https:\/\/historiografija.hr\/index.php?rest_route=%2Fwp%2Fv2%2Ftags&post=27870"}],"curies":[{"name":"wp","href":"https:\/\/api.w.org\/{rel}","templated":true}]}}