{"id":27861,"date":"2021-10-19T11:32:09","date_gmt":"2021-10-19T11:32:09","guid":{"rendered":"http:\/\/historiografija.hr\/?p=27861"},"modified":"2021-10-19T11:32:09","modified_gmt":"2021-10-19T11:32:09","slug":"u-nacionalnoj-i-sveucilisnoj-knjiznici-izlozba-judita","status":"publish","type":"post","link":"https:\/\/historiografija.hr\/?p=27861","title":{"rendered":"U Nacionalnoj i sveu\u010dili\u0161noj knji\u017enici izlo\u017eba &#8216;Judita&#8217;"},"content":{"rendered":"\n<p>Nacionalna i sveu\u010dili\u0161na knji\u017enica u Zagrebu je u povodu obilje\u017eavanja 500 godina od tiskanja prvog izdanja <strong><em>Judite <\/em>Marka Maruli\u0107a<\/strong> pripremila izlo\u017ebu o prvom umjetni\u010dkom epu hrvatske knji\u017eevnosti ispjevanom na hrvatskom jeziku te o njezinom autoru <strong>Marku Maruli\u0107u<\/strong>, ocu hrvatske knji\u017eevnosti.&nbsp;<\/p>\n\n\n\n<p>Sve\u010dano otvorenje izlo\u017ebe odr\u017eat \u0107e se u utorak<strong> 19. listopada 2021.<\/strong> godine, a svi zainteresirani gra\u0111ani mogu je pogledati do 2. studenoga ove godine. &nbsp;<\/p>\n\n\n\n<p>Izlo\u017eba na 15 izlo\u017ebenih panoa kroz <strong>Maruli\u0107ev <\/strong>\u017eivotni i stvarala\u010dki put predstavlja reprezentativni izbor iz fonda Nacionalne i sveu\u010dili\u0161ne knji\u017enice u Zagrebu. Osim <em>Judite <\/em>na panoima \u0107e se predstaviti i ostala gra\u0111a vezana uz \u017eivot i rad Marka Maruli\u0107a \u2013 od prvotisaka njegovih djela, brojnih izdanja do prijevoda kroz stolje\u0107a.&nbsp;<\/p>\n\n\n\n<p>U prvom dijelu izlo\u017ebe prikazan je \u017eivot i rad <strong>Marka Maruli\u0107a<\/strong> kroz uvid u njegov latinski te potom i hrvatski opus koji u svome fondu \u010duva Zbirka rukopisa i starih knjiga Nacionalne i sveu\u010dili\u0161ne knji\u017enice u Zagrebu. Sredi\u0161nji dio izlo\u017ebe prikaz je <em>Judite<\/em>, najznamenitijeg djela Marka Maruli\u0107a, \u010dija su dva primjerka drugog izdanja tiskanog 1522. te jedan primjerak \u010detvrtog i petoga izdanja tako\u0111er dio fonda Zbirke rukopisa i starih knjiga Nacionalne i sveu\u010dili\u0161ne knji\u017enice u Zagrebu.&nbsp;<\/p>\n\n\n\n<p>Maruli\u0107eva <em>Judita <\/em>bila je neiscrpan izvor inspiracije u svim podru\u010djima ljudske djelatnosti pa izlo\u017eba donosi i prikaz njezine prisutnost u Zbirci muzikalija i audiomaterijala Nacionalne i sveu\u010dili\u0161ne knji\u017enice u Zagrebu kao i Zbirci zemljovida i atlasa. Na izlo\u017ebi \u0107e biti prikazani i najzna\u010dajniji pretisci Maruli\u0107eve Judite te njezino spominjanje u svjetskoj literaturi.&nbsp;<\/p>\n\n\n\n<p>Mo\u0107i \u0107e se pogledati i digitalizirana Maruli\u0107eva djela dostupna na portalu Digitalne zbirke Nacionalne i sveu\u010dili\u0161ne knji\u017enice u Zagrebu te <strong>Virtualna izlo\u017eba <em>Marko Maruli\u0107<\/em><\/strong> izra\u0111ena u Nacionalnoj i sveu\u010dili\u0161noj knji\u017enici u Zagrebu kao rezultat digitalizacijskog projekta Digitalna zbirka djela Marka Maruli\u0107a provedenog 2018. godine uz financijsku potporu Ministarstva kulture Republike Hrvatske.&nbsp;<\/p>\n\n\n\n<p>Vi\u0161estruka je i vi\u0161eslojna povezanost i simbolika odnosa <strong>Marka Maruli\u0107a i Nacionalne i sveu\u010dili\u0161ne knji\u017enice u Zagrebu<\/strong> i svega onoga \u0161to on zna\u010di za hrvatsku kulturu i povijest. Marko Maruli\u0107 simbol je hrvatskog pisanog stvarala\u0161tva, a Knji\u017enica kao stoljetna \u010duvarica i riznica hrvatske knjige i hrvatske pisane rije\u010di, svojim ukupnim fondom, a posebice <em>Juditom <\/em>samo potvr\u0111uje njegovo povla\u0161teno mjesto u hrvatskoj i europskoj knji\u017eevnosti.&nbsp;<\/p>\n\n\n\n<p>Izlo\u017eba <em>Judita <\/em>organizirana je uz financijsku podr\u0161ku Ministarstva kulture i medija Republike Hrvatske u sklopu<em> Godine \u010ditanja 2021<\/em>. i dio je programa Mjeseca hrvatske knjige 2021. Autorica je izlo\u017ebe<strong> Nela Marasovi\u0107<\/strong> iz Nacionalne i sveu\u010dili\u0161ne knji\u017enice u Zagrebu, a u njezinoj pripremi sudjelovali su i Knji\u017eevni krug Split te voditelj Centra za prou\u010davanje Marka Maruli\u0107a dr. sc. <strong>Bratislav Lu\u010din<\/strong> na \u010dijim se istra\u017eivanjima i autorskim tekstovima temelji sadr\u017eaj izlo\u017ebe.<\/p>\n\n\n\n<hr class=\"wp-block-separator\"\/>\n\n\n\n<p>Izvor: <a href=\"https:\/\/mvinfo.hr\/clanak\/u-nacionalnoj-i-sveucilisnoj-knjiznici-izlozba-judita\">https:\/\/mvinfo.hr\/clanak\/u-nacionalnoj-i-sveucilisnoj-knjiznici-izlozba-judita<\/a><\/p>\n\n\n\n<hr class=\"wp-block-separator\"\/>\n","protected":false},"excerpt":{"rendered":"","protected":false},"author":2,"featured_media":27862,"comment_status":"open","ping_status":"open","sticky":false,"template":"","format":"standard","meta":{"_acf_changed":false,"jetpack_post_was_ever_published":false,"_jetpack_newsletter_access":"","_jetpack_dont_email_post_to_subs":false,"_jetpack_newsletter_tier_id":0,"_jetpack_memberships_contains_paywalled_content":false,"_jetpack_memberships_contains_paid_content":false,"footnotes":"","jetpack_publicize_message":"","jetpack_publicize_feature_enabled":true,"jetpack_social_post_already_shared":true,"jetpack_social_options":{"image_generator_settings":{"template":"highway","default_image_id":0,"font":"","enabled":false},"version":2}},"categories":[10,3],"tags":[],"class_list":["post-27861","post","type-post","status-publish","format-standard","has-post-thumbnail","hentry","category-izlozbe","category-novosti"],"acf":{"facebook_opis":""},"jetpack_publicize_connections":[],"jetpack_featured_media_url":"https:\/\/i0.wp.com\/historiografija.hr\/wp-content\/uploads\/2021\/10\/Judita.jpg?fit=620%2C283&ssl=1","jetpack_sharing_enabled":true,"jetpack-related-posts":[],"_links":{"self":[{"href":"https:\/\/historiografija.hr\/index.php?rest_route=\/wp\/v2\/posts\/27861","targetHints":{"allow":["GET"]}}],"collection":[{"href":"https:\/\/historiografija.hr\/index.php?rest_route=\/wp\/v2\/posts"}],"about":[{"href":"https:\/\/historiografija.hr\/index.php?rest_route=\/wp\/v2\/types\/post"}],"author":[{"embeddable":true,"href":"https:\/\/historiografija.hr\/index.php?rest_route=\/wp\/v2\/users\/2"}],"replies":[{"embeddable":true,"href":"https:\/\/historiografija.hr\/index.php?rest_route=%2Fwp%2Fv2%2Fcomments&post=27861"}],"version-history":[{"count":1,"href":"https:\/\/historiografija.hr\/index.php?rest_route=\/wp\/v2\/posts\/27861\/revisions"}],"predecessor-version":[{"id":27863,"href":"https:\/\/historiografija.hr\/index.php?rest_route=\/wp\/v2\/posts\/27861\/revisions\/27863"}],"wp:featuredmedia":[{"embeddable":true,"href":"https:\/\/historiografija.hr\/index.php?rest_route=\/wp\/v2\/media\/27862"}],"wp:attachment":[{"href":"https:\/\/historiografija.hr\/index.php?rest_route=%2Fwp%2Fv2%2Fmedia&parent=27861"}],"wp:term":[{"taxonomy":"category","embeddable":true,"href":"https:\/\/historiografija.hr\/index.php?rest_route=%2Fwp%2Fv2%2Fcategories&post=27861"},{"taxonomy":"post_tag","embeddable":true,"href":"https:\/\/historiografija.hr\/index.php?rest_route=%2Fwp%2Fv2%2Ftags&post=27861"}],"curies":[{"name":"wp","href":"https:\/\/api.w.org\/{rel}","templated":true}]}}