{"id":27844,"date":"2021-10-15T21:49:36","date_gmt":"2021-10-15T21:49:36","guid":{"rendered":"http:\/\/historiografija.hr\/?p=27844"},"modified":"2022-07-15T13:21:57","modified_gmt":"2022-07-15T13:21:57","slug":"natjecaj-za-objavu-radova-17-broja-casopisa-pro-tempore-za-akademsku-godinu-2021-2022","status":"publish","type":"post","link":"https:\/\/historiografija.hr\/?p=27844","title":{"rendered":"NATJE\u010cAJ ZA OBJAVU RADOVA 17. BROJA \u010cASOPISA \u201ePRO TEMPORE\u201c ZA AKADEMSKU GODINU 2021\/2022."},"content":{"rendered":"\n<p>Uredni\u0161tvo \u010dasopisa studenata povijesti \u201ePro tempore\u201c raspisuje natje\u010daj za objavu radova u 17. broju \u010dasopisa za akademsku godinu 2021\/2022. Ove godine, uredni\u0161tvo je odlu\u010dilo da \u0107e <strong>tema broja biti Civilizacijski i kulturni susreti<\/strong>. Natje\u010daj je otvoren za radove iz podru\u010dja povijesti i srodnih dru\u0161tveno-humanisti\u010dkih znanosti.<\/p>\n\n\n\n<p>Cilj \u010dasopisa studenata povijesti Filozofskog fakulteta Sveu\u010dili\u0161ta u Zagrebu \u201ePro tempore\u201c, koji izlazi od 2004. godine, jest omogu\u0107iti studentima preddiplomskoga, diplomskog i doktorskog studija povijesti i srodnih dru\u0161tveno-humanisti\u010dkih znanosti iz Hrvatske i inozemstva objavu vlastitih radova, kao i stjecanje iskustva u radu redakcije \u010dasopisa i procesu odabira i kriti\u010dke evaluacije radova za objavu. Uz to, objavljivanjem novih radova nastoje se pro\u0161iriti saznanja o odre\u0111enim temama iz pro\u0161losti te pridonijeti upoznavanju i autora i \u010ditatelja s novim historiografskim trendovima.<\/p>\n\n\n\n<p>Odabir teme<strong> Civilizacijski i kulturni susreti<\/strong> otvara \u0161iroke mogu\u0107nosti autorima da se dotaknu tema koje obuhva\u0107aju sva povijesna razdoblja i razli\u010dite poddiscipline, a posebno se poti\u010de slanje radova koji imaju interdisciplinarni pristup ili pristupaju fenomenima pro\u0161losti i iz drugih historiografskih perspektiva, poput ekonomske, imagolo\u0161ke, intelektualne, antropolo\u0161ke itd.<\/p>\n\n\n\n<p>Uredni\u0161tvo \u010dasopisa \u201ePro tempore\u201c zaprimat \u0107e sve vrste znanstvenih radova te prikaze knjiga, prijevode radova stranih povjesni\u010dara, intervjue i izvje\u0161taje s relevantnih znanstvenih skupova. Pristigli radovi bit \u0107e podvrgnuti procesu selekcije i kriti\u010dke obrade u uredni\u0161tvu \u010dasopisa te potom proslije\u0111eni profesorima na recenziju, nakon \u010dega \u0107e autori dobiti obavijest je li njihov rad prihva\u0107en.<\/p>\n\n\n\n<p>Poslani radovi mogu imati najvi\u0161e dva autora, a zaprimaju se samo prethodno neobjavljeni radovi, slanjem kojih autori potvr\u0111uju da se radi o njihovom vlastitom radu za koji prihva\u0107aju znanstvenu i eti\u010dku odgovornost. Svi radovi \u0161alju se u formatu Microsoft Word dokumenta (.doc ili .docx) elektroni\u010dkom po\u0161tom na adresu uredni\u0161tva: <strong>casopis.protempore@gmail.com<\/strong> najkasnije do <strong>1. travnja 2022. godine<\/strong>.<\/p>\n\n\n\n<p>Radovi se zaprimaju na hrvatskom (ili srodnim jezicima) i engleskom jeziku, pisani na latinici. Pisani radovi mogu biti opsega od otprilike 15 do 35 kartica teksta. Tekst treba biti obostrano poravnat, fonta Times New Roman, veli\u010dine 12 i proreda 1,5. Ime i prezime autora, godina, smjer studija i sveu\u010dili\u0161te koje poha\u0111aju navode se na prvoj stranici rada u gornjem lijevom kutu. Tako\u0111er, svaki rad treba sadr\u017eavati i sa\u017eetak (otprilike 100 rije\u010di) i klju\u010dne rije\u010di na hrvatskom i engleskom jeziku te biti opremljen znanstvenim aparatom. <strong>Znanstvene bilje\u0161ke<\/strong> pi\u0161u se na dnu stranice prema pravilima <strong>Chicago humanisti\u010dkog stila<\/strong>, numeri\u010dkim slijedom i odijeljene razdjelnikom od glavnog teksta. Odabrani font treba biti Times New Roman veli\u010dine 10, jednostrukog proreda te obostrano poravnat. Na kraju rada obavezna je <strong>bibliografija<\/strong>, tako\u0111er prema pravilima Chicago stila.<\/p>\n\n\n\n<p>Detaljne upute o na\u010dinima citiranja mo\u017eete prona\u0107i na: <a href=\"https:\/\/protempore.ffzg.unizg.hr\/upute-autorima\/\"><em>https:\/\/protempore.ffzg.unizg.hr\/upute-autorima\/<\/em><\/a><\/p>\n\n\n\n<p>Radujemo se Va\u0161oj suradnji!<\/p>\n\n\n\n<hr class=\"wp-block-separator\"\/>\n\n\n\n<p><strong>CALL FOR PAPERS FOR THE 17TH ISSUE OF \u201cPRO TEMPORE\u201d STUDENT JOURNAL<\/strong><\/p>\n\n\n\n<p>We are pleased to announce that the Call for Papers for the 2021\/2022 issue of \u201cPro Tempore\u201d is now open. This year\u2019s issue will accept papers dealing with&nbsp;<strong>Civilizational and Cultural Encounters<\/strong>&nbsp;pertaining to history and related disciplines.<\/p>\n\n\n\n<p>\u201cPro Tempore\u201d is a journal run by students at the Department of History, Faculty of Humanities and Social Sciences, University of Zagreb. Our mission is to enable students of history and other related disciplines to publish articles and to help them gain experience in editorial work. Furthermore, our aim is to extend knowledge on topics in history and to acquaint authors and readers with current trends in historiography.<\/p>\n\n\n\n<p>By chosing the topic of&nbsp;<strong>Civilizational and Cultural Encounters<\/strong>&nbsp;our goal is to encourage authors to address as wide a range of issues as possible. We welcome papers with an interdisciplinary outlook, especially those which approach historical phenomena from the vantage point of imagology, historical anthropology, economic and intellectual history, etc.<\/p>\n\n\n\n<p>The editorial board will consider all types of research papers, as well as reviews, translations, interviews, and reports from conferences and round tables. All submitted papers will undergo a selection process. Papers accepted for publication will be reviewed by professors.<\/p>\n\n\n\n<p>Submitted papers can have two authors. The journal accepts only previously unpublished works. By submitting manuscripts, authors assume full moral and scientific responsibility for opinions expressed therein. All papers should be submitted in the Microsoft Word format (.doc or .docx) to the following e-mail address:&nbsp;<strong>casopis.protempore@gmail.com<\/strong>. The submission&nbsp;<strong>deadline is April 1, 2022<\/strong>.<\/p>\n\n\n\n<p>Papers should be written in Croatian or English. The journal also accepts papers in Serbian, Bosnian, and Montenegrin. All submitted papers must be written in the Latin script. Papers should be no longer than 35 pages long. The text should be justified, written in the Times New Roman font, 12 pt., the spacing adjusted to 1.5. The first and last names of the author(s), level of study, and academic institution should be listed in the first page upper-left corner. Papers must also contain an abstract (ca. 100 words) and keywords in Croatian and English, as well as a comprehensive list of sources. Footnotes should be added at the end of the page and formatted according to the Chicago Manual of Style. They should be listed in numerical order and separated from the main body of the text by the footnote separator. Footnotes should be justified, written in the Times New Roman font, 10 pt., the spacing adjusted to 1.0. Papers must contain a bibliography at the end. The bibliography should also be formatted according to the Chicago Manual of Style.<\/p>\n\n\n\n<p>For further information on citation, please consult&nbsp;<a href=\"https:\/\/protempore.ffzg.unizg.hr\/en\/upute-autorima\/\">following link<\/a>.<\/p>\n\n\n\n<p>We are looking forward to reading your papers!<\/p>\n\n\n\n<hr class=\"wp-block-separator\"\/>\n","protected":false},"excerpt":{"rendered":"","protected":false},"author":2,"featured_media":16062,"comment_status":"open","ping_status":"open","sticky":false,"template":"","format":"standard","meta":{"_acf_changed":false,"jetpack_post_was_ever_published":false,"_jetpack_newsletter_access":"","_jetpack_dont_email_post_to_subs":false,"_jetpack_newsletter_tier_id":0,"_jetpack_memberships_contains_paywalled_content":false,"_jetpack_memberships_contains_paid_content":false,"footnotes":"","jetpack_publicize_message":"","jetpack_publicize_feature_enabled":true,"jetpack_social_post_already_shared":true,"jetpack_social_options":{"image_generator_settings":{"template":"highway","default_image_id":0,"font":"","enabled":false},"version":2}},"categories":[21,3],"tags":[],"class_list":["post-27844","post","type-post","status-publish","format-standard","has-post-thumbnail","hentry","category-casopisi","category-novosti"],"acf":{"facebook_opis":""},"jetpack_publicize_connections":[],"jetpack_featured_media_url":"https:\/\/i0.wp.com\/historiografija.hr\/wp-content\/uploads\/2019\/08\/pt.png?fit=721%2C1024&ssl=1","jetpack_sharing_enabled":true,"jetpack-related-posts":[{"id":52502,"url":"https:\/\/historiografija.hr\/?p=52502","url_meta":{"origin":27844,"position":0},"title":"Novi znanstveni projekt Hrvatskog instituta za povijest: \u201c\u017drtve ratova i dr\u017eavnog\/politi\u010dkog nasilja u hrvatskoj povijesti 20. stolje\u0107a\u201d","author":"Branimir Jankovi\u0107","date":"17. travnja 2026.","format":false,"excerpt":"Na redovitoj sjednici Vlade RH, 16. travnja 2026., donijet je Zaklju\u010dak kojim se pokre\u0107e znanstveni projekt \u201c\u017drtve ratova i dr\u017eavnog\/politi\u010dkog nasilja u hrvatskoj povijesti 20. stolje\u0107a\u201d. Projekt \u0107e provoditi i koordinirati Hrvatski institut za povijest u razdoblju trajanja projekta od pet godina. Zakljucak Vlade RH Iz teksta projektnog prijedloga: Problematika\u2026","rel":"","context":"U &quot;Novosti&quot;","block_context":{"text":"Novosti","link":"https:\/\/historiografija.hr\/?cat=3"},"img":{"alt_text":"","src":"https:\/\/i0.wp.com\/historiografija.hr\/wp-content\/uploads\/2026\/04\/Vlada-RH.jpg?fit=1200%2C557&ssl=1&resize=350%2C200","width":350,"height":200,"srcset":"https:\/\/i0.wp.com\/historiografija.hr\/wp-content\/uploads\/2026\/04\/Vlada-RH.jpg?fit=1200%2C557&ssl=1&resize=350%2C200 1x, https:\/\/i0.wp.com\/historiografija.hr\/wp-content\/uploads\/2026\/04\/Vlada-RH.jpg?fit=1200%2C557&ssl=1&resize=525%2C300 1.5x, https:\/\/i0.wp.com\/historiografija.hr\/wp-content\/uploads\/2026\/04\/Vlada-RH.jpg?fit=1200%2C557&ssl=1&resize=700%2C400 2x, https:\/\/i0.wp.com\/historiografija.hr\/wp-content\/uploads\/2026\/04\/Vlada-RH.jpg?fit=1200%2C557&ssl=1&resize=1050%2C600 3x"},"classes":[]},{"id":52499,"url":"https:\/\/historiografija.hr\/?p=52499","url_meta":{"origin":27844,"position":1},"title":"POTPISAN UGOVOR O ZNANSTVENO-ISTRA\u017dIVA\u010cKOJ SURADNJI: PROJEKT \u201eTEMELJI HRVATSKE SAMOSTALNOSTI\u201d","author":"Branimir Jankovi\u0107","date":"17. travnja 2026.","format":false,"excerpt":"Hrvatski institut za povijest, Sveu\u010dili\u0161te obrane i sigurnosti \u201eDr. Franjo Tu\u0111man\u201d, Institut dru\u0161tvenih znanosti Ivo Pilar i Hrvatski dr\u017eavni arhiv\u00a0potpisali su 23. o\u017eujka 2026.\u00a0Ugovor o znanstveno-istra\u017eiva\u010dkoj suradnji s ciljem provedbe projekta \u201eTemelji hrvatske samostalnosti\u201d. Tim projektom obuhva\u0107a se istra\u017eivanje arhivskoga gradiva, priprema znanstvenih publikacija, digitalizacija i javna prezentacija rezultata istra\u017eivanja\u2026","rel":"","context":"U &quot;Novosti&quot;","block_context":{"text":"Novosti","link":"https:\/\/historiografija.hr\/?cat=3"},"img":{"alt_text":"","src":"https:\/\/i0.wp.com\/historiografija.hr\/wp-content\/uploads\/2026\/04\/THS_sporazum.jpg?fit=1200%2C583&ssl=1&resize=350%2C200","width":350,"height":200,"srcset":"https:\/\/i0.wp.com\/historiografija.hr\/wp-content\/uploads\/2026\/04\/THS_sporazum.jpg?fit=1200%2C583&ssl=1&resize=350%2C200 1x, https:\/\/i0.wp.com\/historiografija.hr\/wp-content\/uploads\/2026\/04\/THS_sporazum.jpg?fit=1200%2C583&ssl=1&resize=525%2C300 1.5x, https:\/\/i0.wp.com\/historiografija.hr\/wp-content\/uploads\/2026\/04\/THS_sporazum.jpg?fit=1200%2C583&ssl=1&resize=700%2C400 2x, https:\/\/i0.wp.com\/historiografija.hr\/wp-content\/uploads\/2026\/04\/THS_sporazum.jpg?fit=1200%2C583&ssl=1&resize=1050%2C600 3x"},"classes":[]},{"id":52666,"url":"https:\/\/historiografija.hr\/?p=52666","url_meta":{"origin":27844,"position":2},"title":"Najava programa Festivala povijesti Kliofest (5-8. V. 2026)","author":"Branimir Jankovi\u0107","date":"24. travnja 2026.","format":false,"excerpt":"Po trinaesti put odr\u017eava se Festival povijesti Kliofest! Do petka \u0107emo odr\u017eati osam okruglih stolova i dva kolokvija te niz predstavljanja knjiga i projekata razli\u010dite tematike, od antike do suvremenosti. Bit \u0107e predstavljeno i nekoliko izlo\u017ebi te odr\u017ean jedan povijesni kviz. Prikazat \u0107emo i jedan film \u2013 o generalu Boroevi\u0107u.\u2026","rel":"","context":"U &quot;Novosti&quot;","block_context":{"text":"Novosti","link":"https:\/\/historiografija.hr\/?cat=3"},"img":{"alt_text":"","src":"https:\/\/i0.wp.com\/historiografija.hr\/wp-content\/uploads\/2026\/04\/Kliofest-2026.jpg?fit=526%2C526&ssl=1&resize=350%2C200","width":350,"height":200,"srcset":"https:\/\/i0.wp.com\/historiografija.hr\/wp-content\/uploads\/2026\/04\/Kliofest-2026.jpg?fit=526%2C526&ssl=1&resize=350%2C200 1x, https:\/\/i0.wp.com\/historiografija.hr\/wp-content\/uploads\/2026\/04\/Kliofest-2026.jpg?fit=526%2C526&ssl=1&resize=525%2C300 1.5x"},"classes":[]},{"id":52578,"url":"https:\/\/historiografija.hr\/?p=52578","url_meta":{"origin":27844,"position":3},"title":"Poziv za sudjelovanje: XXII. Dani Julija Bene\u0161i\u0107a u Iloku","author":"Branimir Jankovi\u0107","date":"21. travnja 2026.","format":false,"excerpt":"Zavod za lingvisti\u010dka istra\u017eivanja Hrvatske akademije znanosti i umjetnosti, zajedno s Muzejom grada Iloka, organizira XXII. Dane Julija Bene\u0161i\u0107a, koji \u0107e se odr\u017eati od 28. do 30. listopada 2026. u Iloku.\u00a0Teme ovogodi\u0161njih Dana podijeljene su u dvije cjeline: Knji\u017eevno-jezikoslovni d\u00ecv\u0101n s Bene\u0161i\u0107em te Ilok i Srijem u povijesnim stalnicama i\u2026","rel":"","context":"U &quot;Novosti&quot;","block_context":{"text":"Novosti","link":"https:\/\/historiografija.hr\/?cat=3"},"img":{"alt_text":"","src":"https:\/\/i0.wp.com\/historiografija.hr\/wp-content\/uploads\/2019\/10\/HE2_Benesic.jpg?fit=413%2C591&ssl=1&resize=350%2C200","width":350,"height":200},"classes":[]},{"id":52508,"url":"https:\/\/historiografija.hr\/?p=52508","url_meta":{"origin":27844,"position":4},"title":"Glazbena radionica \u201eDUGMETARA REVISITED\u201c","author":"Branimir Jankovi\u0107","date":"17. travnja 2026.","format":false,"excerpt":"DUGMETARA REVISITED glazbena radionica vodi: Ana Horvat 13., 20. i 27. travnja, od 18 do 20 sati Radiona, Nova cesta 186 Na tri radioni\u010dka susreta uranjamo u naslje\u0111e Dugmetare, biv\u0161e tvornice dugmadi na Savskoj cesti koja je po\u010detkom 2000-ih igrom slu\u010daja postala \u017eivo, jedinstveno mjesto glazbene proizvodnje. Svoje su probe\u2026","rel":"","context":"U &quot;Novosti&quot;","block_context":{"text":"Novosti","link":"https:\/\/historiografija.hr\/?cat=3"},"img":{"alt_text":"","src":"https:\/\/i0.wp.com\/historiografija.hr\/wp-content\/uploads\/2026\/04\/TRESNJA_TRESTI.jpg?fit=380%2C475&ssl=1&resize=350%2C200","width":350,"height":200},"classes":[]},{"id":52559,"url":"https:\/\/historiografija.hr\/?p=52559","url_meta":{"origin":27844,"position":5},"title":"Dobitnici dr\u017eavne nagrade za znanost za 2024. godinu","author":"Branimir Jankovi\u0107","date":"20. travnja 2026.","format":false,"excerpt":"Na sjednici Odbora za podjelu dr\u017eavnih nagrada za znanost odr\u017eanoj 16. travnja 2026. godine donesena je Odluka o dodjeli dr\u017eavnih nagrada za znanost za 2024. godinu. Godi\u0161njom nagradom za popularizaciju i promid\u017ebu znanosti nagra\u0111eni su u podru\u010dju humanisti\u010dkih znanosti znanstveni suradnici dr. sc. Josip Mihaljevi\u0107 i dr. sc. Gordan Ravan\u010di\u0107,\u2026","rel":"","context":"U &quot;Novosti&quot;","block_context":{"text":"Novosti","link":"https:\/\/historiografija.hr\/?cat=3"},"img":{"alt_text":"","src":"https:\/\/i0.wp.com\/historiografija.hr\/wp-content\/uploads\/2021\/12\/povijesne-kontroverze.jpg?fit=1200%2C675&ssl=1&resize=350%2C200","width":350,"height":200,"srcset":"https:\/\/i0.wp.com\/historiografija.hr\/wp-content\/uploads\/2021\/12\/povijesne-kontroverze.jpg?fit=1200%2C675&ssl=1&resize=350%2C200 1x, https:\/\/i0.wp.com\/historiografija.hr\/wp-content\/uploads\/2021\/12\/povijesne-kontroverze.jpg?fit=1200%2C675&ssl=1&resize=525%2C300 1.5x, https:\/\/i0.wp.com\/historiografija.hr\/wp-content\/uploads\/2021\/12\/povijesne-kontroverze.jpg?fit=1200%2C675&ssl=1&resize=700%2C400 2x, https:\/\/i0.wp.com\/historiografija.hr\/wp-content\/uploads\/2021\/12\/povijesne-kontroverze.jpg?fit=1200%2C675&ssl=1&resize=1050%2C600 3x"},"classes":[]}],"_links":{"self":[{"href":"https:\/\/historiografija.hr\/index.php?rest_route=\/wp\/v2\/posts\/27844","targetHints":{"allow":["GET"]}}],"collection":[{"href":"https:\/\/historiografija.hr\/index.php?rest_route=\/wp\/v2\/posts"}],"about":[{"href":"https:\/\/historiografija.hr\/index.php?rest_route=\/wp\/v2\/types\/post"}],"author":[{"embeddable":true,"href":"https:\/\/historiografija.hr\/index.php?rest_route=\/wp\/v2\/users\/2"}],"replies":[{"embeddable":true,"href":"https:\/\/historiografija.hr\/index.php?rest_route=%2Fwp%2Fv2%2Fcomments&post=27844"}],"version-history":[{"count":1,"href":"https:\/\/historiografija.hr\/index.php?rest_route=\/wp\/v2\/posts\/27844\/revisions"}],"predecessor-version":[{"id":27845,"href":"https:\/\/historiografija.hr\/index.php?rest_route=\/wp\/v2\/posts\/27844\/revisions\/27845"}],"wp:featuredmedia":[{"embeddable":true,"href":"https:\/\/historiografija.hr\/index.php?rest_route=\/wp\/v2\/media\/16062"}],"wp:attachment":[{"href":"https:\/\/historiografija.hr\/index.php?rest_route=%2Fwp%2Fv2%2Fmedia&parent=27844"}],"wp:term":[{"taxonomy":"category","embeddable":true,"href":"https:\/\/historiografija.hr\/index.php?rest_route=%2Fwp%2Fv2%2Fcategories&post=27844"},{"taxonomy":"post_tag","embeddable":true,"href":"https:\/\/historiografija.hr\/index.php?rest_route=%2Fwp%2Fv2%2Ftags&post=27844"}],"curies":[{"name":"wp","href":"https:\/\/api.w.org\/{rel}","templated":true}]}}