{"id":27836,"date":"2021-10-15T21:38:07","date_gmt":"2021-10-15T21:38:07","guid":{"rendered":"http:\/\/historiografija.hr\/?p=27836"},"modified":"2021-10-15T21:39:13","modified_gmt":"2021-10-15T21:39:13","slug":"milivoj-magdic-u-vucjoj-jami-hrvatska-politika-od-supila-do-tita","status":"publish","type":"post","link":"https:\/\/historiografija.hr\/?p=27836","title":{"rendered":"Milivoj Magdi\u0107, \u201cU vu\u010djoj jami. Hrvatska politika od Supila do Tita\u201d"},"content":{"rendered":"\n<p>Urednik: Stipe Kljai\u0107<\/p>\n\n\n\n<p>Izdava\u010d: Hrvatski institut za povijest<\/p>\n\n\n\n<p>Mjesto izdanja: Zagreb<\/p>\n\n\n\n<p>Godina izdanja: 2021.<\/p>\n\n\n\n<hr class=\"wp-block-separator\"\/>\n\n\n\n<p>Izvor:<\/p>\n\n\n\n<p><a href=\"https:\/\/www.isp.hr\/izasla-iz-tiska-nova-knjiga-u-vucjoj-jami-hrvatska-politika-od-supila-do-tita\/\">https:\/\/www.isp.hr\/izasla-iz-tiska-nova-knjiga-u-vucjoj-jami-hrvatska-politika-od-supila-do-tita\/<\/a><\/p>\n\n\n\n<hr class=\"wp-block-separator\"\/>\n\n\n\n<p><strong>Magdi\u0107, Milivoj,<\/strong> hrvatski publicist (Koprivnica, 22.&nbsp;V.&nbsp;1900 \u2013 Zagreb, 3.&nbsp;III.&nbsp;1948). Diplomirao te doktorirao pravo na Pravnome fakultetu u Zagrebu 1923. Radio u Pakracu, Osijeku i Zagrebu. Bio komunist, po\u010detkom 1930-ih priklonio se socijaldemokraciji, a pod utjecajem staljinisti\u010dkih procesa postao protivnik komunizma i zagovornik hrvatske dr\u017eavne neovisnosti. Za NDH kriti\u010dan prema re\u017eimu, uhi\u0107en i pu\u0161ten. Sura\u0111ivao u <em>Spremnosti.<\/em> U svibnju 1945. izbjegao u Austriju, a potom 1946. u Rim. Godine 1947. savezni\u010dke su ga vlasti uhitile i izru\u010dile Jugoslaviji, gdje je bio osu\u0111en na smrt i pogubljen. Novinarski i publicisti\u010dki rad zapo\u010det 1930-ih u <em>Socijalnoj misli<\/em> razvio je u zna\u010dajan opus: <em>Fa\u0161izam i radni\u010dka klasa<\/em> (1935), <em>Liberalizam i socijalna problematika u Hrvatskoj<\/em> (1940), <em>Intelektualci prema marksizmu i liberalizmu<\/em> (1942), <em>Slu\u010daj Vere Wagnerove<\/em> (1944) i dr. U izbjegli\u0161tvu je zapo\u010deo knjigu <em>U vu\u010djoj jami,<\/em> u kojoj je nastojao objasniti uzroke neuspjeha novije hrvatske politike.<\/p>\n\n\n\n<p>Izvor: <a href=\"https:\/\/www.enciklopedija.hr\/natuknica.aspx?id=37993\">https:\/\/www.enciklopedija.hr\/natuknica.aspx?id=37993<\/a><\/p>\n\n\n\n<hr class=\"wp-block-separator\"\/>\n","protected":false},"excerpt":{"rendered":"","protected":false},"author":2,"featured_media":27837,"comment_status":"open","ping_status":"open","sticky":false,"template":"","format":"standard","meta":{"_acf_changed":false,"jetpack_post_was_ever_published":false,"_jetpack_newsletter_access":"","_jetpack_dont_email_post_to_subs":false,"_jetpack_newsletter_tier_id":0,"_jetpack_memberships_contains_paywalled_content":false,"_jetpack_memberships_contains_paid_content":false,"footnotes":"","jetpack_publicize_message":"","jetpack_publicize_feature_enabled":true,"jetpack_social_post_already_shared":true,"jetpack_social_options":{"image_generator_settings":{"template":"highway","default_image_id":0,"font":"","enabled":false},"version":2}},"categories":[8,3],"tags":[],"class_list":["post-27836","post","type-post","status-publish","format-standard","has-post-thumbnail","hentry","category-knjige","category-novosti"],"acf":{"facebook_opis":""},"jetpack_publicize_connections":[],"jetpack_featured_media_url":"https:\/\/i0.wp.com\/historiografija.hr\/wp-content\/uploads\/2021\/10\/u-vucjoj-jami.jpg?fit=520%2C747&ssl=1","jetpack_sharing_enabled":true,"jetpack-related-posts":[],"_links":{"self":[{"href":"https:\/\/historiografija.hr\/index.php?rest_route=\/wp\/v2\/posts\/27836","targetHints":{"allow":["GET"]}}],"collection":[{"href":"https:\/\/historiografija.hr\/index.php?rest_route=\/wp\/v2\/posts"}],"about":[{"href":"https:\/\/historiografija.hr\/index.php?rest_route=\/wp\/v2\/types\/post"}],"author":[{"embeddable":true,"href":"https:\/\/historiografija.hr\/index.php?rest_route=\/wp\/v2\/users\/2"}],"replies":[{"embeddable":true,"href":"https:\/\/historiografija.hr\/index.php?rest_route=%2Fwp%2Fv2%2Fcomments&post=27836"}],"version-history":[{"count":3,"href":"https:\/\/historiografija.hr\/index.php?rest_route=\/wp\/v2\/posts\/27836\/revisions"}],"predecessor-version":[{"id":27840,"href":"https:\/\/historiografija.hr\/index.php?rest_route=\/wp\/v2\/posts\/27836\/revisions\/27840"}],"wp:featuredmedia":[{"embeddable":true,"href":"https:\/\/historiografija.hr\/index.php?rest_route=\/wp\/v2\/media\/27837"}],"wp:attachment":[{"href":"https:\/\/historiografija.hr\/index.php?rest_route=%2Fwp%2Fv2%2Fmedia&parent=27836"}],"wp:term":[{"taxonomy":"category","embeddable":true,"href":"https:\/\/historiografija.hr\/index.php?rest_route=%2Fwp%2Fv2%2Fcategories&post=27836"},{"taxonomy":"post_tag","embeddable":true,"href":"https:\/\/historiografija.hr\/index.php?rest_route=%2Fwp%2Fv2%2Ftags&post=27836"}],"curies":[{"name":"wp","href":"https:\/\/api.w.org\/{rel}","templated":true}]}}