{"id":27820,"date":"2021-10-13T17:08:39","date_gmt":"2021-10-13T17:08:39","guid":{"rendered":"http:\/\/historiografija.hr\/?p=27820"},"modified":"2021-10-21T08:22:53","modified_gmt":"2021-10-21T08:22:53","slug":"znanstveno-strucni-skup-demokrscanstvo-izvori-postignuca-i-perspektive","status":"publish","type":"post","link":"https:\/\/historiografija.hr\/?p=27820","title":{"rendered":"Znanstveno-stru\u010dni skup \u201cDemokr\u0161\u0107anstvo: izvori, postignu\u0107a i perspektive\u201d"},"content":{"rendered":"\n<p>Nacrt programa<\/p>\n\n\n\n<p>15.10.2021.<\/p>\n\n\n\n<p>9:30 \u2013 Pozdravni govori<br>Prof. dr. sc. \u017deljko Tanji\u0107, rektor Hrvatskog katoli\u010dkog sveu\u010dili\u0161ta<br>Karlo Ressler, zastupnik u Europskom parlamentu<br>Holger Haibach, direktor Ureda zaklade Konrad Adenauer u Hrvatskoj<\/p>\n\n\n\n<p>10:00 \u2013 Izvori, obilje\u017eja i razvoj demokr\u0161\u0107anstva<br>Temeljne ideje i na\u010dela demokr\u0161\u0107anstva \u2013 dr. sc. Jakov \u017di\u017ei\u0107<br>Kr\u0161\u0107anstvo i demokracija \u2013 prof. dr. sc. \u017deljko Tanji\u0107<br>Uloga demokr\u0161\u0107anstva u oblikovanju poslijeratne europske politike i politi\u010dkih institucija \u2013 Davor Ivo Stier, zastupnik u Hrvatskom saboru<\/p>\n\n\n\n<p>11:15 \u2013 Povijesno iskustvo demokr\u0161\u0107anstva u Hrvatskoj<br>Demokr\u0161\u0107anstvo Stjepana Radi\u0107a \u2013 Marijana Petir, zastupnica u Hrvatskom saboru<br>Odnos Katoli\u010dke crkve prema demokr\u0161\u0107anstvu na primjeru Glasa Koncila \u2013 doc. dr. sc. Anto Miki\u0107<br>Transformacija HDZ-a u demokr\u0161\u0107ansku stranku na Drugom op\u0107em saboru 1993. godine \u2013 izv. prof. dr. sc. Ivica Mi\u0161kulin<\/p>\n\n\n\n<p>12:30 \u2013 Ru\u010dak<\/p>\n\n\n\n<p>14:00 \u2013 Demokr\u0161\u0107anstvo pred izazovima drugih ideologija<br>Demokr\u0161\u0107anstvo i socijaldemokracija \u2013 dr. sc. Stjepan Lackovi\u0107<br>Demokr\u0161\u0107anstvo i liberalizam \u2013 doc. dr. sc. Stjepo Bartulica<br>Demokr\u0161\u0107anstvo i populizam \u2013 prof. dr. sc. Berto \u0160alaj<\/p>\n\n\n\n<p>15:15 \u2013 Demokr\u0161\u0107anski akteri i politike<br>Demokr\u0161\u0107anski model politi\u010dke ekonomije i socijalne dr\u017eave \u2013 prof. dr. sc. Zdenko Babi\u0107 i doc. dr. sc. Danijel Baturina<br>Demokr\u0161\u0107anstvo i na\u010delo supsidijarnosti u zdravstvenom pravu i politici Europske unije \u2013 doc. dr. sc. Tomislav Sokol<br>Demokr\u0161\u0107anske stranke i demografska politika: komparativna analiza CDU-a i HDZ-a \u2013 prof. dr. sc. Sebastian Kie\u00dfig i doc. dr. sc. Tado Juri\u0107<\/p>\n\n\n\n<p>16.30 \u2013 Pauza za kavu<\/p>\n\n\n\n<p>17.00 \u2013 Demokr\u0161\u0107anstvo, dr\u017eava i demokracija<br>Demokr\u0161\u0107anstvo i dr\u017eava \u2013 prof. dr. sc. Tihomir Cipek<br>Aktualna eti\u010dka pitanja i izazovi demokracije \u2013 prof. dr. sc. Jerko Valkovi\u0107<br>Budu\u0107nost demokr\u0161\u0107anstva \u2013 Karlo Ressler, zastupnik u Europskom parlamentu<\/p>\n\n\n\n<p>18.00 \u2013 Zaklju\u010dna rasprava<\/p>\n\n\n\n<p>Organizatori:<br>Hrvatsko katoli\u010dko sveu\u010dili\u0161te u Zagrebu<br>Ured zastupnika u Europskom parlamentu Karla Resslera<br>Zaklada Konrad Adenauer<\/p>\n\n\n\n<hr class=\"wp-block-separator\"\/>\n\n\n\n<p>Izvor i dodatne informacije:<\/p>\n\n\n\n<figure class=\"wp-block-embed-wordpress wp-block-embed is-type-wp-embed is-provider-hrvatsko-katolicko-sveuciliste\"><div class=\"wp-block-embed__wrapper\">\n<blockquote class=\"wp-embedded-content\" data-secret=\"zoUDYkBQ2L\"><a href=\"https:\/\/www.unicath.hr\/hks-najave\/znanstveno-strucni-skup-demokrscanstvo-izvori-postignuca-i-perspektive\">Znanstveno \u2013 stru\u010dni skup DEMOKR\u0160\u0106ANSTVO: IZVORI, POSTIGNU\u0106A I PERSPEKTIVE<\/a><\/blockquote><iframe loading=\"lazy\" class=\"wp-embedded-content\" sandbox=\"allow-scripts\" security=\"restricted\" style=\"position: absolute; clip: rect(1px, 1px, 1px, 1px);\" title=\"&#8220;Znanstveno \u2013 stru\u010dni skup DEMOKR\u0160\u0106ANSTVO: IZVORI, POSTIGNU\u0106A I PERSPEKTIVE&#8221; &#8212; Hrvatsko katoli\u010dko sveu\u010dili\u0161te\" src=\"https:\/\/www.unicath.hr\/hks-najave\/znanstveno-strucni-skup-demokrscanstvo-izvori-postignuca-i-perspektive\/embed#?secret=zoUDYkBQ2L\" data-secret=\"zoUDYkBQ2L\" width=\"600\" height=\"338\" frameborder=\"0\" marginwidth=\"0\" marginheight=\"0\" scrolling=\"no\"><\/iframe>\n<\/div><\/figure>\n\n\n\n<hr class=\"wp-block-separator\"\/>\n\n\n\n<figure class=\"wp-block-embed-wordpress wp-block-embed is-type-wp-embed is-provider-hrvatsko-katolicko-sveuciliste\"><div class=\"wp-block-embed__wrapper\">\n<blockquote class=\"wp-embedded-content\" data-secret=\"wuLQfoCDx5\"><a href=\"https:\/\/www.unicath.hr\/odrzan-znanstveno-strucni-skup-demokrscanstvo-izvori-postignuca-i-perspektive\">Odr\u017ean znanstveno \u2013 stru\u010dni skup \u201eDemokr\u0161\u0107anstvo: izvori, postignu\u0107a i perspektive\u201c<\/a><\/blockquote><iframe loading=\"lazy\" class=\"wp-embedded-content\" sandbox=\"allow-scripts\" security=\"restricted\" style=\"position: absolute; clip: rect(1px, 1px, 1px, 1px);\" title=\"&#8220;Odr\u017ean znanstveno \u2013 stru\u010dni skup \u201eDemokr\u0161\u0107anstvo: izvori, postignu\u0107a i perspektive\u201c&#8221; &#8212; Hrvatsko katoli\u010dko sveu\u010dili\u0161te\" src=\"https:\/\/www.unicath.hr\/odrzan-znanstveno-strucni-skup-demokrscanstvo-izvori-postignuca-i-perspektive\/embed#?secret=wuLQfoCDx5\" data-secret=\"wuLQfoCDx5\" width=\"600\" height=\"338\" frameborder=\"0\" marginwidth=\"0\" marginheight=\"0\" scrolling=\"no\"><\/iframe>\n<\/div><\/figure>\n\n\n\n<hr class=\"wp-block-separator\"\/>\n","protected":false},"excerpt":{"rendered":"","protected":false},"author":2,"featured_media":27303,"comment_status":"open","ping_status":"open","sticky":false,"template":"","format":"standard","meta":{"_acf_changed":false,"jetpack_post_was_ever_published":false,"_jetpack_newsletter_access":"","_jetpack_dont_email_post_to_subs":false,"_jetpack_newsletter_tier_id":0,"_jetpack_memberships_contains_paywalled_content":false,"_jetpack_memberships_contains_paid_content":false,"footnotes":"","jetpack_publicize_message":"","jetpack_publicize_feature_enabled":true,"jetpack_social_post_already_shared":true,"jetpack_social_options":{"image_generator_settings":{"template":"highway","default_image_id":0,"font":"","enabled":false},"version":2}},"categories":[3,9],"tags":[],"class_list":["post-27820","post","type-post","status-publish","format-standard","has-post-thumbnail","hentry","category-novosti","category-skupovi"],"acf":{"facebook_opis":""},"jetpack_publicize_connections":[],"jetpack_featured_media_url":"https:\/\/i0.wp.com\/historiografija.hr\/wp-content\/uploads\/2021\/09\/logo-hks-jpg.jpg?fit=457%2C572&ssl=1","jetpack_sharing_enabled":true,"jetpack-related-posts":[],"_links":{"self":[{"href":"https:\/\/historiografija.hr\/index.php?rest_route=\/wp\/v2\/posts\/27820","targetHints":{"allow":["GET"]}}],"collection":[{"href":"https:\/\/historiografija.hr\/index.php?rest_route=\/wp\/v2\/posts"}],"about":[{"href":"https:\/\/historiografija.hr\/index.php?rest_route=\/wp\/v2\/types\/post"}],"author":[{"embeddable":true,"href":"https:\/\/historiografija.hr\/index.php?rest_route=\/wp\/v2\/users\/2"}],"replies":[{"embeddable":true,"href":"https:\/\/historiografija.hr\/index.php?rest_route=%2Fwp%2Fv2%2Fcomments&post=27820"}],"version-history":[{"count":2,"href":"https:\/\/historiografija.hr\/index.php?rest_route=\/wp\/v2\/posts\/27820\/revisions"}],"predecessor-version":[{"id":27927,"href":"https:\/\/historiografija.hr\/index.php?rest_route=\/wp\/v2\/posts\/27820\/revisions\/27927"}],"wp:featuredmedia":[{"embeddable":true,"href":"https:\/\/historiografija.hr\/index.php?rest_route=\/wp\/v2\/media\/27303"}],"wp:attachment":[{"href":"https:\/\/historiografija.hr\/index.php?rest_route=%2Fwp%2Fv2%2Fmedia&parent=27820"}],"wp:term":[{"taxonomy":"category","embeddable":true,"href":"https:\/\/historiografija.hr\/index.php?rest_route=%2Fwp%2Fv2%2Fcategories&post=27820"},{"taxonomy":"post_tag","embeddable":true,"href":"https:\/\/historiografija.hr\/index.php?rest_route=%2Fwp%2Fv2%2Ftags&post=27820"}],"curies":[{"name":"wp","href":"https:\/\/api.w.org\/{rel}","templated":true}]}}